{"id":145580,"date":"2021-12-09T11:00:00","date_gmt":"2021-12-09T10:00:00","guid":{"rendered":"http:\/\/www.tucomarca.com\/wordpress\/segunda\/?p=145580"},"modified":"2021-12-10T22:24:27","modified_gmt":"2021-12-10T21:24:27","slug":"ava-asaja-i-la-diputacio-de-valencia-promocionen-els-aliments-de-proximitat-en-centres-educatius","status":"publish","type":"post","link":"https:\/\/tucomarca.whitekongsoftware.com\/ca\/ava-asaja-i-la-diputacio-de-valencia-promocionen-els-aliments-de-proximitat-en-centres-educatius\/","title":{"rendered":"AVA-Asaja i la Diputaci\u00f3 de Val\u00e8ncia promocionen els aliments de proximitat en centres educatius"},"content":{"rendered":"\n<figure class=\"wp-block-image size-large\"><img decoding=\"async\" src=\"http:\/\/www.tucomarca.com\/wordpress\/segunda\/wp-content\/uploads\/2021\/12\/AVA_colegios1.jpeg\" alt=\"\" class=\"wp-image-145574\"\/><\/figure>\n\n\n\n<p class=\"wp-block-paragraph\">L&#8217;Associaci\u00f3 Valenciana d&#8217;Agricultors (AVA-Asaja) ha dut a terme un projecte, juntament amb la Diputaci\u00f3 de Val\u00e8ncia, sota el lema &#8220;Sabor de la terreta: alimentaci\u00f3 sana i responsable&#8221; en el qual s&#8217;han realitzat sessions formatives en centres educatius de la prov\u00edncia de Val\u00e8ncia sobre nutrici\u00f3 i alimentaci\u00f3 saludable, conscienciaci\u00f3 sobre el consum de productes de temporada i quil\u00f2metre zero, cadenes de producci\u00f3 sostenibles, protecci\u00f3 del medi ambient, promoci\u00f3 de l&#8217;economia local i l&#8217;economia circular i defensa del sector agropecuari valenci\u00e0. A trav\u00e9s d&#8217;aquesta iniciativa, es pret\u00e9n incrementar el consum de fruites entre els menors, i indirectament en les llars, millorant els seus h\u00e0bits alimentosos, alhora que es consciencia sobre la import\u00e0ncia de consumir aliments de qualitat, locals i de proximitat. Aix\u00ed, el projecte est\u00e0 orientat, no sols als alumnes i alumnes, sin\u00f3 tamb\u00e9 a les seues fam\u00edlies i a la comunitat educativa (centres, docents i monitors de menjador).<br>Per a aix\u00f2, s&#8217;han dut a terme xarrades formatives a les aules i s&#8217;han repartit materials formatius dirigits als quatre pilars abans esmentats: a l&#8217;alumnat com a p\u00fablic objectiu principal del programa; a les fam\u00edlies dels xiquets i xiquetes, que s\u00f3n els responsables de la decisi\u00f3 de compra; al professorat, per la seua labor com a educadors; i als monitors de menjador, els qui acompanyen a l&#8217;alumnat en el moment del menjar i ostenten un paper clau a evitar el desaprofitament alimentari. Informa, <strong>Luis Ib\u00e1\u00f1ez.<\/strong><\/p>\n","protected":false},"excerpt":{"rendered":"<div class=\"mh-excerpt\">L&#8217;Associaci\u00f3 Valenciana d&#8217;Agricultors (AVA-Asaja) ha dut a terme un projecte, juntament amb la Diputaci\u00f3 de Val\u00e8ncia, sota el lema &#8220;Sabor de la terreta: alimentaci\u00f3 sana i responsable&#8221; en el qual s&#8217;han realitzat sessions formatives en <a class=\"mh-excerpt-more\" href=\"https:\/\/tucomarca.whitekongsoftware.com\/ca\/ava-asaja-i-la-diputacio-de-valencia-promocionen-els-aliments-de-proximitat-en-centres-educatius\/\" title=\"AVA-Asaja i la Diputaci\u00f3 de Val\u00e8ncia promocionen els aliments de proximitat en centres educatius\">[+] <\/a><\/div>\n","protected":false},"author":12,"featured_media":145577,"comment_status":"open","ping_status":"open","sticky":false,"template":"","format":"standard","meta":{"footnotes":""},"categories":[10905,10894,10904,10909,10896],"tags":[16010,11924,13156,11246],"class_list":["post-145580","post","type-post","status-publish","format-standard","has-post-thumbnail","category-agricultura-la-comarca-ca","category-la-comarca-ca","category-sin-categorizar-ca","category-requena-utiel-ca","category-seccion-ca","tag-alimentacion-sana-y-responsable-ca","tag-ava-asaja-ca","tag-centros-educativos-ca","tag-diputacio-de-valencia-ca"],"_links":{"self":[{"href":"https:\/\/tucomarca.whitekongsoftware.com\/ca\/wp-json\/wp\/v2\/posts\/145580","targetHints":{"allow":["GET"]}}],"collection":[{"href":"https:\/\/tucomarca.whitekongsoftware.com\/ca\/wp-json\/wp\/v2\/posts"}],"about":[{"href":"https:\/\/tucomarca.whitekongsoftware.com\/ca\/wp-json\/wp\/v2\/types\/post"}],"author":[{"embeddable":true,"href":"https:\/\/tucomarca.whitekongsoftware.com\/ca\/wp-json\/wp\/v2\/users\/12"}],"replies":[{"embeddable":true,"href":"https:\/\/tucomarca.whitekongsoftware.com\/ca\/wp-json\/wp\/v2\/comments?post=145580"}],"version-history":[{"count":0,"href":"https:\/\/tucomarca.whitekongsoftware.com\/ca\/wp-json\/wp\/v2\/posts\/145580\/revisions"}],"wp:featuredmedia":[{"embeddable":true,"href":"https:\/\/tucomarca.whitekongsoftware.com\/ca\/wp-json\/wp\/v2\/media\/145577"}],"wp:attachment":[{"href":"https:\/\/tucomarca.whitekongsoftware.com\/ca\/wp-json\/wp\/v2\/media?parent=145580"}],"wp:term":[{"taxonomy":"category","embeddable":true,"href":"https:\/\/tucomarca.whitekongsoftware.com\/ca\/wp-json\/wp\/v2\/categories?post=145580"},{"taxonomy":"post_tag","embeddable":true,"href":"https:\/\/tucomarca.whitekongsoftware.com\/ca\/wp-json\/wp\/v2\/tags?post=145580"}],"curies":[{"name":"wp","href":"https:\/\/api.w.org\/{rel}","templated":true}]}}