{"id":145319,"date":"2021-12-02T14:00:00","date_gmt":"2021-12-02T13:00:00","guid":{"rendered":"http:\/\/www.tucomarca.com\/wordpress\/segunda\/?p=145319"},"modified":"2021-12-02T20:28:07","modified_gmt":"2021-12-02T19:28:07","slug":"el-partit-de-requena-i-llogarets-denuncia-el-mal-estat-del-cami-natural-turia-cabriol-al-seu-pas-per-requena","status":"publish","type":"post","link":"https:\/\/tucomarca.whitekongsoftware.com\/ca\/el-partit-de-requena-i-llogarets-denuncia-el-mal-estat-del-cami-natural-turia-cabriol-al-seu-pas-per-requena\/","title":{"rendered":"El Partit de Requena i Llogarets denuncia el mal estat del cam\u00ed natural T\u00faria-Cabriol al seu pas per Requena"},"content":{"rendered":"\n<p class=\"wp-block-paragraph\">Amb els seus m\u00e9s de 121 km de recorregut, el&nbsp;<strong>Cam\u00ed Natural T\u00faria \u2013 Cabriol&nbsp;<\/strong>aconsegueix unir dos dels rius m\u00e9s importants de la prov\u00edncia de Val\u00e8ncia: el T\u00faria i el Cabriol.&nbsp;<strong>Aquests camins naturals s\u00f3n marcats pel Ministeri d&#8217;Agricultura<\/strong>&nbsp;i est\u00e1ndedicados a usos senderistes, ciclistes i eq\u00fcestres i permeten l&#8217;acostament de la poblaci\u00f3 al medi natural,&nbsp;<strong>promovent el coneixement de la naturalesa i els paisatges<\/strong>, aix\u00ed com el desenvolupament rural.<\/p>\n\n\n\n<p class=\"wp-block-paragraph\">En l&#8217;\u00fanic&nbsp;<strong>d&#8217;aquests camins que passa pel municipi de Requena<\/strong>, el cam\u00ed natural T\u00faria &#8211; Cabriol, infinitat de paratges i paisatges destaquen entremesclats amb el llegat cultural que es troba al seu pas. Dins del municipi de Requena es poden contemplar les extensions de vinyes i l&#8217;impressionant<strong>&nbsp;conjunt hist\u00f2ric-monumental de la ciutat, aix\u00ed com&nbsp; la torre del tel\u00e8graf,<\/strong>&nbsp;per posar nom\u00e9s un exemple.&nbsp;<\/p>\n\n\n\n<p class=\"wp-block-paragraph\">El problema ve amb el que des del&nbsp;<strong>PRyA<\/strong>&nbsp;&#8220;portem denunciant des de fa anys,&nbsp;<strong>el mal estat dels nostres camins.<\/strong>&nbsp;Les vies agr\u00e0ries que discorren al pas per Requena i que formen part del cam\u00ed natural T\u00faria- Cabriol es troben en un estat lamentable i de dif\u00edcil pas pels usuaris d&#8217;aquesta via, sobretot al seu pas per la zona del&nbsp;<strong>Rebollar&#8221; afirmen des de la formaci\u00f3 pol\u00edtica d&#8217;\u00e0mbit municipal.&nbsp;<\/strong><\/p>\n\n\n\n<p class=\"wp-block-paragraph\">Des del&nbsp;<strong>PRyA<\/strong>&nbsp;tornen a sol\u00b7licitar, una vegada m\u00e9s, &#8220;l&#8217;adequaci\u00f3 dels camins del nostre municipi.&nbsp;<strong>El govern socialista&nbsp; municipal ha de reaccionar d&#8217;una vegada per sempre<\/strong>&nbsp;i traure&#8217;ns de la par\u00e0lisi en la qual ens t\u00e9 sumits quant a la reparaci\u00f3 dels nostres camins&#8221; manifesten les fonts.&nbsp;<\/p>\n\n\n\n<p class=\"wp-block-paragraph\">En opini\u00f3 del PR i A, alcalde socialista de Requena,&nbsp;<strong>Mario S\u00e1nchez, &#8220;ha d&#8217;agafar les regnes d&#8217;una vegada per sempre&nbsp;<\/strong>i comen\u00e7ar a fer les labors de reparaci\u00f3 i manteniment de tots els camins del municipi,&nbsp;<strong>aportant el material i la maquin\u00e0ria<\/strong>necess\u00e0ria&#8221;.<\/p>\n\n\n\n<p class=\"wp-block-paragraph\">Per al&nbsp;<strong>PRyA<\/strong>&nbsp;&#8220;la reparaci\u00f3 i el manteniment de tots els camins del municipi s\u00f3n una prioritat i&nbsp;<strong>el continuarem reivindicant<\/strong>&nbsp;on siga necessari&#8221;.&nbsp;Informa,&nbsp;<strong>Luis Ib\u00e1\u00f1ez.<\/strong><\/p>\n\n\n\n<p class=\"wp-block-paragraph\"><\/p>\n","protected":false},"excerpt":{"rendered":"<div class=\"mh-excerpt\">Amb els seus m\u00e9s de 121 km de recorregut, el&nbsp;Cam\u00ed Natural T\u00faria \u2013 Cabriol&nbsp;aconsegueix unir dos dels rius m\u00e9s importants de la prov\u00edncia de Val\u00e8ncia: el T\u00faria i el Cabriol.&nbsp;Aquests camins naturals s\u00f3n marcats pel <a class=\"mh-excerpt-more\" href=\"https:\/\/tucomarca.whitekongsoftware.com\/ca\/el-partit-de-requena-i-llogarets-denuncia-el-mal-estat-del-cami-natural-turia-cabriol-al-seu-pas-per-requena\/\" title=\"El Partit de Requena i Llogarets denuncia el mal estat del cam\u00ed natural T\u00faria-Cabriol al seu pas per Requena\">[+] <\/a><\/div>\n","protected":false},"author":1,"featured_media":145286,"comment_status":"open","ping_status":"open","sticky":false,"template":"","format":"standard","meta":{"footnotes":""},"categories":[10948,10894,10947,10908,10909,10896],"tags":[15981,11531,12796,10910],"class_list":["post-145319","post","type-post","status-publish","format-standard","has-post-thumbnail","category-infraestructuras-ca","category-la-comarca-ca","category-politica","category-requena-ca","category-requena-utiel-ca","category-seccion-ca","tag-camino-natural-turia-cabriel-ca","tag-partido-de-requena-y-aldeas-ca","tag-prya-ca","tag-requena-utiel-ca"],"_links":{"self":[{"href":"https:\/\/tucomarca.whitekongsoftware.com\/ca\/wp-json\/wp\/v2\/posts\/145319","targetHints":{"allow":["GET"]}}],"collection":[{"href":"https:\/\/tucomarca.whitekongsoftware.com\/ca\/wp-json\/wp\/v2\/posts"}],"about":[{"href":"https:\/\/tucomarca.whitekongsoftware.com\/ca\/wp-json\/wp\/v2\/types\/post"}],"author":[{"embeddable":true,"href":"https:\/\/tucomarca.whitekongsoftware.com\/ca\/wp-json\/wp\/v2\/users\/1"}],"replies":[{"embeddable":true,"href":"https:\/\/tucomarca.whitekongsoftware.com\/ca\/wp-json\/wp\/v2\/comments?post=145319"}],"version-history":[{"count":0,"href":"https:\/\/tucomarca.whitekongsoftware.com\/ca\/wp-json\/wp\/v2\/posts\/145319\/revisions"}],"wp:featuredmedia":[{"embeddable":true,"href":"https:\/\/tucomarca.whitekongsoftware.com\/ca\/wp-json\/wp\/v2\/media\/145286"}],"wp:attachment":[{"href":"https:\/\/tucomarca.whitekongsoftware.com\/ca\/wp-json\/wp\/v2\/media?parent=145319"}],"wp:term":[{"taxonomy":"category","embeddable":true,"href":"https:\/\/tucomarca.whitekongsoftware.com\/ca\/wp-json\/wp\/v2\/categories?post=145319"},{"taxonomy":"post_tag","embeddable":true,"href":"https:\/\/tucomarca.whitekongsoftware.com\/ca\/wp-json\/wp\/v2\/tags?post=145319"}],"curies":[{"name":"wp","href":"https:\/\/api.w.org\/{rel}","templated":true}]}}