{"id":145298,"date":"2021-12-02T11:00:00","date_gmt":"2021-12-02T10:00:00","guid":{"rendered":"http:\/\/www.tucomarca.com\/wordpress\/segunda\/?p=145298"},"modified":"2021-12-02T20:14:12","modified_gmt":"2021-12-02T19:14:12","slug":"la-unitat-de-violencia-de-genere-de-bunyol-es-presenta-amb-defensa-personal-femenina-i-xarrades-informatives-sobre-violencia-cap-a-les-dones","status":"publish","type":"post","link":"https:\/\/tucomarca.whitekongsoftware.com\/ca\/la-unitat-de-violencia-de-genere-de-bunyol-es-presenta-amb-defensa-personal-femenina-i-xarrades-informatives-sobre-violencia-cap-a-les-dones\/","title":{"rendered":"La Unitat de Viol\u00e8ncia de G\u00e8nere de Bunyol es presenta amb defensa personal femenina i xarrades informatives sobre viol\u00e8ncia cap a les dones"},"content":{"rendered":"\n<h4 class=\"wp-block-heading\">Fa un any va ser creada aquesta unitat per part de la Policia Local de Bu\u00f1ol. Una iniciativa de la qual Mar\u00eda Vall\u00e9s, regidora d&#8217;Interior, s&#8217;ha mostrat molt satisfeta pel treball que realitza di\u00e0riament l&#8217;agent de Policia Local que la dirigeix, Noelia Tamarit, molt formada en aquest assumpte per a donar una excel\u00b7lent atenci\u00f3 a les v\u00edctimes.<\/h4>\n\n\n\n<p class=\"wp-block-paragraph\">Amb motiu del 25N, entre les activitats organitzades per les regidories d&#8217;Igualtat, Benestar Social i Educaci\u00f3, juntament amb la d&#8217;Interior i Policia Local, la Unitat de Viol\u00e8ncia de G\u00e8nere de la Policia Local de Bu\u00f1ol ha realitzat un curs de defensa personal femenina, impartit per Antonio Mu\u00f1oz, oficial Cap de la Policia Local de Bu\u00f1ol i Noelia Tamarit, agent de la Policia Local. A m\u00e9s, en el mateix enclavament es van desenvolupar unes xarrades informatives per part de la citada unitat, els ponents de la qual van ser: Antonio Mu\u00f1oz, oficial Cap de la Policia Local de Bu\u00f1ol; Noelia Tamarit, agent de Policia Local de Bu\u00f1ol i responsable de la Unitat de Viol\u00e8ncia de G\u00e8nere; \u00c1ngeles Albarca, advocada del torn d&#8217;ofici especialitzada en Viol\u00e8ncia de G\u00e8nere; \u00c1ngela Merino, psic\u00f2loga del Centre de la Dona Rural, i Miriam Tudela, treballadora social del Centre de la Dona Rural.&nbsp;<\/p>\n\n\n\n<p class=\"wp-block-paragraph\">Antonio Mu\u00f1oz, oficial Cap de Policia Local de Bu\u00f1ol, recorda que fa un any es va crear aquesta Unitat amb el prop\u00f2sit d&#8217;oferir un servei personal i pr\u00f2xim a qualsevol v\u00edctima de maltractament f\u00edsic, psicol\u00f2gic, i en qualsevol ambient com en el treball, ab\u00fas sexual o en l&#8217;\u00e0mbit educatiu. \u201cSegons un conveni que estem ultimant, la Policia Local es far\u00e0 c\u00e0rrec de v\u00edctimes de risc&nbsp;<em>no benvolgut i\/o baix<\/em>. Les v\u00edctimes catalogades de major risc s\u00f3n compet\u00e8ncia de Gu\u00e0rdia Civil, per\u00f2 en qualsevol cas atenem a totes les dones que el necessiten. Estem en la reguarda de la Policia Local per a escoltar-les i assessorar-les en tot. Desgraciadament s\u00ed hem detectat que cada vegada comptem amb m\u00e9s v\u00edctimes molt joves i \u00e9s una cosa que hem de revertir tota la societat en unitat. Tinc esperan\u00e7a que puguem aconseguir-ho\u201d.<\/p>\n\n\n\n<p class=\"wp-block-paragraph\">Mar\u00eda Vall\u00e9s, regidora d&#8217;Interior de l&#8217;Ajuntament de Bu\u00f1ol, est\u00e0 profundament satisfeta amb el treball que des del cos s&#8217;est\u00e0 realitzant en aquest assumpte, i sobretot el treball ingent de Noelia Tamarit, que des del principi s&#8217;est\u00e0 formant molt i sempre proposant activitats o xarrades per a conscienciar a la societat sobre aquest problema i de l&#8217;atenci\u00f3 personalitzada que ofereix aquesta unitat\u201d.<\/p>\n\n\n\n<p class=\"wp-block-paragraph\"><\/p>\n","protected":false},"excerpt":{"rendered":"<div class=\"mh-excerpt\">Fa un any va ser creada aquesta unitat per part de la Policia Local de Bu\u00f1ol. Una iniciativa de la qual Mar\u00eda Vall\u00e9s, regidora d&#8217;Interior, s&#8217;ha mostrat molt satisfeta pel treball que realitza di\u00e0riament l&#8217;agent <a class=\"mh-excerpt-more\" href=\"https:\/\/tucomarca.whitekongsoftware.com\/ca\/la-unitat-de-violencia-de-genere-de-bunyol-es-presenta-amb-defensa-personal-femenina-i-xarrades-informatives-sobre-violencia-cap-a-les-dones\/\" title=\"La Unitat de Viol\u00e8ncia de G\u00e8nere de Bunyol es presenta amb defensa personal femenina i xarrades informatives sobre viol\u00e8ncia cap a les dones\">[+] <\/a><\/div>\n","protected":false},"author":12,"featured_media":145297,"comment_status":"open","ping_status":"open","sticky":false,"template":"","format":"standard","meta":{"footnotes":""},"categories":[10911,10948,10894,10912,10896,10897],"tags":[10913,10914,13500,15974],"class_list":["post-145298","post","type-post","status-publish","format-standard","has-post-thumbnail","category-bunol-ca","category-infraestructuras-ca","category-la-comarca-ca","category-la-hoya-ca","category-seccion-ca","category-sucesos-la-comarca-ca","tag-bunol-ca","tag-la-hoya-de-bunol-chiva-ca","tag-policia-local-2-ca","tag-unidad-de-violencia-de-genero-ca"],"_links":{"self":[{"href":"https:\/\/tucomarca.whitekongsoftware.com\/ca\/wp-json\/wp\/v2\/posts\/145298","targetHints":{"allow":["GET"]}}],"collection":[{"href":"https:\/\/tucomarca.whitekongsoftware.com\/ca\/wp-json\/wp\/v2\/posts"}],"about":[{"href":"https:\/\/tucomarca.whitekongsoftware.com\/ca\/wp-json\/wp\/v2\/types\/post"}],"author":[{"embeddable":true,"href":"https:\/\/tucomarca.whitekongsoftware.com\/ca\/wp-json\/wp\/v2\/users\/12"}],"replies":[{"embeddable":true,"href":"https:\/\/tucomarca.whitekongsoftware.com\/ca\/wp-json\/wp\/v2\/comments?post=145298"}],"version-history":[{"count":0,"href":"https:\/\/tucomarca.whitekongsoftware.com\/ca\/wp-json\/wp\/v2\/posts\/145298\/revisions"}],"wp:featuredmedia":[{"embeddable":true,"href":"https:\/\/tucomarca.whitekongsoftware.com\/ca\/wp-json\/wp\/v2\/media\/145297"}],"wp:attachment":[{"href":"https:\/\/tucomarca.whitekongsoftware.com\/ca\/wp-json\/wp\/v2\/media?parent=145298"}],"wp:term":[{"taxonomy":"category","embeddable":true,"href":"https:\/\/tucomarca.whitekongsoftware.com\/ca\/wp-json\/wp\/v2\/categories?post=145298"},{"taxonomy":"post_tag","embeddable":true,"href":"https:\/\/tucomarca.whitekongsoftware.com\/ca\/wp-json\/wp\/v2\/tags?post=145298"}],"curies":[{"name":"wp","href":"https:\/\/api.w.org\/{rel}","templated":true}]}}