{"id":144804,"date":"2021-11-23T17:22:00","date_gmt":"2021-11-23T16:22:00","guid":{"rendered":"http:\/\/www.tucomarca.com\/wordpress\/segunda\/?p=144804"},"modified":"2021-11-24T23:16:21","modified_gmt":"2021-11-24T22:16:21","slug":"el-temporal-arriba-amb-escassa-forca-a-requena-utiel","status":"publish","type":"post","link":"https:\/\/tucomarca.whitekongsoftware.com\/ca\/el-temporal-arriba-amb-escassa-forca-a-requena-utiel\/","title":{"rendered":"El temporal arriba amb escassa for\u00e7a a Requena-Utiel"},"content":{"rendered":"\n<p class=\"wp-block-paragraph\">La comarca Requena-Utiel ha registrat des de les 17 hores del passat 18 de novembre, fins a la matinada del dimarts 23, una quantitat mitjana d&#8217;aigua de pluja de tan sols 15 litres per metre quadrat, enfront de les grans quantitats que s&#8217;han recollit en poblacions pr\u00f2ximes al litoral, on en alguns casos s&#8217;han superat els 100 litres per metre quadrat. Fins al moment, la comarca registra un d\u00e8ficit pluviom\u00e8tric aquesta tardor i per tant, \u00e9s necessari que continue plovent per a mitigar-lo.<br>Sobretot fa falta que ploga m\u00e9s perqu\u00e8 es produ\u00efsca la rec\u00e0rrega dels aq\u00fc\u00edfers. Informa, <strong>Luis Ib\u00e1\u00f1ez<\/strong>.<\/p>\n\n\n\n<p class=\"wp-block-paragraph\"><\/p>\n","protected":false},"excerpt":{"rendered":"<div class=\"mh-excerpt\">La comarca Requena-Utiel ha registrat des de les 17 hores del passat 18 de novembre, fins a la matinada del dimarts 23, una quantitat mitjana d&#8217;aigua de pluja de tan sols 15 litres per metre <a class=\"mh-excerpt-more\" href=\"https:\/\/tucomarca.whitekongsoftware.com\/ca\/el-temporal-arriba-amb-escassa-forca-a-requena-utiel\/\" title=\"El temporal arriba amb escassa for\u00e7a a Requena-Utiel\">[+] <\/a><\/div>\n","protected":false},"author":12,"featured_media":144802,"comment_status":"open","ping_status":"open","sticky":false,"template":"","format":"standard","meta":{"footnotes":""},"categories":[10905,10894,10903,10908,10909,10896,11059],"tags":[10910,15925],"class_list":["post-144804","post","type-post","status-publish","format-standard","has-post-thumbnail","category-agricultura-la-comarca-ca","category-la-comarca-ca","category-medio-ambiente-la-comarca-ca","category-requena-ca","category-requena-utiel-ca","category-seccion-ca","category-utiel-ca","tag-requena-utiel-ca","tag-temporal-de-lluvia-ca"],"_links":{"self":[{"href":"https:\/\/tucomarca.whitekongsoftware.com\/ca\/wp-json\/wp\/v2\/posts\/144804","targetHints":{"allow":["GET"]}}],"collection":[{"href":"https:\/\/tucomarca.whitekongsoftware.com\/ca\/wp-json\/wp\/v2\/posts"}],"about":[{"href":"https:\/\/tucomarca.whitekongsoftware.com\/ca\/wp-json\/wp\/v2\/types\/post"}],"author":[{"embeddable":true,"href":"https:\/\/tucomarca.whitekongsoftware.com\/ca\/wp-json\/wp\/v2\/users\/12"}],"replies":[{"embeddable":true,"href":"https:\/\/tucomarca.whitekongsoftware.com\/ca\/wp-json\/wp\/v2\/comments?post=144804"}],"version-history":[{"count":0,"href":"https:\/\/tucomarca.whitekongsoftware.com\/ca\/wp-json\/wp\/v2\/posts\/144804\/revisions"}],"wp:featuredmedia":[{"embeddable":true,"href":"https:\/\/tucomarca.whitekongsoftware.com\/ca\/wp-json\/wp\/v2\/media\/144802"}],"wp:attachment":[{"href":"https:\/\/tucomarca.whitekongsoftware.com\/ca\/wp-json\/wp\/v2\/media?parent=144804"}],"wp:term":[{"taxonomy":"category","embeddable":true,"href":"https:\/\/tucomarca.whitekongsoftware.com\/ca\/wp-json\/wp\/v2\/categories?post=144804"},{"taxonomy":"post_tag","embeddable":true,"href":"https:\/\/tucomarca.whitekongsoftware.com\/ca\/wp-json\/wp\/v2\/tags?post=144804"}],"curies":[{"name":"wp","href":"https:\/\/api.w.org\/{rel}","templated":true}]}}