{"id":144767,"date":"2021-11-24T10:00:00","date_gmt":"2021-11-24T09:00:00","guid":{"rendered":"http:\/\/www.tucomarca.com\/wordpress\/segunda\/?p=144767"},"modified":"2021-11-24T21:23:32","modified_gmt":"2021-11-24T20:23:32","slug":"alboraig-commemora-el-dia-internacional-de-leliminacio-de-la-violencia-contra-la-dona-amb-activitats-per-a-tota-la-ciutadania","status":"publish","type":"post","link":"https:\/\/tucomarca.whitekongsoftware.com\/ca\/alboraig-commemora-el-dia-internacional-de-leliminacio-de-la-violencia-contra-la-dona-amb-activitats-per-a-tota-la-ciutadania\/","title":{"rendered":"Alboraig commemora el Dia internacional de l&#8217;eliminaci\u00f3 de la viol\u00e8ncia contra la dona amb activitats per a tota la ciutadania"},"content":{"rendered":"\n<p class=\"wp-block-paragraph\">El 25 de novembre \u00e9s el Dia&nbsp;Internacional de l&#8217;Eliminaci\u00f3 de la Viol\u00e8ncia contra la Dona.&nbsp;L&#8217;Ajuntament d&#8217;Alborache, a trav\u00e9s de la Regidoria d&#8217;Igualtat, ha organitzat una s\u00e8rie d&#8217;actes durant la setmana amb dos objectius:&nbsp;visibilitzar&nbsp;l&#8217;exist\u00e8ncia d&#8217;aquest problema en la nostra societat i&nbsp;sensibilitzar&nbsp;sobre la import\u00e0ncia de la lluita conjunta i solid\u00e0ria per a erradicar la viol\u00e8ncia contra les dones.<br>Precisament, per a visibilitzar l&#8217;exist\u00e8ncia de la viol\u00e8ncia contra les dones l&#8217;Ajuntament ha penjat una pancarta en la fa\u00e7ana que ser\u00e0 present durant tota la setmana i ha pintat diversos bancs de violeta, el color que simbolitza aquesta lluita i el seu comprom\u00eds.&nbsp;<br>Les activitats del 25 N a Alborache comencen el dimecres 24 de novembre en el Col\u00b7legi P\u00fablic Miguel Servet, amb el taller \u201cCreaci\u00f3 d&#8217;instruments reciclats: cuidem el planeta amb molt de ritme&#8221;, a c\u00e0rrec de Tiakat\u00fa Satukamba i a les 12.00 recorrer\u00e0 el poble una batucada contra la viol\u00e8ncia de g\u00e8nere.<br>El dijous 25 de novembre, a les 18.00 hores, Mar\u00eda Francisca Peris Villagrasa, Jutgessa del Jutjat de Primera Inst\u00e0ncia i Instrucci\u00f3 n\u00famero 2 de X\u00e1tiva, amb compet\u00e8ncia en mat\u00e8ria de viol\u00e8ncia sobre la dona, ofereix la conferencia &#8220;Viol\u00e8ncia de g\u00e8nere en l&#8217;\u00e0mbit judicial i atenci\u00f3 a les v\u00edctimes&#8221; en la Sala d&#8217;actes de l&#8217;Ajuntament.<br>El dissabte 27 de novembre acaben els actes amb el taller El masclisme en la m\u00fasica. Qu\u00e8 amaguen les can\u00e7ons que escoltem?, a c\u00e0rrec de Tiakat\u00fa Satukamba, a les 11.30 hores en el Centre Social (Avinguda de la M\u00fasica, 68).<br>Vicente Darder, Regidor d&#8217;Igualtat, recorda la necessitat de \u201ccontinuar visibilitzant el 25 de novembre perqu\u00e8 continua existint la viol\u00e8ncia contra la dona. Gr\u00e0cies a l&#8217;adhesi\u00f3 d&#8217;Alborache a la Xarxa de Municipis Protegits contra la viol\u00e8ncia de g\u00e8nere&nbsp;de la prov\u00edncia de Val\u00e8ncia tenim recursos per a vetlar per la prevenci\u00f3, detecci\u00f3 i erradicaci\u00f3 de la viol\u00e8ncia contra les dones al nostre poble. Volem deixar-los clar que \u00e9s una lluita de tots i totes i que compten amb el nostre suport i el nostre comprom\u00eds\u201d.<\/p>\n\n\n\n<p class=\"wp-block-paragraph\"><\/p>\n","protected":false},"excerpt":{"rendered":"<div class=\"mh-excerpt\">El 25 de novembre \u00e9s el Dia&nbsp;Internacional de l&#8217;Eliminaci\u00f3 de la Viol\u00e8ncia contra la Dona.&nbsp;L&#8217;Ajuntament d&#8217;Alborache, a trav\u00e9s de la Regidoria d&#8217;Igualtat, ha organitzat una s\u00e8rie d&#8217;actes durant la setmana amb dos objectius:&nbsp;visibilitzar&nbsp;l&#8217;exist\u00e8ncia d&#8217;aquest problema <a class=\"mh-excerpt-more\" href=\"https:\/\/tucomarca.whitekongsoftware.com\/ca\/alboraig-commemora-el-dia-internacional-de-leliminacio-de-la-violencia-contra-la-dona-amb-activitats-per-a-tota-la-ciutadania\/\" title=\"Alboraig commemora el Dia internacional de l&#8217;eliminaci\u00f3 de la viol\u00e8ncia contra la dona amb activitats per a tota la ciutadania\">[+] <\/a><\/div>\n","protected":false},"author":12,"featured_media":144765,"comment_status":"open","ping_status":"open","sticky":false,"template":"","format":"standard","meta":{"footnotes":""},"categories":[11019,10973,10948,10894,10912,10947,10896],"tags":[13087,11224,10914,11629],"class_list":["post-144767","post","type-post","status-publish","format-standard","has-post-thumbnail","category-agenda-ca","category-alborache-ca","category-infraestructuras-ca","category-la-comarca-ca","category-la-hoya-ca","category-politica","category-seccion-ca","tag-25n-ca","tag-alborache-ca","tag-la-hoya-de-bunol-chiva-ca","tag-violencia-de-genero-ca"],"_links":{"self":[{"href":"https:\/\/tucomarca.whitekongsoftware.com\/ca\/wp-json\/wp\/v2\/posts\/144767","targetHints":{"allow":["GET"]}}],"collection":[{"href":"https:\/\/tucomarca.whitekongsoftware.com\/ca\/wp-json\/wp\/v2\/posts"}],"about":[{"href":"https:\/\/tucomarca.whitekongsoftware.com\/ca\/wp-json\/wp\/v2\/types\/post"}],"author":[{"embeddable":true,"href":"https:\/\/tucomarca.whitekongsoftware.com\/ca\/wp-json\/wp\/v2\/users\/12"}],"replies":[{"embeddable":true,"href":"https:\/\/tucomarca.whitekongsoftware.com\/ca\/wp-json\/wp\/v2\/comments?post=144767"}],"version-history":[{"count":0,"href":"https:\/\/tucomarca.whitekongsoftware.com\/ca\/wp-json\/wp\/v2\/posts\/144767\/revisions"}],"wp:featuredmedia":[{"embeddable":true,"href":"https:\/\/tucomarca.whitekongsoftware.com\/ca\/wp-json\/wp\/v2\/media\/144765"}],"wp:attachment":[{"href":"https:\/\/tucomarca.whitekongsoftware.com\/ca\/wp-json\/wp\/v2\/media?parent=144767"}],"wp:term":[{"taxonomy":"category","embeddable":true,"href":"https:\/\/tucomarca.whitekongsoftware.com\/ca\/wp-json\/wp\/v2\/categories?post=144767"},{"taxonomy":"post_tag","embeddable":true,"href":"https:\/\/tucomarca.whitekongsoftware.com\/ca\/wp-json\/wp\/v2\/tags?post=144767"}],"curies":[{"name":"wp","href":"https:\/\/api.w.org\/{rel}","templated":true}]}}