{"id":144529,"date":"2021-11-22T20:05:00","date_gmt":"2021-11-22T19:05:00","guid":{"rendered":"http:\/\/www.tucomarca.com\/wordpress\/segunda\/?p=144529"},"modified":"2021-11-23T11:16:01","modified_gmt":"2021-11-23T10:16:01","slug":"lajuntament-de-bunyol-organitza-els-actes-pel-25n-dia-internacional-contra-la-violencia-de-genere-amb-el-lema-aixo-no-es-amor","status":"publish","type":"post","link":"https:\/\/tucomarca.whitekongsoftware.com\/ca\/lajuntament-de-bunyol-organitza-els-actes-pel-25n-dia-internacional-contra-la-violencia-de-genere-amb-el-lema-aixo-no-es-amor\/","title":{"rendered":"Video: L&#8217;Ajuntament de Bunyol organitza els actes pel 25N, Dia Internacional contra la viol\u00e8ncia de g\u00e8nere, amb el lema &#8220;Aix\u00f2 no \u00e9s amor&#8221;"},"content":{"rendered":"\n<h4 class=\"wp-block-heading\">Les Regidories d&#8217;Igualtat, Educaci\u00f3, Interior i Benestar Social participen activament en un conjunt d&#8217;actes on els joves i la visibilitzaci\u00f3 d&#8217;aquesta viol\u00e8ncia amb xarrades i cursos de defensa personal, sense oblidar teatre i concentraci\u00f3 protesta resum els actes d&#8217;aquesta setmana a Bunyol.&nbsp;<\/h4>\n\n\n\n<figure class=\"wp-block-image size-large\"><img loading=\"lazy\" decoding=\"async\" width=\"722\" height=\"1024\" src=\"http:\/\/www.tucomarca.com\/wordpress\/segunda\/wp-content\/uploads\/2021\/11\/Igualdad25N_B-722x1024.jpg\" alt=\"\" class=\"wp-image-144526\" srcset=\"https:\/\/tucomarca.whitekongsoftware.com\/wp-content\/uploads\/2021\/11\/Igualdad25N_B-722x1024.jpg 722w, https:\/\/tucomarca.whitekongsoftware.com\/wp-content\/uploads\/2021\/11\/Igualdad25N_B-211x300.jpg 211w, https:\/\/tucomarca.whitekongsoftware.com\/wp-content\/uploads\/2021\/11\/Igualdad25N_B-768x1090.jpg 768w, https:\/\/tucomarca.whitekongsoftware.com\/wp-content\/uploads\/2021\/11\/Igualdad25N_B-1082x1536.jpg 1082w, https:\/\/tucomarca.whitekongsoftware.com\/wp-content\/uploads\/2021\/11\/Igualdad25N_B.jpg 1181w\" sizes=\"auto, (max-width: 722px) 100vw, 722px\" \/><\/figure>\n\n\n\n<p class=\"wp-block-paragraph\">L&#8217;Ajuntament de Bunyol organitza aquesta setmana un conjunt d&#8217;actes pel 25N Dia Internacional contra la viol\u00e8ncia de g\u00e8nere. A trav\u00e9s de les Regidoria d&#8217;Igualtat, Educaci\u00f3, Interior i Benestar Social, al costat de la Policia Local i el Moviment Democr\u00e0tic de Dones, han organitzat un conjunt d&#8217;actes que pretenen visibilitzar un any m\u00e9s aquesta xacra social que pateixen les dones.<\/p>\n\n\n\n<p class=\"wp-block-paragraph\">A partir de hui pintura en alguns passos de zebra de frases relacionades amb el25N, propostes per l&#8217;alumnat de l&#8217;IES Foia de Bu\u00f1ol. Aquesta vesprada, enregistrament del col\u00b7loqui a c\u00e0rrec del Moviment Democr\u00e0tic de dones. En ell participaran Sandra Corach\u00e1n, regidora d&#8217;Igualtat; Noelia Tamarit, responsable de la Unitat de Viol\u00e8ncia de G\u00e8nere i agent de la Policia Local; i una representaci\u00f3 del Centre Dona Rural.<\/p>\n\n\n\n<p class=\"wp-block-paragraph\">El dimecres 24 de novembre, a la Sala El Mercat, de 16.30 a 20h, curs de defensa personal femenina, impartit per Antonio Mu\u00f1oz, oficial cap de la Policia Local de Bu\u00f1ol i Noelia Tamarit, agent de la Policia Local. El dijous, 25 de Novembre, Dia Internacional de la Viol\u00e8ncia de G\u00e8nere, a les 12h, Tramant Teatre, presenta \u201cLa d\u00f3na m\u00e9s important de la hist\u00f2ria\u201d, dins de la Campanya Escolar de Teatre en Valenci\u00e0. Acte organitzat per la Regidoria d&#8217;Educaci\u00f3. A la vesprada, de 16 a 19h a la Sala El mercat xarrades informatives per part de la Unitat de Viol\u00e8ncia de G\u00e8nere de la Policia Local de Bu\u00f1ol, els ponents de la qual seran: Antonio Mu\u00f1oz, oficial Cap de la Policia Local de Bunyol; Noelia Tamarit, agent de Policia Local de Bunyol i responsable de la Unitat de Viol\u00e8ncia de G\u00e8nere; \u00c1ngeles Albarca, advocada del torn d&#8217;ofici especialitzada en Viol\u00e8ncia de G\u00e8nere; \u00c1ngela Merino, psic\u00f2loga del Centre de la Dona Rural, i Miriam Tudela, treballadora social del Centre de la Dona Rural. Pot participar tant en aquestes xarrades com en el curs de defensa personal femen\u00ed qualsevol dona, no importa edat ni condici\u00f3 f\u00edsica. Actes organitzats per les Regidories d&#8217;Igualtat i Interior de Bu\u00f1ol. I despr\u00e9s d&#8217;aquestes xarrades, en la Pla\u00e7a del Poble, a les 19h, hi haur\u00e0 concentraci\u00f3 pac\u00edfica contra la viol\u00e8ncia masclista.<\/p>\n\n\n\n<p class=\"wp-block-paragraph\">El divendres, a la Sala El Mercat, a les 20h Teatre de Caix\u00f3 presenta \u201cCom quedem?\u201d. L&#8217;entrada \u00e9s gratu\u00efta, per\u00f2 hi haur\u00e0 una taquilla solid\u00e0ria amb La Palma, on podr\u00e0s donar la voluntat. Acte organitzat per les Regidories d&#8217;Igualtat i Benestar Social de l&#8217;Ajuntament de Bunyol.&nbsp;<\/p>\n\n\n\n<p class=\"wp-block-paragraph\">La regidora Sandra Corach\u00e1n anima a la participaci\u00f3 de tots els actes organitzats amb motiu de l&#8217;erradicaci\u00f3 de la viol\u00e8ncia de g\u00e8nere perqu\u00e8 entre tots \u201cvisibilitzem i donem suport a la fi d&#8217;aquesta xacra social que cada dia ens aguaita i \u00e9s en les joves generacions on cal fer major recalcament\u201d.<\/p>\n","protected":false},"excerpt":{"rendered":"<div class=\"mh-excerpt\">Les Regidories d&#8217;Igualtat, Educaci\u00f3, Interior i Benestar Social participen activament en un conjunt d&#8217;actes on els joves i la visibilitzaci\u00f3 d&#8217;aquesta viol\u00e8ncia amb xarrades i cursos de defensa personal, sense oblidar teatre i concentraci\u00f3 protesta <a class=\"mh-excerpt-more\" href=\"https:\/\/tucomarca.whitekongsoftware.com\/ca\/lajuntament-de-bunyol-organitza-els-actes-pel-25n-dia-internacional-contra-la-violencia-de-genere-amb-el-lema-aixo-no-es-amor\/\" title=\"Video: L&#8217;Ajuntament de Bunyol organitza els actes pel 25N, Dia Internacional contra la viol\u00e8ncia de g\u00e8nere, amb el lema &#8220;Aix\u00f2 no \u00e9s amor&#8221;\">[+] <\/a><\/div>\n","protected":false},"author":12,"featured_media":144525,"comment_status":"open","ping_status":"open","sticky":false,"template":"","format":"video","meta":{"footnotes":""},"categories":[11019,10911,10898,10948,10894,10912,11007,10947,10896,11062],"tags":[13087,10913,14153,15900,10914],"class_list":["post-144529","post","type-post","status-publish","format-video","has-post-thumbnail","category-agenda-ca","category-bunol-ca","category-ventana-ca","category-infraestructuras-ca","category-la-comarca-ca","category-la-hoya-ca","category-ocio-y-cultura-ca","category-politica","category-seccion-ca","category-videos","tag-25n-ca","tag-bunol-ca","tag-concejalia-de-igualdad-2-ca","tag-dia-internacional-contra-la-violencia-de-genero-ca","tag-la-hoya-de-bunol-chiva-ca","post_format-post-format-video"],"_links":{"self":[{"href":"https:\/\/tucomarca.whitekongsoftware.com\/ca\/wp-json\/wp\/v2\/posts\/144529","targetHints":{"allow":["GET"]}}],"collection":[{"href":"https:\/\/tucomarca.whitekongsoftware.com\/ca\/wp-json\/wp\/v2\/posts"}],"about":[{"href":"https:\/\/tucomarca.whitekongsoftware.com\/ca\/wp-json\/wp\/v2\/types\/post"}],"author":[{"embeddable":true,"href":"https:\/\/tucomarca.whitekongsoftware.com\/ca\/wp-json\/wp\/v2\/users\/12"}],"replies":[{"embeddable":true,"href":"https:\/\/tucomarca.whitekongsoftware.com\/ca\/wp-json\/wp\/v2\/comments?post=144529"}],"version-history":[{"count":0,"href":"https:\/\/tucomarca.whitekongsoftware.com\/ca\/wp-json\/wp\/v2\/posts\/144529\/revisions"}],"wp:featuredmedia":[{"embeddable":true,"href":"https:\/\/tucomarca.whitekongsoftware.com\/ca\/wp-json\/wp\/v2\/media\/144525"}],"wp:attachment":[{"href":"https:\/\/tucomarca.whitekongsoftware.com\/ca\/wp-json\/wp\/v2\/media?parent=144529"}],"wp:term":[{"taxonomy":"category","embeddable":true,"href":"https:\/\/tucomarca.whitekongsoftware.com\/ca\/wp-json\/wp\/v2\/categories?post=144529"},{"taxonomy":"post_tag","embeddable":true,"href":"https:\/\/tucomarca.whitekongsoftware.com\/ca\/wp-json\/wp\/v2\/tags?post=144529"}],"curies":[{"name":"wp","href":"https:\/\/api.w.org\/{rel}","templated":true}]}}