{"id":144421,"date":"2021-11-19T12:13:00","date_gmt":"2021-11-19T11:13:00","guid":{"rendered":"http:\/\/www.tucomarca.com\/wordpress\/segunda\/?p=144421"},"modified":"2021-11-19T13:39:42","modified_gmt":"2021-11-19T12:39:42","slug":"la-unio-dagricultors-comenca-un-cicle-de-xarrades-informatives-per-tota-la-comarca-per-a-analitzar-la-nova-pac-i-les-subvencions-de-lasseguranca-de-la-vinya","status":"publish","type":"post","link":"https:\/\/tucomarca.whitekongsoftware.com\/ca\/la-unio-dagricultors-comenca-un-cicle-de-xarrades-informatives-per-tota-la-comarca-per-a-analitzar-la-nova-pac-i-les-subvencions-de-lasseguranca-de-la-vinya\/","title":{"rendered":"La Uni\u00f3 d&#8217;Agricultors comen\u00e7a un cicle de xarrades informatives per tota la comarca per a analitzar la nova PAC i les subvencions de l&#8217;asseguran\u00e7a de la vinya"},"content":{"rendered":"\n<p class=\"wp-block-paragraph\">La Uni\u00f3 d&#8217;Agricultors i Ramaders d&#8217;Utiel-Requena inicia la setmana vinent un cicle de xarrades informatives per tota la comarca per a donar a con\u00e9ixer als agricultors i ramaders totes les novetats de la nova PAC 2023-2027 i com els afectar\u00e0.<\/p>\n\n\n\n<p class=\"wp-block-paragraph\">Aix\u00ed mateix, en les xarrades s&#8217;informar\u00e0 sobre les subvencions de l&#8217;asseguran\u00e7a de la vinya.<\/p>\n\n\n\n<p class=\"wp-block-paragraph\">De moment el calendari inclou aquests pobles i llogarets, horaris i llocs de celebraci\u00f3, encara que s&#8217;ampliar\u00e0 i tindran la seua continu\u00eftat en les pr\u00f2ximes setmanes.&nbsp;<\/p>\n\n\n\n<ul class=\"wp-block-list\"><li>Dilluns 22 de novembre en la Cooperativa de les Cuevas a les 19,30 hores<\/li><li>Dimarts 23 de novembre en la Cooperativa Santa Rita de Fuenterrobles a les 19 hores<\/li><li>Dimecres 24 de novembre en la Cooperativa de Sinarcas a les 19 hores<\/li><li>Dijous 25 de novembre en el Centre Social de Requena a les 19,30 hores<\/li><li>Dilluns 29 de novembre a l&#8217;Ajuntament de Venta del Moro a les 19 hores<\/li><li>Dimarts 30 de novembre a l&#8217;Ajuntament de Camporrobles a les 19 hores<\/li><li>Dimecres 1 de desembre a casa de la Cultura d&#8217;Utiel a les 19 hores<\/li><li>Dijous 2 de desembre en la Cooperativa dels Isidros a les 19 hores. Informa, <strong>Luis Ib\u00e1\u00f1ez<\/strong>.<\/li><\/ul>\n","protected":false},"excerpt":{"rendered":"<div class=\"mh-excerpt\">La Uni\u00f3 d&#8217;Agricultors i Ramaders d&#8217;Utiel-Requena inicia la setmana vinent un cicle de xarrades informatives per tota la comarca per a donar a con\u00e9ixer als agricultors i ramaders totes les novetats de la nova PAC <a class=\"mh-excerpt-more\" href=\"https:\/\/tucomarca.whitekongsoftware.com\/ca\/la-unio-dagricultors-comenca-un-cicle-de-xarrades-informatives-per-tota-la-comarca-per-a-analitzar-la-nova-pac-i-les-subvencions-de-lasseguranca-de-la-vinya\/\" title=\"La Uni\u00f3 d&#8217;Agricultors comen\u00e7a un cicle de xarrades informatives per tota la comarca per a analitzar la nova PAC i les subvencions de l&#8217;asseguran\u00e7a de la vinya\">[+] <\/a><\/div>\n","protected":false},"author":1,"featured_media":133188,"comment_status":"open","ping_status":"open","sticky":false,"template":"","format":"standard","meta":{"footnotes":""},"categories":[11019,10905,11031,11055,10948,10894,11056,10903,10908,10909,10896,11058,11059,11060],"tags":[13469,10910,12975,12228],"class_list":["post-144421","post","type-post","status-publish","format-standard","has-post-thumbnail","category-agenda-ca","category-agricultura-la-comarca-ca","category-camporrobles-ca","category-fuenterrobles-ca","category-infraestructuras-ca","category-la-comarca-ca","category-las-cuevas-ca","category-medio-ambiente-la-comarca-ca","category-requena-ca","category-requena-utiel-ca","category-seccion-ca","category-sinarcas-ca","category-utiel-ca","category-venta-del-moro-ca","tag-pac-ca","tag-requena-utiel-ca","tag-subvenciones-ca","tag-unio-de-llauradors-i-ramaders-ca"],"_links":{"self":[{"href":"https:\/\/tucomarca.whitekongsoftware.com\/ca\/wp-json\/wp\/v2\/posts\/144421","targetHints":{"allow":["GET"]}}],"collection":[{"href":"https:\/\/tucomarca.whitekongsoftware.com\/ca\/wp-json\/wp\/v2\/posts"}],"about":[{"href":"https:\/\/tucomarca.whitekongsoftware.com\/ca\/wp-json\/wp\/v2\/types\/post"}],"author":[{"embeddable":true,"href":"https:\/\/tucomarca.whitekongsoftware.com\/ca\/wp-json\/wp\/v2\/users\/1"}],"replies":[{"embeddable":true,"href":"https:\/\/tucomarca.whitekongsoftware.com\/ca\/wp-json\/wp\/v2\/comments?post=144421"}],"version-history":[{"count":0,"href":"https:\/\/tucomarca.whitekongsoftware.com\/ca\/wp-json\/wp\/v2\/posts\/144421\/revisions"}],"wp:featuredmedia":[{"embeddable":true,"href":"https:\/\/tucomarca.whitekongsoftware.com\/ca\/wp-json\/wp\/v2\/media\/133188"}],"wp:attachment":[{"href":"https:\/\/tucomarca.whitekongsoftware.com\/ca\/wp-json\/wp\/v2\/media?parent=144421"}],"wp:term":[{"taxonomy":"category","embeddable":true,"href":"https:\/\/tucomarca.whitekongsoftware.com\/ca\/wp-json\/wp\/v2\/categories?post=144421"},{"taxonomy":"post_tag","embeddable":true,"href":"https:\/\/tucomarca.whitekongsoftware.com\/ca\/wp-json\/wp\/v2\/tags?post=144421"}],"curies":[{"name":"wp","href":"https:\/\/api.w.org\/{rel}","templated":true}]}}