{"id":144257,"date":"2021-11-16T08:50:00","date_gmt":"2021-11-16T07:50:00","guid":{"rendered":"http:\/\/www.tucomarca.com\/wordpress\/segunda\/?p=144257"},"modified":"2021-11-17T10:54:14","modified_gmt":"2021-11-17T09:54:14","slug":"el-pp-de-san-antonio-de-benageber-critica-que-se-seguisca-sense-resposta-sobre-les-irregularitats-denuncies-en-les-votacions-locals","status":"publish","type":"post","link":"https:\/\/tucomarca.whitekongsoftware.com\/ca\/el-pp-de-san-antonio-de-benageber-critica-que-se-seguisca-sense-resposta-sobre-les-irregularitats-denuncies-en-les-votacions-locals\/","title":{"rendered":"El PP de San Antonio de Benag\u00e9ber critica que se seguisca sense resposta sobre les &#8220;irregularitats&#8221; denuncies en les votacions locals"},"content":{"rendered":"\n<p class=\"wp-block-paragraph\">El passat 16 d&#8217;octubre es va celebrar el congr\u00e9s local del PP a San Antonio de Benag\u00e9ber i despr\u00e9s de comprovar les \u201cirregularitats pr\u00e8vies al congr\u00e9s per la seua convocat\u00f2ria\u201d i presentar els recursos pertinents, el comit\u00e9 de drets i garanties regional i nacional, juntament amb la secret\u00e0ria provincial del PP Reme Mazzolari van desestimar els mateixos justificant aquesta decisi\u00f3 perqu\u00e8 els estatuts diuen que les Gestores han de ratificar-se cada 6 mesos, tal com han informat fonts del grup municipal del partit en la localitat.<\/p>\n\n\n\n<p class=\"wp-block-paragraph\">Des del PP de San Antonio de Benag\u00e9ber han &#8220;comprovat que ni la Gestora Provincial del PP, anterior al congr\u00e9s, de la qual va ser membre la pr\u00f2pia Reme Mazzolari, igual que altres Gestores de Comunitat Valenciana, van complir les mateixes condicions que se li ha exigit a San Antonio de Benag\u00e9ber per a complir amb la convocat\u00f2ria del congr\u00e9s&#8221;.<\/p>\n\n\n\n<p class=\"wp-block-paragraph\">&#8220;Totes aquestes explicacions han sigut enviades a l&#8217;adre\u00e7a provincial del PP en repetides ocasions i la contestaci\u00f3 ha sigut la mateixa. Hem comprovat que amb aquestes actuacions, hi ha un PP que es mou per interessos personals i no per la democr\u00e0cia&#8221;, afigen.<\/p>\n\n\n\n<p class=\"wp-block-paragraph\">&#8220;D&#8217;altra banda, i no menys important, ja que aquest \u00e9s el segon fet que s&#8217;ha denunciat en la seu de la direcci\u00f3 provincial, ocorre durant la celebraci\u00f3 de les votacions locals per a elegir el president local. Com ja avancem en anteriors articles, els afiliats, interventors de la mesa electoral i els Regidors del PP de l&#8217;Ajuntament comprovem durant les votacions com apareixia una desfilada de persones que viuen a Val\u00e8ncia capital, Eliana, \u2026 i altres municipis, participant amb el seu vot en els comicis locals. Aix\u00f2 \u201cevid\u00e8ncia que s&#8217;han realitzat afiliacions al PP de persones que no resideixen a San Antonio de Benag\u00e9ber en habitatges del municipi per a falsejar un congr\u00e9s que pr\u00e8viament ja presentava irregularitats&#8221;.<\/p>\n\n\n\n<p class=\"wp-block-paragraph\">&#8220;Els interventors que van ser presents en la votaci\u00f3, van presentar al costat de les actes dels resultats, les irregularitats ac\u00ed esmentades. L&#8217;endem\u00e0 es van tornar a presentar sengles escrits per registre d&#8217;entrada, perqu\u00e8 &#8216;l&#8217;adre\u00e7a del PP de Val\u00e8ncia acarara les dades d&#8217;afiliaci\u00f3 dels votants amb les dades del DNI (domicilis i poblacions) registrades en l&#8217;afiliaci\u00f3&#8217; i impugnar la votaci\u00f3&#8221;.<\/p>\n\n\n\n<p class=\"wp-block-paragraph\">Un mes despr\u00e9s de denunciar aquesta situaci\u00f3, i despr\u00e9s de converses anteriors per a obtindre una resposta, a data 16 de novembre, no s&#8217;ha obtingut cap resposta per part de la Direcci\u00f3 Provincial del PPVAL.<\/p>\n\n\n\n<p class=\"wp-block-paragraph\">Davant aquesta situaci\u00f3, els interventors del PP que van presentar les irregularitats, els afiliats, els simpatitzants i els regidors a l&#8217;Ajuntament manifesten que estan &#8220;completament decebuts amb l&#8217;actuaci\u00f3 dels quals se suposa que s\u00f3n els representants de la democr\u00e0cia a la prov\u00edncia de Val\u00e8ncia&#8221;.<\/p>\n\n\n\n<p class=\"wp-block-paragraph\">En les reunions que s&#8217;han mantingut amb els afiliats, posteriors al congr\u00e9s, s&#8217;han escoltat frases com aquestes: \u201cEstan consentint que s&#8217;adulteren unes votacions en el PP\u201d. \u201csi no ens contesten a nosaltres, com representaran als habitants de la Comunitat Valenciana. \u201cSegur que els documents s&#8217;han quedat en els calaixos\u201d\u2026 i llarg etc.<\/p>\n","protected":false},"excerpt":{"rendered":"<div class=\"mh-excerpt\">El passat 16 d&#8217;octubre es va celebrar el congr\u00e9s local del PP a San Antonio de Benag\u00e9ber i despr\u00e9s de comprovar les \u201cirregularitats pr\u00e8vies al congr\u00e9s per la seua convocat\u00f2ria\u201d i presentar els recursos pertinents, <a class=\"mh-excerpt-more\" href=\"https:\/\/tucomarca.whitekongsoftware.com\/ca\/el-pp-de-san-antonio-de-benageber-critica-que-se-seguisca-sense-resposta-sobre-les-irregularitats-denuncies-en-les-votacions-locals\/\" title=\"El PP de San Antonio de Benag\u00e9ber critica que se seguisca sense resposta sobre les &#8220;irregularitats&#8221; denuncies en les votacions locals\">[+] <\/a><\/div>\n","protected":false},"author":1,"featured_media":144255,"comment_status":"open","ping_status":"open","sticky":false,"template":"","format":"standard","meta":{"footnotes":""},"categories":[10892,10894,10904,10947,10934,10896,10897],"tags":[11978,11344,11147],"class_list":["post-144257","post","type-post","status-publish","format-standard","has-post-thumbnail","category-camp-de-turia-ca","category-la-comarca-ca","category-sin-categorizar-ca","category-politica","category-san-antonio-de-benageber-ca","category-seccion-ca","category-sucesos-la-comarca-ca","tag-partido-popular-ca","tag-pp-ca","tag-san-antoni-de-benageber"],"_links":{"self":[{"href":"https:\/\/tucomarca.whitekongsoftware.com\/ca\/wp-json\/wp\/v2\/posts\/144257","targetHints":{"allow":["GET"]}}],"collection":[{"href":"https:\/\/tucomarca.whitekongsoftware.com\/ca\/wp-json\/wp\/v2\/posts"}],"about":[{"href":"https:\/\/tucomarca.whitekongsoftware.com\/ca\/wp-json\/wp\/v2\/types\/post"}],"author":[{"embeddable":true,"href":"https:\/\/tucomarca.whitekongsoftware.com\/ca\/wp-json\/wp\/v2\/users\/1"}],"replies":[{"embeddable":true,"href":"https:\/\/tucomarca.whitekongsoftware.com\/ca\/wp-json\/wp\/v2\/comments?post=144257"}],"version-history":[{"count":0,"href":"https:\/\/tucomarca.whitekongsoftware.com\/ca\/wp-json\/wp\/v2\/posts\/144257\/revisions"}],"wp:featuredmedia":[{"embeddable":true,"href":"https:\/\/tucomarca.whitekongsoftware.com\/ca\/wp-json\/wp\/v2\/media\/144255"}],"wp:attachment":[{"href":"https:\/\/tucomarca.whitekongsoftware.com\/ca\/wp-json\/wp\/v2\/media?parent=144257"}],"wp:term":[{"taxonomy":"category","embeddable":true,"href":"https:\/\/tucomarca.whitekongsoftware.com\/ca\/wp-json\/wp\/v2\/categories?post=144257"},{"taxonomy":"post_tag","embeddable":true,"href":"https:\/\/tucomarca.whitekongsoftware.com\/ca\/wp-json\/wp\/v2\/tags?post=144257"}],"curies":[{"name":"wp","href":"https:\/\/api.w.org\/{rel}","templated":true}]}}