{"id":144194,"date":"2021-11-16T17:30:00","date_gmt":"2021-11-16T16:30:00","guid":{"rendered":"http:\/\/www.tucomarca.com\/wordpress\/segunda\/?p=144194"},"modified":"2021-11-17T00:22:05","modified_gmt":"2021-11-16T23:22:05","slug":"la-jota-la-andurriana-dalboraig-reviu-gracies-a-un-projecte-de-participacio-ciutadana","status":"publish","type":"post","link":"https:\/\/tucomarca.whitekongsoftware.com\/ca\/la-jota-la-andurriana-dalboraig-reviu-gracies-a-un-projecte-de-participacio-ciutadana\/","title":{"rendered":"La jota La Andurriana d&#8217;Alboraig reviu gr\u00e0cies a un projecte de participaci\u00f3 ciutadana"},"content":{"rendered":"\n<h4 class=\"wp-block-heading\">Per al desenvolupament d&#8217;aquest projecte s&#8217;ha comptat amb la col\u00b7laboraci\u00f3 del prestigi\u00f3s grup de danses Els Folies de Carcaixent.<\/h4>\n\n\n\n<p class=\"wp-block-paragraph\">La jota La Andurriana d&#8217;Alboraig, una pe\u00e7a tradicional de la localitat, portava anys perduda en arxius, i havia deixat d&#8217;interpretar-se. L&#8217;Ajuntament d&#8217;Alborache, a trav\u00e9s de la Regidoria de Cultura, ha desenvolupat un projecte de participaci\u00f3 ciutadana per a recuperar les partitures i reviure La Andurriana.\u00a0<br>Amb la col\u00b7laboraci\u00f3 del grup de danses Els Folies de Carcaixent, encarregats de donar vida de nou a la m\u00fasica, els passos de ball i la indument\u00e0ria de l&#8217;\u00e8poca, el treball realitzat ha tingut com a resultat diversos v\u00eddeos amb la jota La Andurriana com a protagonista: un d&#8217;ells explica com era la indument\u00e0ria de finals de segle XIX a la comarca, tant dels burgesos com de les persones que treballaven el camp o en les incipients ind\u00fastries; un altre dels v\u00eddeos detalla els passos de ball de la jota, a partir dels estudis d&#8217;altres peces similars de la comarca estudiades pel director dels Folies, Xavi Rausell; l&#8217;\u00faltim dels v\u00eddeos recull la pe\u00e7a al complet, amb la m\u00fasica i el ball de la Andurriana.<br>El Regidor de Cultura de l&#8217;Ajuntament d&#8217;Alboraig, Vicente Darder, destaca \u201cel treball conjunt de cerca i reinterpretaci\u00f3 de les partitures, i de l&#8217;esfor\u00e7 per recuperar una jota local que forma part del patrimoni immaterial, amb un projecte col\u00b7laboratiu que ha comptat amb la participaci\u00f3 de la ciutadania. Com en el cas del receptari d&#8217;Alborache, estem usant metodologies modernes de participaci\u00f3 ciutadana per a posar en valor les tradicions del nostre poble\u201d.<br>Per a Darder, La Andurriana corria perill de desapar\u00e9ixer en uns anys, quan ja no quedara ning\u00fa que l&#8217;havia escoltada en les festes i celebracions locals. Gr\u00e0cies a aquest treball, aquesta part de la cultura d&#8217;Alborache pot continuar viva molts anys m\u00e9s.<br>Aquest projecte ha comptat amb el finan\u00e7ament de l&#8217;\u00c0rea de Participaci\u00f3 de la Diputaci\u00f3 de Val\u00e8ncia.<br>Els v\u00eddeos estan disponibles en el canal de Youtube de l&#8217;Ajuntament d&#8217;Alboraig i en la p\u00e0gina web www.alborache.es.<\/p>\n\n\n\n<p class=\"wp-block-paragraph\"><\/p>\n","protected":false},"excerpt":{"rendered":"<div class=\"mh-excerpt\">Per al desenvolupament d&#8217;aquest projecte s&#8217;ha comptat amb la col\u00b7laboraci\u00f3 del prestigi\u00f3s grup de danses Els Folies de Carcaixent. La jota La Andurriana d&#8217;Alboraig, una pe\u00e7a tradicional de la localitat, portava anys perduda en arxius, <a class=\"mh-excerpt-more\" href=\"https:\/\/tucomarca.whitekongsoftware.com\/ca\/la-jota-la-andurriana-dalboraig-reviu-gracies-a-un-projecte-de-participacio-ciutadana\/\" title=\"La jota La Andurriana d&#8217;Alboraig reviu gr\u00e0cies a un projecte de participaci\u00f3 ciutadana\">[+] <\/a><\/div>\n","protected":false},"author":12,"featured_media":144193,"comment_status":"open","ping_status":"open","sticky":false,"template":"","format":"standard","meta":{"footnotes":""},"categories":[10973,10948,10894,10912,11007,10896],"tags":[11224,15866,10914,15867],"class_list":["post-144194","post","type-post","status-publish","format-standard","has-post-thumbnail","category-alborache-ca","category-infraestructuras-ca","category-la-comarca-ca","category-la-hoya-ca","category-ocio-y-cultura-ca","category-seccion-ca","tag-alborache-ca","tag-jota-la-andurriana-ca","tag-la-hoya-de-bunol-chiva-ca","tag-musica-popular-ca"],"_links":{"self":[{"href":"https:\/\/tucomarca.whitekongsoftware.com\/ca\/wp-json\/wp\/v2\/posts\/144194","targetHints":{"allow":["GET"]}}],"collection":[{"href":"https:\/\/tucomarca.whitekongsoftware.com\/ca\/wp-json\/wp\/v2\/posts"}],"about":[{"href":"https:\/\/tucomarca.whitekongsoftware.com\/ca\/wp-json\/wp\/v2\/types\/post"}],"author":[{"embeddable":true,"href":"https:\/\/tucomarca.whitekongsoftware.com\/ca\/wp-json\/wp\/v2\/users\/12"}],"replies":[{"embeddable":true,"href":"https:\/\/tucomarca.whitekongsoftware.com\/ca\/wp-json\/wp\/v2\/comments?post=144194"}],"version-history":[{"count":0,"href":"https:\/\/tucomarca.whitekongsoftware.com\/ca\/wp-json\/wp\/v2\/posts\/144194\/revisions"}],"wp:featuredmedia":[{"embeddable":true,"href":"https:\/\/tucomarca.whitekongsoftware.com\/ca\/wp-json\/wp\/v2\/media\/144193"}],"wp:attachment":[{"href":"https:\/\/tucomarca.whitekongsoftware.com\/ca\/wp-json\/wp\/v2\/media?parent=144194"}],"wp:term":[{"taxonomy":"category","embeddable":true,"href":"https:\/\/tucomarca.whitekongsoftware.com\/ca\/wp-json\/wp\/v2\/categories?post=144194"},{"taxonomy":"post_tag","embeddable":true,"href":"https:\/\/tucomarca.whitekongsoftware.com\/ca\/wp-json\/wp\/v2\/tags?post=144194"}],"curies":[{"name":"wp","href":"https:\/\/api.w.org\/{rel}","templated":true}]}}