{"id":144051,"date":"2021-11-12T20:45:00","date_gmt":"2021-11-12T19:45:00","guid":{"rendered":"http:\/\/www.tucomarca.com\/wordpress\/segunda\/?p=144051"},"modified":"2021-11-13T20:55:51","modified_gmt":"2021-11-13T19:55:51","slug":"sanitat-estableix-un-dispositiu-especific-demergencies-sanitaries-davant-el-gran-premi-de-motociclisme-de-xest","status":"publish","type":"post","link":"https:\/\/tucomarca.whitekongsoftware.com\/ca\/sanitat-estableix-un-dispositiu-especific-demergencies-sanitaries-davant-el-gran-premi-de-motociclisme-de-xest\/","title":{"rendered":"Sanitat estableix un dispositiu espec\u00edfic d&#8217;emerg\u00e8ncies sanit\u00e0ries davant el Gran Premi de Motociclisme de Xest"},"content":{"rendered":"\n<p class=\"wp-block-paragraph\">Es prestar\u00e0 assist\u00e8ncia sanit\u00e0ria en les vies d&#8217;acc\u00e9s al circuit, en les poblacions adjacents i en les vies de comunicaci\u00f3<\/p>\n\n\n\n<p class=\"wp-block-paragraph\">La conselleria de Sanitat Universal i Salut P\u00fablica ha previst un dispositiu espec\u00edfic davant possibles emerg\u00e8ncies sanit\u00e0ries, amb motiu del Campionat Mundial de Motociclisme, que se celebra en el Circuit Ricardo Tormo de Cheste, des de dem\u00e0, dia 12, fins al diumenge 14 de novembre.<\/p>\n\n\n\n<p class=\"wp-block-paragraph\">Aquest dispositiu prestar\u00e0 assist\u00e8ncia sanit\u00e0ria en les vies d&#8217;acc\u00e9s al circuit, en les poblacions adjacents i en les vies de comunicaci\u00f3. Les zones de pista i \u00e0rees destinades al p\u00fablic seran ateses pels dispositius que estableix i coordina el propi Centre M\u00e8dic del Circuit de Cheste.<\/p>\n\n\n\n<p class=\"wp-block-paragraph\">El refor\u00e7 en la zona, establit per la Conselleria de Sanitat, est\u00e0 compost per una unitat del SAMU, amb la seua dotaci\u00f3 habitual de personal m\u00e8dic, d&#8217;infermeria i emerg\u00e8ncies sanit\u00e0ries, que estar\u00e0 situada en el trajecte de la A-3, durant els tres dies del Gran Premi.<\/p>\n\n\n\n<p class=\"wp-block-paragraph\">Aix\u00ed mateix, es disposar\u00e0 una unitat assistencial amb personal d&#8217;infermeria i t\u00e8cnic en emerg\u00e8ncies sanit\u00e0ries, en la rodalia del centre de salut de Cheste.<\/p>\n\n\n\n<p class=\"wp-block-paragraph\">Finalment, completa el dispositiu assistencial una unitat de SVB (Suport Vital B\u00e0sic), dotada de dos especialitas en emerg\u00e8ncies sanit\u00e0ries, que es despla\u00e7ar\u00e0 als voltants del municipi.<\/p>\n\n\n\n<p class=\"wp-block-paragraph\">A m\u00e9s, el Centre d&#8217;Informaci\u00f3 i Coordinaci\u00f3 d&#8217;Urg\u00e8ncies (CICU) de Val\u00e8ncia, \u00e9s el centre responsable de coordinar el dispositiu preventiu, de l&#8217;evacuaci\u00f3 dels ferits des del lloc de l&#8217;emerg\u00e8ncia als centres hospitalaris, alertar als hospitals, facilitar els recursos sanitaris en cas de necessitat, i realitzar la coordinaci\u00f3 intersectorial en cas de cat\u00e0strofe o accident de m\u00faltiples v\u00edctimes.<\/p>\n\n\n\n<p class=\"wp-block-paragraph\">D&#8217;altra banda, el centre de salut de Cheste i l&#8217;hospital de Manises reforcen les seues respectives plantilles i s&#8217;ha prealertado, per a assegurar l&#8217;atenci\u00f3 davant qualsevol possible emerg\u00e8ncia, als hospitals La Fe de Val\u00e8ncia, General de Val\u00e8ncia i el de Requena; aix\u00ed com a un helic\u00f2pter medicalitzat, per si f\u00f3ra necess\u00e0ria la seua mobilitzaci\u00f3.<\/p>\n\n\n\n<p class=\"wp-block-paragraph\"><\/p>\n","protected":false},"excerpt":{"rendered":"<div class=\"mh-excerpt\">Es prestar\u00e0 assist\u00e8ncia sanit\u00e0ria en les vies d&#8217;acc\u00e9s al circuit, en les poblacions adjacents i en les vies de comunicaci\u00f3 La conselleria de Sanitat Universal i Salut P\u00fablica ha previst un dispositiu espec\u00edfic davant possibles <a class=\"mh-excerpt-more\" href=\"https:\/\/tucomarca.whitekongsoftware.com\/ca\/sanitat-estableix-un-dispositiu-especific-demergencies-sanitaries-davant-el-gran-premi-de-motociclisme-de-xest\/\" title=\"Sanitat estableix un dispositiu espec\u00edfic d&#8217;emerg\u00e8ncies sanit\u00e0ries davant el Gran Premi de Motociclisme de Xest\">[+] <\/a><\/div>\n","protected":false},"author":1,"featured_media":140814,"comment_status":"open","ping_status":"open","sticky":false,"template":"","format":"standard","meta":{"footnotes":""},"categories":[11010,11003,10898,10948,10894,10904,10912,11011,10896,10897,10974],"tags":[11071,12165,15852,11349],"class_list":["post-144051","post","type-post","status-publish","format-standard","has-post-thumbnail","category-canal-salud","category-sports","category-ventana-ca","category-infraestructuras-ca","category-la-comarca-ca","category-sin-categorizar-ca","category-la-hoya-ca","category-motociclismo-ca","category-seccion-ca","category-sucesos-la-comarca-ca","category-cheste-ca","tag-cheste","tag-conselleria-de-sanitat-ca","tag-emergencias-sanitarias-ca","tag-gran-premio-de-la-comunitat-valenciana-ca"],"_links":{"self":[{"href":"https:\/\/tucomarca.whitekongsoftware.com\/ca\/wp-json\/wp\/v2\/posts\/144051","targetHints":{"allow":["GET"]}}],"collection":[{"href":"https:\/\/tucomarca.whitekongsoftware.com\/ca\/wp-json\/wp\/v2\/posts"}],"about":[{"href":"https:\/\/tucomarca.whitekongsoftware.com\/ca\/wp-json\/wp\/v2\/types\/post"}],"author":[{"embeddable":true,"href":"https:\/\/tucomarca.whitekongsoftware.com\/ca\/wp-json\/wp\/v2\/users\/1"}],"replies":[{"embeddable":true,"href":"https:\/\/tucomarca.whitekongsoftware.com\/ca\/wp-json\/wp\/v2\/comments?post=144051"}],"version-history":[{"count":0,"href":"https:\/\/tucomarca.whitekongsoftware.com\/ca\/wp-json\/wp\/v2\/posts\/144051\/revisions"}],"wp:featuredmedia":[{"embeddable":true,"href":"https:\/\/tucomarca.whitekongsoftware.com\/ca\/wp-json\/wp\/v2\/media\/140814"}],"wp:attachment":[{"href":"https:\/\/tucomarca.whitekongsoftware.com\/ca\/wp-json\/wp\/v2\/media?parent=144051"}],"wp:term":[{"taxonomy":"category","embeddable":true,"href":"https:\/\/tucomarca.whitekongsoftware.com\/ca\/wp-json\/wp\/v2\/categories?post=144051"},{"taxonomy":"post_tag","embeddable":true,"href":"https:\/\/tucomarca.whitekongsoftware.com\/ca\/wp-json\/wp\/v2\/tags?post=144051"}],"curies":[{"name":"wp","href":"https:\/\/api.w.org\/{rel}","templated":true}]}}