{"id":143940,"date":"2021-11-09T11:30:00","date_gmt":"2021-11-09T10:30:00","guid":{"rendered":"http:\/\/www.tucomarca.com\/wordpress\/segunda\/?p=143940"},"modified":"2021-11-11T19:24:05","modified_gmt":"2021-11-11T18:24:05","slug":"els-socialistes-de-riba-roja-afirmen-que-els-populars-de-la-localitat-no-volen-que-manises-torne-a-ser-hospital-public","status":"publish","type":"post","link":"https:\/\/tucomarca.whitekongsoftware.com\/ca\/els-socialistes-de-riba-roja-afirmen-que-els-populars-de-la-localitat-no-volen-que-manises-torne-a-ser-hospital-public\/","title":{"rendered":"Els socialistes de Riba-roja afirmen que els Populars de la localitat &#8220;no volen que Manises torne a ser hospital p\u00fablic&#8221;"},"content":{"rendered":"\n<h4 class=\"wp-block-heading\">EL PP vota al costat de Vox contra la moci\u00f3 que sol\u00b7licita revertir la gesti\u00f3<\/h4>\n\n\n\n<h4 class=\"wp-block-heading\">Critiquen la sanitat p\u00fablica i ratllen a \u201cels espanyols\u201d de \u201dmurris\u201d<\/h4>\n\n\n\n<p class=\"wp-block-paragraph\">El grup municipal del Partit Popular de Riba-roja s&#8217;ha posicionat aquest dilluns 8 de novembre contra la reversi\u00f3 de la gesti\u00f3 privada de l&#8217;\u00e0rea de salut i contra la possibilitat que l&#8217;hospital de Manises torne a ser p\u00fablic despr\u00e9s de defensar literalment que \u201cel que afona la gesti\u00f3 sanit\u00e0ria \u00e9s la picardia dels espanyols\u201d, segons el PSOE.<br>Un argument que ha sorgit durant el ple municipal i que segons els socialistes de Riba-roja de T\u00faria, \u201ddesperta xafogor en qui ho escolta\u201d. \u201cLamentem que el PP haja de criticar la sanitat p\u00fablica i els seus treballadors per a defensar un centre de gesti\u00f3 privada al qual estem sense parar reclamant m\u00e9s atenci\u00f3 i mitjans per als nostres ve\u00efns\u201d ha explicat l&#8217;alcalde socialista Robert Raga.<br>El vot negatiu dels populars arriba al costat del de Vox en una moci\u00f3 presentada pels socialistes i secundada per tots els altres partits de la corporaci\u00f3, en la qual sol\u00b7licita la gesti\u00f3 directa de l&#8217;\u00e0rea de salut a m\u00e9s del nomenament de la figura del Comissionat del departament de salut de Manises, que segueix vacant des de prop d&#8217;un any.<br>Els socialistes han subratllat a m\u00e9s que la defensa de la sanitat privada del PP de Riba-roja arriba en un moment de \u201ccrisi sanit\u00e0ria\u201d en el departament de Manises en el qual segons denuncien UGT i CCOO, la falta de mitjans materials i humans \u201camena\u00e7a\u201d amb el tancament de serveis com el de pediatria i la fugida de professionals.<br>Des del PSPV de Riba-roja s&#8217;ha recordat que la gestora de Manises va tancar amb 10,4 milions d&#8217;euros de benefici en 2019 i abans de la crisi, per\u00f2 que \u201cno ha millorat\u201d les condicions laborals dels treballadors ni l&#8217;atenci\u00f3 a la ciutadania, \u201cuna realitat que defensa el PP amb la seua postura\u201d.<br>Els socialistes han reiterat la seua aposta per la reversi\u00f3 dels centres sanitaris de gesti\u00f3 privada el canvi de la qual en el departament de Manises est\u00e0 previst per al 2024. La moci\u00f3 ha tirat avant amb els vots del PSPV-PSOE, Ciutadans, Compromis, Podemos i Esquerra.<\/p>\n","protected":false},"excerpt":{"rendered":"<div class=\"mh-excerpt\">EL PP vota al costat de Vox contra la moci\u00f3 que sol\u00b7licita revertir la gesti\u00f3 Critiquen la sanitat p\u00fablica i ratllen a \u201cels espanyols\u201d de \u201dmurris\u201d El grup municipal del Partit Popular de Riba-roja s&#8217;ha <a class=\"mh-excerpt-more\" href=\"https:\/\/tucomarca.whitekongsoftware.com\/ca\/els-socialistes-de-riba-roja-afirmen-que-els-populars-de-la-localitat-no-volen-que-manises-torne-a-ser-hospital-public\/\" title=\"Els socialistes de Riba-roja afirmen que els Populars de la localitat &#8220;no volen que Manises torne a ser hospital p\u00fablic&#8221;\">[+] <\/a><\/div>\n","protected":false},"author":12,"featured_media":143939,"comment_status":"open","ping_status":"open","sticky":false,"template":"","format":"standard","meta":{"footnotes":""},"categories":[10892,11010,10948,10894,10947,10906,10896],"tags":[10899,11092,15024],"class_list":["post-143940","post","type-post","status-publish","format-standard","has-post-thumbnail","category-camp-de-turia-ca","category-canal-salud","category-infraestructuras-ca","category-la-comarca-ca","category-politica","category-riba-roja-ca","category-seccion-ca","tag-camp-de-turia-ca","tag-hospital-de-manises-ca","tag-riba-roja-de-turia-ca"],"_links":{"self":[{"href":"https:\/\/tucomarca.whitekongsoftware.com\/ca\/wp-json\/wp\/v2\/posts\/143940","targetHints":{"allow":["GET"]}}],"collection":[{"href":"https:\/\/tucomarca.whitekongsoftware.com\/ca\/wp-json\/wp\/v2\/posts"}],"about":[{"href":"https:\/\/tucomarca.whitekongsoftware.com\/ca\/wp-json\/wp\/v2\/types\/post"}],"author":[{"embeddable":true,"href":"https:\/\/tucomarca.whitekongsoftware.com\/ca\/wp-json\/wp\/v2\/users\/12"}],"replies":[{"embeddable":true,"href":"https:\/\/tucomarca.whitekongsoftware.com\/ca\/wp-json\/wp\/v2\/comments?post=143940"}],"version-history":[{"count":0,"href":"https:\/\/tucomarca.whitekongsoftware.com\/ca\/wp-json\/wp\/v2\/posts\/143940\/revisions"}],"wp:featuredmedia":[{"embeddable":true,"href":"https:\/\/tucomarca.whitekongsoftware.com\/ca\/wp-json\/wp\/v2\/media\/143939"}],"wp:attachment":[{"href":"https:\/\/tucomarca.whitekongsoftware.com\/ca\/wp-json\/wp\/v2\/media?parent=143940"}],"wp:term":[{"taxonomy":"category","embeddable":true,"href":"https:\/\/tucomarca.whitekongsoftware.com\/ca\/wp-json\/wp\/v2\/categories?post=143940"},{"taxonomy":"post_tag","embeddable":true,"href":"https:\/\/tucomarca.whitekongsoftware.com\/ca\/wp-json\/wp\/v2\/tags?post=143940"}],"curies":[{"name":"wp","href":"https:\/\/api.w.org\/{rel}","templated":true}]}}