{"id":143934,"date":"2021-11-11T10:00:00","date_gmt":"2021-11-11T09:00:00","guid":{"rendered":"http:\/\/www.tucomarca.com\/wordpress\/segunda\/?p=143934"},"modified":"2021-11-11T19:41:32","modified_gmt":"2021-11-11T18:41:32","slug":"aquest-dissabte-dins-de-bunyol-actua-melomans-presenta-el-concert-vocal-es-canta-pero-no-es-toca","status":"publish","type":"post","link":"https:\/\/tucomarca.whitekongsoftware.com\/ca\/aquest-dissabte-dins-de-bunyol-actua-melomans-presenta-el-concert-vocal-es-canta-pero-no-es-toca\/","title":{"rendered":"Aquest dissabte, dins de Bunyol Actua, Melomans presenta el concert vocal &#8220;Es canta, per\u00f2 no es toca!&#8221;"},"content":{"rendered":"\n<p class=\"wp-block-paragraph\">Aquest dissabte, 13 de novembre, a les 19,30 h. en el Teatre Montecarlo i organitzat per la regidoria de Cultura, dins de Bu\u00f1ol Actua, Melomans presenta un concert diferent. &#8220;Es canta, per\u00f2 no es toca!&#8221; Solament amb les seues quatre veus, el p\u00fablic viatjar\u00e0 per can\u00e7ons de tots els estils d&#8217;una manera \u00fanica i amb l&#8217;humor com a vehicle. Un xou divertit i din\u00e0mic que far\u00e0 riure i cantar a tothom.<\/p>\n\n\n\n<p class=\"wp-block-paragraph\">Melomans \u00e9s un grup vocal i teatral creat en 2010 per quatre joves artistes valencians: Edu Escart\u00ed, Gonzalo Manglano, Javi Reig i Pau Ferrer. Sense m\u00e9s instruments que les seues pr\u00f2pies veus i amb l&#8217;humor com a segell distintiu, Melomans s&#8217;ha convertit en un referent de la m\u00fasica a capela a Espanya.<\/p>\n\n\n\n<p class=\"wp-block-paragraph\">El seu repertori abasta tot tipus d&#8217;estils, des de cl\u00e0ssics del pop i del rock internacional (Elvis, Queen&#8230;), fins a grans hits actuals (Lady Gaga, Shakira&#8230;), passant per artistes com Els Luthiers, Serrat o Tequila i altres g\u00e8neres com boleros, havaneres, bossa, barbershop, doo-wop o bandes sonores de pel\u00b7l\u00edcules.<\/p>\n\n\n\n<p class=\"wp-block-paragraph\">Entrada anticipada, en els llocs habituals, a 8 euros i 10 euros en taquilla.<\/p>\n","protected":false},"excerpt":{"rendered":"<div class=\"mh-excerpt\">Aquest dissabte, 13 de novembre, a les 19,30 h. en el Teatre Montecarlo i organitzat per la regidoria de Cultura, dins de Bu\u00f1ol Actua, Melomans presenta un concert diferent. &#8220;Es canta, per\u00f2 no es toca!&#8221; <a class=\"mh-excerpt-more\" href=\"https:\/\/tucomarca.whitekongsoftware.com\/ca\/aquest-dissabte-dins-de-bunyol-actua-melomans-presenta-el-concert-vocal-es-canta-pero-no-es-toca\/\" title=\"Aquest dissabte, dins de Bunyol Actua, Melomans presenta el concert vocal &#8220;Es canta, per\u00f2 no es toca!&#8221;\">[+] <\/a><\/div>\n","protected":false},"author":12,"featured_media":143932,"comment_status":"open","ping_status":"open","sticky":false,"template":"","format":"standard","meta":{"footnotes":""},"categories":[11019,10911,11005,10894,10912,11007,10896],"tags":[10913,14722,10914,15837],"class_list":["post-143934","post","type-post","status-publish","format-standard","has-post-thumbnail","category-agenda-ca","category-bunol-ca","category-canal-musica","category-la-comarca-ca","category-la-hoya-ca","category-ocio-y-cultura-ca","category-seccion-ca","tag-bunol-ca","tag-bunol-actua-ca","tag-la-hoya-de-bunol-chiva-ca","tag-melomans-ca"],"_links":{"self":[{"href":"https:\/\/tucomarca.whitekongsoftware.com\/ca\/wp-json\/wp\/v2\/posts\/143934","targetHints":{"allow":["GET"]}}],"collection":[{"href":"https:\/\/tucomarca.whitekongsoftware.com\/ca\/wp-json\/wp\/v2\/posts"}],"about":[{"href":"https:\/\/tucomarca.whitekongsoftware.com\/ca\/wp-json\/wp\/v2\/types\/post"}],"author":[{"embeddable":true,"href":"https:\/\/tucomarca.whitekongsoftware.com\/ca\/wp-json\/wp\/v2\/users\/12"}],"replies":[{"embeddable":true,"href":"https:\/\/tucomarca.whitekongsoftware.com\/ca\/wp-json\/wp\/v2\/comments?post=143934"}],"version-history":[{"count":0,"href":"https:\/\/tucomarca.whitekongsoftware.com\/ca\/wp-json\/wp\/v2\/posts\/143934\/revisions"}],"wp:featuredmedia":[{"embeddable":true,"href":"https:\/\/tucomarca.whitekongsoftware.com\/ca\/wp-json\/wp\/v2\/media\/143932"}],"wp:attachment":[{"href":"https:\/\/tucomarca.whitekongsoftware.com\/ca\/wp-json\/wp\/v2\/media?parent=143934"}],"wp:term":[{"taxonomy":"category","embeddable":true,"href":"https:\/\/tucomarca.whitekongsoftware.com\/ca\/wp-json\/wp\/v2\/categories?post=143934"},{"taxonomy":"post_tag","embeddable":true,"href":"https:\/\/tucomarca.whitekongsoftware.com\/ca\/wp-json\/wp\/v2\/tags?post=143934"}],"curies":[{"name":"wp","href":"https:\/\/api.w.org\/{rel}","templated":true}]}}