{"id":143922,"date":"2021-11-09T12:00:00","date_gmt":"2021-11-09T11:00:00","guid":{"rendered":"http:\/\/www.tucomarca.com\/wordpress\/segunda\/?p=143922"},"modified":"2021-11-10T02:05:29","modified_gmt":"2021-11-10T01:05:29","slug":"riba-roja-convoca-les-ajudes-del-pla-resistir-iii-destinades-als-autonoms-i-pimes-afectats-per-la-covid-amb-un-valor-global-de-308-130-euros","status":"publish","type":"post","link":"https:\/\/tucomarca.whitekongsoftware.com\/ca\/riba-roja-convoca-les-ajudes-del-pla-resistir-iii-destinades-als-autonoms-i-pimes-afectats-per-la-covid-amb-un-valor-global-de-308-130-euros\/","title":{"rendered":"Riba-roja convoca les ajudes del Pla Resistir III destinades als aut\u00f2noms i pimes afectats per la Covid amb un valor global de 308.130 euros"},"content":{"rendered":"\n<h4 class=\"wp-block-heading\">L&#8217;ajuntament publica les bases per a les ajudes econ\u00f2miques&nbsp;<\/h4>\n\n\n\n<p class=\"wp-block-paragraph\">L&#8217;Ajuntament de Riba-roja de T\u00faria ha publicat les bases del Pla Resistir III destinat a totes aquelles empreses, aut\u00f2noms i sectors m\u00e9s afectats pels efectes del coronavirus que va irrompre al mar\u00e7 del passat any. Les ajudes econ\u00f2miques fixades per l&#8217;equip de govern seran de 2.000 euros per cada beneficiari, m\u00e9s altres 200 euros per cada treballador afiliat a la Seguretat Social.&nbsp;<\/p>\n\n\n\n<p class=\"wp-block-paragraph\">El Pla Resistir \u00e9s un programa d&#8217;\u00e0mbit auton\u00f2mic afavorit per la Generalitat Valenciana que en el cas de Riba-roja de T\u00faria t\u00e9 una assignaci\u00f3 global de 615.101 euros en total, dels quals s&#8217;han distribu\u00eft ja 241.366 euros en una primera convocat\u00f2ria, altres 65.603 euros en una segona fase i, finalment, l&#8217;actual tercera fase en la qual es repartiran els restants 308.130 euros.&nbsp;<\/p>\n\n\n\n<p class=\"wp-block-paragraph\">Les bases reguladores del Pla Resistir II establien que en el cas que en aquesta convocat\u00f2ria no s&#8217;esgotara la quantia total assignada a aquest efecte \u2013un total de 373.734 euros- es destinaran a la concessi\u00f3 de les ajudes per als aut\u00f2noms i microempreses amb un m\u00e0xim de 10 treballadors que figuren donats d&#8217;alta a 31 de desembre del passat any 2020 \u201csempre que es justifiquen despeses diferents a la primera edici\u00f3\u201d.&nbsp;<\/p>\n\n\n\n<p class=\"wp-block-paragraph\">At\u00e9s que en la segona convocat\u00f2ria del Pla Resistir II l&#8217;Ajuntament de Riba-roja de T\u00faria va abonar ajudes per valor de 65.603 euros, llavors s&#8217;ha procedit a convocar una nova edici\u00f3 amb els restants 373.734 euros.&nbsp;<\/p>\n\n\n\n<p class=\"wp-block-paragraph\">En aquesta tercera edici\u00f3 els sectors que podran optar a les mateixes s\u00f3n aquells relacionats amb l&#8217;hostaleria, la restauraci\u00f3, l&#8217;oci i la cultura, \u00e9s a dir, aquelles que es van veure afectades en major mesura per les conseq\u00fc\u00e8ncies de la pand\u00e8mia del covid. En aquesta convocat\u00f2ria es pret\u00e9n contribuir al sosteniment de les despeses corrents habituals que s&#8217;han continuat suportant malgrat la manca o disminuci\u00f3 dels ingressos i, per tant, es contribueix a la viabilitat econ\u00f2mica.&nbsp;<\/p>\n\n\n\n<p class=\"wp-block-paragraph\">El procediment per a la concessi\u00f3 de les ajudes es basa en la concurr\u00e8ncia competitiva fins que s&#8217;esgote el cr\u00e8dit econ\u00f2mic previst, amb un criteri de valoraci\u00f3 establit en la data i hora d&#8217;entrada de la sol\u00b7licitud, sempre que complisquen la totalitat dels requisits establits en les bases reguladores i aporten la totalitat de la documentaci\u00f3 requerida a aquest efecte.&nbsp;<\/p>\n\n\n\n<p class=\"wp-block-paragraph\">Podran accedir a aquestes ajudes les persones f\u00edsiques o jur\u00eddiques en la seua condici\u00f3 d&#8217;aut\u00f2noms o microempresa que no tinguen m\u00e9s de 10 treballadors donats d&#8217;alta en la Seguretat Social i en Hisenda, amb domicili fiscal a Riba-roja de T\u00faria, no haver sigut beneficiaris en un altre municipi amb el Pla Resistir, mancar de deutes amb l&#8217;ajuntament, al corrent de les seues obligacions tribut\u00e0ries amb Hisenda i, finalment, prefer\u00e8ncia per a aquelles que van resultar benefici\u00e0ries amb la primera edici\u00f3 d&#8217;aquest pla.&nbsp;<\/p>\n\n\n\n<p class=\"wp-block-paragraph\">Les despeses que es finan\u00e7aran s\u00f3n aquells relacionats amb l&#8217;arrendament del local comercial, les compres de mercaderies i aprovisionaments, despeses en subministraments, despeses de reparaci\u00f3 i conservaci\u00f3, despeses en personal en sous, salaris o quotes de la seguretat social, despeses en interessos hipotecaris vinculats amb l&#8217;establiment comercial i altres despeses corrents relacionades.&nbsp;<\/p>\n\n\n\n<p class=\"wp-block-paragraph\">La quantia de l&#8217;ajuda econ\u00f2mica prevista en aquesta convocat\u00f2ria de Riba-roja de T\u00faria s&#8217;ha fixat en 2.000 euros per cadascuna d&#8217;elles m\u00e9s altres 200 euros per treballador fins a aconseguir un m\u00e0xim de 2.000 euros, de manera que la quantitat global pot suposar una ajuda m\u00e0xima de 4.000 euros per a cadascuna de les peticions concedides, entre la concessi\u00f3 directa i els empleats a c\u00e0rrec.&nbsp;<\/p>\n\n\n\n<p class=\"wp-block-paragraph\">L&#8217;alcalde de Riba-roja de T\u00faria, Robert Raga, ha assenyalat que aquestes ajudes \u201cs\u00f3n d&#8217;una import\u00e0ncia vital per a totes aquelles empreses i aut\u00f2noms assotats pels efectes adversos del coronavirus i, per aix\u00f2, posem a la seua disposici\u00f3 els restants 308.130 euros contingut en el Pla Resistir impulsat per la Generalitat i que serviran per a la bona marxa i el funcionament d&#8217;aquests sectors\u201d.<\/p>\n\n\n\n<p class=\"wp-block-paragraph\"><\/p>\n","protected":false},"excerpt":{"rendered":"<div class=\"mh-excerpt\">L&#8217;ajuntament publica les bases per a les ajudes econ\u00f2miques&nbsp; L&#8217;Ajuntament de Riba-roja de T\u00faria ha publicat les bases del Pla Resistir III destinat a totes aquelles empreses, aut\u00f2noms i sectors m\u00e9s afectats pels efectes del <a class=\"mh-excerpt-more\" href=\"https:\/\/tucomarca.whitekongsoftware.com\/ca\/riba-roja-convoca-les-ajudes-del-pla-resistir-iii-destinades-als-autonoms-i-pimes-afectats-per-la-covid-amb-un-valor-global-de-308-130-euros\/\" title=\"Riba-roja convoca les ajudes del Pla Resistir III destinades als aut\u00f2noms i pimes afectats per la Covid amb un valor global de 308.130 euros\">[+] <\/a><\/div>\n","protected":false},"author":12,"featured_media":143921,"comment_status":"open","ping_status":"open","sticky":false,"template":"","format":"standard","meta":{"footnotes":""},"categories":[10892,10948,10894,10947,10906,10896],"tags":[10899,15835,15024],"class_list":["post-143922","post","type-post","status-publish","format-standard","has-post-thumbnail","category-camp-de-turia-ca","category-infraestructuras-ca","category-la-comarca-ca","category-politica","category-riba-roja-ca","category-seccion-ca","tag-camp-de-turia-ca","tag-plan-resistir-iii-ca","tag-riba-roja-de-turia-ca"],"_links":{"self":[{"href":"https:\/\/tucomarca.whitekongsoftware.com\/ca\/wp-json\/wp\/v2\/posts\/143922","targetHints":{"allow":["GET"]}}],"collection":[{"href":"https:\/\/tucomarca.whitekongsoftware.com\/ca\/wp-json\/wp\/v2\/posts"}],"about":[{"href":"https:\/\/tucomarca.whitekongsoftware.com\/ca\/wp-json\/wp\/v2\/types\/post"}],"author":[{"embeddable":true,"href":"https:\/\/tucomarca.whitekongsoftware.com\/ca\/wp-json\/wp\/v2\/users\/12"}],"replies":[{"embeddable":true,"href":"https:\/\/tucomarca.whitekongsoftware.com\/ca\/wp-json\/wp\/v2\/comments?post=143922"}],"version-history":[{"count":0,"href":"https:\/\/tucomarca.whitekongsoftware.com\/ca\/wp-json\/wp\/v2\/posts\/143922\/revisions"}],"wp:featuredmedia":[{"embeddable":true,"href":"https:\/\/tucomarca.whitekongsoftware.com\/ca\/wp-json\/wp\/v2\/media\/143921"}],"wp:attachment":[{"href":"https:\/\/tucomarca.whitekongsoftware.com\/ca\/wp-json\/wp\/v2\/media?parent=143922"}],"wp:term":[{"taxonomy":"category","embeddable":true,"href":"https:\/\/tucomarca.whitekongsoftware.com\/ca\/wp-json\/wp\/v2\/categories?post=143922"},{"taxonomy":"post_tag","embeddable":true,"href":"https:\/\/tucomarca.whitekongsoftware.com\/ca\/wp-json\/wp\/v2\/tags?post=143922"}],"curies":[{"name":"wp","href":"https:\/\/api.w.org\/{rel}","templated":true}]}}