{"id":143894,"date":"2021-11-09T11:38:00","date_gmt":"2021-11-09T10:38:00","guid":{"rendered":"http:\/\/www.tucomarca.com\/wordpress\/segunda\/?p=143894"},"modified":"2021-11-10T02:12:16","modified_gmt":"2021-11-10T01:12:16","slug":"utiel-convoca-la-ii-edicio-del-concurs-de-dibuix-per-una-infancia-felic","status":"publish","type":"post","link":"https:\/\/tucomarca.whitekongsoftware.com\/ca\/utiel-convoca-la-ii-edicio-del-concurs-de-dibuix-per-una-infancia-felic\/","title":{"rendered":"Utiel convoca la II edici\u00f3 del concurs de dibuix \u201cPer una inf\u00e0ncia feli\u00e7\u201d"},"content":{"rendered":"\n<h4 class=\"wp-block-heading\">Xiquets i joves podran presentar dibuixos, collages o pintures sobre la inf\u00e0ncia fins al divendres 19 de novembre.<br>El Consell Local de la Inf\u00e0ncia i l&#8217;Adolesc\u00e8ncia (CLIA) formar\u00e0 part del jurat qualificador.<\/h4>\n\n\n\n<p class=\"wp-block-paragraph\">Per segon any consecutiu, l&#8217;Ajuntament d&#8217;Utiel convoca el concurs de dibuix \u201cPer una inf\u00e0ncia feli\u00e7\u201d amb l&#8217;objectiu d&#8217;implicar xiquets i joves del municipi en la reivindicaci\u00f3 dels drets de la inf\u00e0ncia.<br>Per a visibilitzar el Dia Internacional dels Drets de la Inf\u00e0ncia, que es commemora el pr\u00f2xim 20 de novembre, les regidories d&#8217;Inf\u00e0ncia i Joventut i Serveis Socials organitzen aquest certamen dirigit a xiquets i joves d&#8217;edats compreses entre 6 i 16 anys que estiguen cursant estudis en centres educatius d&#8217;Utiel i pedanies.<br>Els drets de la inf\u00e0ncia<br>Els participants podran seleccionar qualsevol article de la Convenci\u00f3 dels Drets del Xiquet com a inspiraci\u00f3 per a presentar els seus treballs utilitzant les t\u00e8cniques o materials que preferisquen.<br>Entre els articles del tractat internacional, l&#8217;Ajuntament d&#8217;Utiel ha seleccionat alguns dels drets fonamentals de la inf\u00e0ncia per a elaborar un d\u00edptic que pot servir de guia als alumnes.<br>Entre altres destaquen el dret a una vida digna, a l&#8217;alimentaci\u00f3, a la no discriminaci\u00f3, a la intimitat, a la salut, a l&#8217;educaci\u00f3 o el dret al joc i al descans.<br>L&#8217;alumnat interessat podr\u00e0 utilitzar qualsevol d&#8217;aquests articles per a reflectir a trav\u00e9s d&#8217;un dibuix, collage o pintura la import\u00e0ncia de la protecci\u00f3 del benestar de la inf\u00e0ncia tenint en compte que els xiquets s\u00f3n un dels col\u00b7lectius m\u00e9s vulnerables en la societat.<br>Termini de presentaci\u00f3 d&#8217;obres<br>Els participants tenen de termini fins al 19 de novembre per a entregar les seues obres en la consergeria de l&#8217;Ajuntament d&#8217;Utiel en horari de 9 a 14.00 hores.&nbsp;<\/p>\n\n\n\n<p class=\"wp-block-paragraph\">Premis&nbsp;<br>Igual que en l&#8217;anterior edici\u00f3, els premis consistiran en diferents lots de material escolar establint-se tres premis per categoria.<\/p>\n\n\n\n<p class=\"wp-block-paragraph\">Les categories s&#8217;estableixen per rang d&#8217;edat: De 6 a 9 anys; de 10 a 12 anys i de 13 a 16 anys, comptant cada categoria amb un primer premi valorat en 100\u20ac, un segon de 75 \u20ac i un tercer premi dotat amb un import de 50 \u20ac.<\/p>\n\n\n\n<p class=\"wp-block-paragraph\">En aquesta edici\u00f3, el jurat qualificador tamb\u00e9 estar\u00e0 format per membres del Consell Local d&#8217;Inf\u00e0ncia i Adolesc\u00e8ncia (CLIA) que valoraran les obres presentades a concurs juntament amb representants dels departaments de Joventut i Serveis Socials.<\/p>\n\n\n\n<p class=\"wp-block-paragraph\">De fet, la votaci\u00f3 de les obres presentades a concurs tindr\u00e0 lloc en el Centre Jove d&#8217;Utiel durant el desenvolupament de la junta ordin\u00e0ria del CLIA el dilluns 22 de novembre.<\/p>\n\n\n\n<p class=\"wp-block-paragraph\">El jurat qualificador far\u00e0 p\u00fablics els premis el 23 de novembre, a trav\u00e9s dels diferents canals de comunicaci\u00f3 de l&#8217;Ajuntament d&#8217;Utiel.<\/p>\n\n\n\n<p class=\"wp-block-paragraph\">D\u00edptic sobre els Drets de la Inf\u00e0ncia i Bases de la II edici\u00f3 del Concurs de Dibuix \u201cPer una inf\u00e0ncia feli\u00e7\u201d en www.utiel.es<\/p>\n\n\n\n<p class=\"wp-block-paragraph\"><\/p>\n","protected":false},"excerpt":{"rendered":"<div class=\"mh-excerpt\">Xiquets i joves podran presentar dibuixos, collages o pintures sobre la inf\u00e0ncia fins al divendres 19 de novembre.El Consell Local de la Inf\u00e0ncia i l&#8217;Adolesc\u00e8ncia (CLIA) formar\u00e0 part del jurat qualificador. Per segon any consecutiu, <a class=\"mh-excerpt-more\" href=\"https:\/\/tucomarca.whitekongsoftware.com\/ca\/utiel-convoca-la-ii-edicio-del-concurs-de-dibuix-per-una-infancia-felic\/\" title=\"Utiel convoca la II edici\u00f3 del concurs de dibuix \u201cPer una inf\u00e0ncia feli\u00e7\u201d\">[+] <\/a><\/div>\n","protected":false},"author":12,"featured_media":143893,"comment_status":"open","ping_status":"open","sticky":false,"template":"","format":"standard","meta":{"footnotes":""},"categories":[11019,10948,10894,10909,10896,11059],"tags":[15826,15827,10910,11174],"class_list":["post-143894","post","type-post","status-publish","format-standard","has-post-thumbnail","category-agenda-ca","category-infraestructuras-ca","category-la-comarca-ca","category-requena-utiel-ca","category-seccion-ca","category-utiel-ca","tag-concurso-de-dibujo-ca","tag-por-una-infancia-feliz-ca","tag-requena-utiel-ca","tag-utiel-ca"],"_links":{"self":[{"href":"https:\/\/tucomarca.whitekongsoftware.com\/ca\/wp-json\/wp\/v2\/posts\/143894","targetHints":{"allow":["GET"]}}],"collection":[{"href":"https:\/\/tucomarca.whitekongsoftware.com\/ca\/wp-json\/wp\/v2\/posts"}],"about":[{"href":"https:\/\/tucomarca.whitekongsoftware.com\/ca\/wp-json\/wp\/v2\/types\/post"}],"author":[{"embeddable":true,"href":"https:\/\/tucomarca.whitekongsoftware.com\/ca\/wp-json\/wp\/v2\/users\/12"}],"replies":[{"embeddable":true,"href":"https:\/\/tucomarca.whitekongsoftware.com\/ca\/wp-json\/wp\/v2\/comments?post=143894"}],"version-history":[{"count":0,"href":"https:\/\/tucomarca.whitekongsoftware.com\/ca\/wp-json\/wp\/v2\/posts\/143894\/revisions"}],"wp:featuredmedia":[{"embeddable":true,"href":"https:\/\/tucomarca.whitekongsoftware.com\/ca\/wp-json\/wp\/v2\/media\/143893"}],"wp:attachment":[{"href":"https:\/\/tucomarca.whitekongsoftware.com\/ca\/wp-json\/wp\/v2\/media?parent=143894"}],"wp:term":[{"taxonomy":"category","embeddable":true,"href":"https:\/\/tucomarca.whitekongsoftware.com\/ca\/wp-json\/wp\/v2\/categories?post=143894"},{"taxonomy":"post_tag","embeddable":true,"href":"https:\/\/tucomarca.whitekongsoftware.com\/ca\/wp-json\/wp\/v2\/tags?post=143894"}],"curies":[{"name":"wp","href":"https:\/\/api.w.org\/{rel}","templated":true}]}}