{"id":143878,"date":"2021-11-10T08:00:00","date_gmt":"2021-11-10T07:00:00","guid":{"rendered":"http:\/\/www.tucomarca.com\/wordpress\/segunda\/?p=143878"},"modified":"2021-11-10T10:02:17","modified_gmt":"2021-11-10T09:02:17","slug":"el-circuit-ricardo-tormo-celebra-aquest-cap-de-setmana-el-gran-premi-motul-de-la-comunitat-valenciana","status":"publish","type":"post","link":"https:\/\/tucomarca.whitekongsoftware.com\/ca\/el-circuit-ricardo-tormo-celebra-aquest-cap-de-setmana-el-gran-premi-motul-de-la-comunitat-valenciana\/","title":{"rendered":"El Circuit Ricardo Tormo celebra aquest cap de setmana el Gran Premi Motul de la Comunitat Valenciana"},"content":{"rendered":"\n<h4 class=\"wp-block-heading\">Per fi els aficionats tornaran a omplir les tribunes del Circuit Ricardo Tormo<\/h4>\n\n\n\n<h4 class=\"wp-block-heading\">Valentino Rossi ser\u00e0 el protagonista d&#8217;un Gran Premi en el qual correr\u00e0 la seua \u00faltima carrera de MotoGP<\/h4>\n\n\n\n<p class=\"wp-block-paragraph\">El Circuit Ricardo Tormo celebra el pr\u00f2xim cap de setmana 12, 13 i 14 de novembre el Gran Premi Motul de la Comunitat Valenciana, El tra\u00e7at de Cheste tornar\u00e0 a acollir l&#8217;\u00faltima cita de la temporada del Mundial de MotoGP, l&#8217;\u00faltima carrera de Valentino Rossi.<\/p>\n\n\n\n<p class=\"wp-block-paragraph\">El dimecres ja s&#8217;escoltaran els primers motors amb el comen\u00e7ament dels entrenaments de l&#8217;\u00faltima ronda de la FIM MiniGP World S\u00e8ries, una nova competici\u00f3 creada per l&#8217;empresa que gestiona els drets del mundial, Dorna Sports i la Federaci\u00f3 Internacional de Motociclisme, l&#8217;objectiu del qual \u00e9s fer una plataforma igualit\u00e0ria per als joves pilots de tot el m\u00f3n, aix\u00ed com augmentar la seua habilitat i les seues oportunitats en la senda cap a MotoGP.<\/p>\n\n\n\n<p class=\"wp-block-paragraph\">Les carreres d&#8217;aquesta categoria tindran lloc durant el mat\u00ed del dijous i despr\u00e9s d&#8217;elles se celebrar\u00e0 la cerim\u00f2nia dels campions. Durant aquest mateix dijous, els pilots de MotoGP ja estaran a Val\u00e8ncia amb els habituals esdeveniments previs a un Gran Premi. A les quatre en punt de la vesprada Valentino Rossi oferir\u00e0 una roda de premsa exclusiva i una hora m\u00e9s tard se celebrar\u00e0 la roda de premsa oficial de MotoGP amb la pres\u00e8ncia de Fabio Quartararo, Francesco Bagnaia (Ducati), Joan Mir (Suzuki), Jack Miller (Ducati) i Alex M\u00e1rquez (Honda). A m\u00e9s, just despr\u00e9s, Ra\u00fal Fern\u00e1ndez (Kalex) i Remy Gardner (Kalex), els dos contendents al t\u00edtol de Moto2, faran una roda de premsa especial.<\/p>\n\n\n\n<p class=\"wp-block-paragraph\">El tradicional &#8216;Pit Walk&#8217; no es podr\u00e0 celebrar aquesta temporada per a evitar aglomeracions, de manera que la primera jornada amb p\u00fablic ser\u00e0 la del divendres 12 de novembre.<\/p>\n\n\n\n<p class=\"wp-block-paragraph\">El divendres comen\u00e7ar\u00e0 l&#8217;acci\u00f3 en pista amb els primers entrenaments lliures, que s&#8217;iniciaran a les nou en punt del mat\u00ed amb Moto3 i finalitzaran des de les 15.10 hores fins a les 15.50 hores amb el FP2 de Moto2. En la vesprada del divendres, a les 18.00 hores, se celebrar\u00e0 la final dels MotoGP eSports Global S\u00e8ries.<\/p>\n\n\n\n<p class=\"wp-block-paragraph\">El dissabte ser\u00e0 el dia de les sessions classificat\u00f2ries, amb els \u00faltims entrenaments lliures al mat\u00ed i el comen\u00e7ament de les qualificacions a les 12.35 hores en el cas de Moto3, a les 14.10 MotoGP i a les 15.10 hores la de Moto2.<\/p>\n\n\n\n<p class=\"wp-block-paragraph\">Les carreres del diumenge tindran l&#8217;horari habitual, despr\u00e9s dels warm up la carrera de Moto3 comen\u00e7ar\u00e0 a les onze en punt, el t\u00edtol de Moto2 es decidir\u00e0 a les 12.20 hores i a les 14.00 hores donar\u00e0 principi la carrera de MotoGP.<\/p>\n\n\n\n<p class=\"wp-block-paragraph\">A m\u00e9s, enguany est\u00e0 de tornada la gala de final de temporada de MotoGP, que se celebrar\u00e0 en Fira Val\u00e8ncia i que donar\u00e0 principi a les 21.00 hores.<\/p>\n\n\n\n<p class=\"wp-block-paragraph\">Com veiem, el #ValenciaGP arriba carregat d&#8217;activitats en el Circuit, per\u00f2 tamb\u00e9 fora d&#8217;ell, ja que tots els amants del motor podran visitar en Fira Val\u00e8ncia el Sal\u00f3 2 Rodes, el sal\u00f3 de motos i bicicletes de Val\u00e8ncia en el qual es podran trobar grans ofertes de les marques m\u00e9s importants i participar en moltes activitats paral\u00b7leles relacionades amb el m\u00f3n de la moto.<\/p>\n\n\n\n<p class=\"wp-block-paragraph\"><\/p>\n","protected":false},"excerpt":{"rendered":"<div class=\"mh-excerpt\">Per fi els aficionats tornaran a omplir les tribunes del Circuit Ricardo Tormo Valentino Rossi ser\u00e0 el protagonista d&#8217;un Gran Premi en el qual correr\u00e0 la seua \u00faltima carrera de MotoGP El Circuit Ricardo Tormo <a class=\"mh-excerpt-more\" href=\"https:\/\/tucomarca.whitekongsoftware.com\/ca\/el-circuit-ricardo-tormo-celebra-aquest-cap-de-setmana-el-gran-premi-motul-de-la-comunitat-valenciana\/\" title=\"El Circuit Ricardo Tormo celebra aquest cap de setmana el Gran Premi Motul de la Comunitat Valenciana\">[+] <\/a><\/div>\n","protected":false},"author":12,"featured_media":143877,"comment_status":"open","ping_status":"open","sticky":false,"template":"","format":"standard","meta":{"footnotes":""},"categories":[11003,10898,10948,10894,10904,10912,11011,10896,10974],"tags":[11071,11412,11348,11349,10914],"class_list":["post-143878","post","type-post","status-publish","format-standard","has-post-thumbnail","category-sports","category-ventana-ca","category-infraestructuras-ca","category-la-comarca-ca","category-sin-categorizar-ca","category-la-hoya-ca","category-motociclismo-ca","category-seccion-ca","category-cheste-ca","tag-cheste","tag-circuit-ricardo-tormo-ca","tag-circuito-de-cheste-ca","tag-gran-premio-de-la-comunitat-valenciana-ca","tag-la-hoya-de-bunol-chiva-ca"],"_links":{"self":[{"href":"https:\/\/tucomarca.whitekongsoftware.com\/ca\/wp-json\/wp\/v2\/posts\/143878","targetHints":{"allow":["GET"]}}],"collection":[{"href":"https:\/\/tucomarca.whitekongsoftware.com\/ca\/wp-json\/wp\/v2\/posts"}],"about":[{"href":"https:\/\/tucomarca.whitekongsoftware.com\/ca\/wp-json\/wp\/v2\/types\/post"}],"author":[{"embeddable":true,"href":"https:\/\/tucomarca.whitekongsoftware.com\/ca\/wp-json\/wp\/v2\/users\/12"}],"replies":[{"embeddable":true,"href":"https:\/\/tucomarca.whitekongsoftware.com\/ca\/wp-json\/wp\/v2\/comments?post=143878"}],"version-history":[{"count":0,"href":"https:\/\/tucomarca.whitekongsoftware.com\/ca\/wp-json\/wp\/v2\/posts\/143878\/revisions"}],"wp:featuredmedia":[{"embeddable":true,"href":"https:\/\/tucomarca.whitekongsoftware.com\/ca\/wp-json\/wp\/v2\/media\/143877"}],"wp:attachment":[{"href":"https:\/\/tucomarca.whitekongsoftware.com\/ca\/wp-json\/wp\/v2\/media?parent=143878"}],"wp:term":[{"taxonomy":"category","embeddable":true,"href":"https:\/\/tucomarca.whitekongsoftware.com\/ca\/wp-json\/wp\/v2\/categories?post=143878"},{"taxonomy":"post_tag","embeddable":true,"href":"https:\/\/tucomarca.whitekongsoftware.com\/ca\/wp-json\/wp\/v2\/tags?post=143878"}],"curies":[{"name":"wp","href":"https:\/\/api.w.org\/{rel}","templated":true}]}}