{"id":143794,"date":"2021-11-08T20:30:00","date_gmt":"2021-11-08T19:30:00","guid":{"rendered":"http:\/\/www.tucomarca.com\/wordpress\/segunda\/?p=143794"},"modified":"2021-11-09T10:50:17","modified_gmt":"2021-11-09T09:50:17","slug":"bunyol-llanca-una-campanya-solidaria-per-a-recaptar-fons-per-als-damnificats-del-volca-de-lilla-de-la-palma","status":"publish","type":"post","link":"https:\/\/tucomarca.whitekongsoftware.com\/ca\/bunyol-llanca-una-campanya-solidaria-per-a-recaptar-fons-per-als-damnificats-del-volca-de-lilla-de-la-palma\/","title":{"rendered":"Bunyol llan\u00e7a una campanya solid\u00e0ria per a recaptar fons per als damnificats del volc\u00e0 de l&#8217;illa de la Palma"},"content":{"rendered":"\n<h4 class=\"wp-block-heading\">Diverses associacions i entitats de Bunyol, en col\u00b7laboraci\u00f3 amb l&#8217;Ajuntament, han iniciat una campanya de recaptaci\u00f3 de fons sota el lema &#8220;L&#8217;acci\u00f3 m\u00e9s xicoteta \u00e9s millor que la intenci\u00f3 m\u00e9s gran. Tod@s amb La Palma. Amb les teues donacions La Palma tornar\u00e0 a ser verda&#8221; per a enviar al Cabildo de la Palma i col\u00b7laborar en la recuperaci\u00f3 de tots els b\u00e9ns perduts per part de la poblaci\u00f3 d&#8217;aquesta illa a conseq\u00fc\u00e8ncia de l&#8217;erupci\u00f3 del volc\u00e0 el passat 19 de setembre.<\/h4>\n\n\n\n<p class=\"wp-block-paragraph\">Des de l&#8217;organitzaci\u00f3 d&#8217;aquesta campanya han recordat que aquest desastre natural ha causat la devastaci\u00f3 total de municipis, infraestructures, canalitzacions d&#8217;aigua, explotacions agr\u00edcoles plataneras i un llarg etc\u00e8tera de sobres conegut per tots i que est\u00e0 suposant per a la poblaci\u00f3 de les zones afectades una vertadera cat\u00e0strofe ja que han perdut les seues cases i el que \u00e9s encara pitjor la seua manera de vida, subsist\u00e8ncia i arrelament al territori.<br>Per a aquesta campanya s&#8217;ha fet una crida a les entitats, associacions i col\u00b7lectius de Bu\u00f1ol a col\u00b7laborar en la difusi\u00f3 i recaptaci\u00f3 de fons per a pal\u00b7liar aquesta vertadera trag\u00e8dia per a milers de persones i demostrar una vegada m\u00e9s que la solidaritat \u00e9s una de les nostres caracter\u00edstiques m\u00e9s recognoscibles.<br>Per a aix\u00f2, l&#8217;Ajuntament de Bu\u00f1ol ha editat un cartell que distribuir\u00e0 entre les diferents entitats i col\u00b7lectius que donen suport a aquesta iniciativa per a ser col\u00b7locats i difosos entre la poblaci\u00f3. En el cartell apareixeran totes les dades necess\u00e0ries per a poder fer els donatius econ\u00f2mics que cada persona de manera individual o col\u00b7lectiva desitge fer i que aniran destinats al cap\u00edtol de la Palma que \u00e9s la instituci\u00f3 que representa i administra a tota l&#8217;illa. Aquests fons econ\u00f2mics seran distribu\u00efts pel cap\u00edtol de la Palma conforme a les necessitats de la seua poblaci\u00f3 de manera equitativa.<br>Els donatius es poden fer al seg\u00fcent n\u00famero de compte i introduint les seg\u00fcents dades:<\/p>\n\n\n\n<p class=\"wp-block-paragraph\">Concepte: &#8220;Donaci\u00f3 Volc\u00e0&#8221;<br>Destinatari: Cabildo Insular de la Palma<br>IBAN: ES47 2100 9169 0122 0017 9456<br>Bizum: Codi 03747<\/p>\n\n\n\n<p class=\"wp-block-paragraph\">Des del Consistori bu\u00f1olense, aix\u00ed com des de totes les organitzacions, associacions i entitats col\u00b7laboradores, demanen la m\u00e0xima col\u00b7laboraci\u00f3 per a ajudar a totes les persones afectades per aquest desastre natural.<\/p>\n\n\n\n<p class=\"wp-block-paragraph\"><\/p>\n","protected":false},"excerpt":{"rendered":"<div class=\"mh-excerpt\">Diverses associacions i entitats de Bunyol, en col\u00b7laboraci\u00f3 amb l&#8217;Ajuntament, han iniciat una campanya de recaptaci\u00f3 de fons sota el lema &#8220;L&#8217;acci\u00f3 m\u00e9s xicoteta \u00e9s millor que la intenci\u00f3 m\u00e9s gran. Tod@s amb La Palma. <a class=\"mh-excerpt-more\" href=\"https:\/\/tucomarca.whitekongsoftware.com\/ca\/bunyol-llanca-una-campanya-solidaria-per-a-recaptar-fons-per-als-damnificats-del-volca-de-lilla-de-la-palma\/\" title=\"Bunyol llan\u00e7a una campanya solid\u00e0ria per a recaptar fons per als damnificats del volc\u00e0 de l&#8217;illa de la Palma\">[+] <\/a><\/div>\n","protected":false},"author":12,"featured_media":143793,"comment_status":"open","ping_status":"open","sticky":false,"template":"","format":"standard","meta":{"footnotes":""},"categories":[10911,10948,10894,10912,10896,10897],"tags":[10913,15814,10914,15815],"class_list":["post-143794","post","type-post","status-publish","format-standard","has-post-thumbnail","category-bunol-ca","category-infraestructuras-ca","category-la-comarca-ca","category-la-hoya-ca","category-seccion-ca","category-sucesos-la-comarca-ca","tag-bunol-ca","tag-damnificados-por-el-volcan-de-la-palma-ca","tag-la-hoya-de-bunol-chiva-ca","tag-las-palmas-ca"],"_links":{"self":[{"href":"https:\/\/tucomarca.whitekongsoftware.com\/ca\/wp-json\/wp\/v2\/posts\/143794","targetHints":{"allow":["GET"]}}],"collection":[{"href":"https:\/\/tucomarca.whitekongsoftware.com\/ca\/wp-json\/wp\/v2\/posts"}],"about":[{"href":"https:\/\/tucomarca.whitekongsoftware.com\/ca\/wp-json\/wp\/v2\/types\/post"}],"author":[{"embeddable":true,"href":"https:\/\/tucomarca.whitekongsoftware.com\/ca\/wp-json\/wp\/v2\/users\/12"}],"replies":[{"embeddable":true,"href":"https:\/\/tucomarca.whitekongsoftware.com\/ca\/wp-json\/wp\/v2\/comments?post=143794"}],"version-history":[{"count":0,"href":"https:\/\/tucomarca.whitekongsoftware.com\/ca\/wp-json\/wp\/v2\/posts\/143794\/revisions"}],"wp:featuredmedia":[{"embeddable":true,"href":"https:\/\/tucomarca.whitekongsoftware.com\/ca\/wp-json\/wp\/v2\/media\/143793"}],"wp:attachment":[{"href":"https:\/\/tucomarca.whitekongsoftware.com\/ca\/wp-json\/wp\/v2\/media?parent=143794"}],"wp:term":[{"taxonomy":"category","embeddable":true,"href":"https:\/\/tucomarca.whitekongsoftware.com\/ca\/wp-json\/wp\/v2\/categories?post=143794"},{"taxonomy":"post_tag","embeddable":true,"href":"https:\/\/tucomarca.whitekongsoftware.com\/ca\/wp-json\/wp\/v2\/tags?post=143794"}],"curies":[{"name":"wp","href":"https:\/\/api.w.org\/{rel}","templated":true}]}}