{"id":143781,"date":"2021-11-05T13:00:00","date_gmt":"2021-11-05T12:00:00","guid":{"rendered":"http:\/\/www.tucomarca.com\/wordpress\/segunda\/?p=143781"},"modified":"2021-11-09T10:53:14","modified_gmt":"2021-11-09T09:53:14","slug":"la-regidoria-durbanisme-de-bunyol-informa-mitjancant-una-xarrada-sobre-lexpedient-de-minimitzacio-dimpacte-territorial-per-a-la-regularitzacio-de-cases-de-muntanya","status":"publish","type":"post","link":"https:\/\/tucomarca.whitekongsoftware.com\/ca\/la-regidoria-durbanisme-de-bunyol-informa-mitjancant-una-xarrada-sobre-lexpedient-de-minimitzacio-dimpacte-territorial-per-a-la-regularitzacio-de-cases-de-muntanya\/","title":{"rendered":"La Regidoria d&#8217;Urbanisme de Bunyol informa mitjan\u00e7ant una xarrada sobre l&#8217;expedient de Minimitzaci\u00f3 d&#8217;Impacte Territorial per a la regularitzaci\u00f3 de cases de muntanya"},"content":{"rendered":"\n<h4 class=\"wp-block-heading\">La xarrada sobre l&#8217;expedient de MIT per a la regularitzaci\u00f3 de cases de muntanya a Bunyol va tindre lloc el dimecres a la Sala El Mercat amb gran \u00e8xit de p\u00fablic i participaci\u00f3. Va intervindre Rafa P\u00e9rez, regidor d&#8217;Urbanisme a l&#8217;Ajuntament de Bu\u00f1ol i Vicente Garc\u00eda, director general d&#8217;Urbanisme i Territori de la Generalitat Valenciana.\u00a0<\/h4>\n\n\n\n<p class=\"wp-block-paragraph\">La Regidoria d&#8217;Urbanisme de l&#8217;Ajuntament de Bunyol va organitzar una xarrada informativa el dimecres a la Sala El Mercat de Bunyol per a informar sobre els expedients de Minimitzaci\u00f3 d&#8217;Impacte Territorial (MIT) que tenen com a objectiu la regularitzaci\u00f3 de les cases de muntanya presents en tot el terme municipal i que estan en s\u00f2l r\u00fastic i no urbanitzable. R\u00e0dio Bu\u00f1ol TV va acostar a tots els que no van poder assistir de manera presencial aquest acte en directe. En les pr\u00f2ximes hores es pujar\u00e0 aquesta retransmissi\u00f3 completament editada per tots els seus canals informatius i de difusi\u00f3.<br>Rafael P\u00e9rez, edil d&#8217;Urbanisme del Consistori bu\u00f1olense, va intervindre primerament abans de Vicente Garc\u00eda, director general d&#8217;Urbanisme i Territori de la Generalitat Valenciana. Acompanyant l&#8217;acte va estar Jonquera Carrascosa, Alcaldessa de la localitat.<br>L&#8217;edil d&#8217;Urbanisme del Consistori bu\u00f1olense va informar els presents de la necessitat i urg\u00e8ncia de tindre els habitatges d&#8217;aquest tipus regularitzades a curt i mitj\u00e0 termini. \u201cEls propis ve\u00efns, la Confederaci\u00f3 Hidrogr\u00e0fica del X\u00faquer i la recentment creada Ag\u00e8ncia Valenciana de Protecci\u00f3 del Territori, a partir de 2022, vigilaran el control, la construcci\u00f3 i la contaminaci\u00f3 que puguen generar aquests habitatges que no es troben en situaci\u00f3 regular\u201d.<br>A m\u00e9s tamb\u00e9 va alertar als ve\u00efns de la necessitat de tots de comptar amb una legalitzaci\u00f3 dels habitatges del terme perqu\u00e8 en cas de patir alguna desgr\u00e0cia com a incendis forestals devastadors, o compra-venda, donacions a fills o her\u00e8ncies, si no es compta amb aqueixa legalitat no podr\u00e0 justificar-se de cap manera ni sol\u00b7licitar cap indemnitzaci\u00f3 possible.<br>P\u00e9rez va incidir en qu\u00e8 aquests tr\u00e0mits s\u00f3n costosos en el temps per\u00f2 no econ\u00f2micament, i que repercutiran positivament tant a nivell individual com col\u00b7lectiu perqu\u00e8 en el cas que els ve\u00efns tinguen els seus habitatges regularitzats en les partides de la localitat, l&#8217;Ajuntament tindr\u00e0 obligatorietat d&#8217;oferir serveis de qualitat, com la recollida de fem, el reciclatge i el condicionament de camins rurals. \u201cAlguna cosa que actualment no estem obligats per no tindre als nostres habitatges regularitzats per\u00f2 que encara aix\u00ed l&#8217;Ajuntament intenta oferir aqueix servei a tota la poblaci\u00f3\u201d, destacava l&#8217;edil.<br>Els tr\u00e0mits per a sol\u00b7licitar aquesta minimitzaci\u00f3 d&#8217;impacte territorial arranquen amb la consulta a un arquitecte o arquitecte t\u00e8cnic que redactar\u00e0 l&#8217;informe necessari. S&#8217;ha de sol\u00b7licitar per registre d&#8217;entrada a l&#8217;Ajuntament i per acord plenari arrancarien els tr\u00e0mits burocr\u00e0tics que finalitzarien amb aqueixa minimitzaci\u00f3, concedida pel propi Ajuntament.\u00a0<br>Vicente Garc\u00eda, director general d&#8217;Urbanisme i Territori, va assegurar que en la Comunitat Valenciana estan comptabilitzades entorn de 307.000 habitatges irregulars. \u201cEls Ajuntaments i la Conselleria facilitaran al propietari tots els tr\u00e0mits perqu\u00e8 pretenem que aquesta situaci\u00f3, que ve arrossegada de fa molts anys, ja estiga regularitzada i els danys puguen ser els menors per al ciutad\u00e0. Vull transmetre a la ciutadania que aix\u00f2 no \u00e9s un joc, en cas de multes poden arribar a tindre pena de pres\u00f3 si es continua construint de manera il\u00b7legal, sense permisos, envaint l&#8217;ecosistema o contaminant el nostre medi ambient\u201d.<br>El director general d&#8217;Urbanisme va respondre a tots els dubtes dels presents, que van ser molts els que van acudir a aquesta xarrada informativa. A m\u00e9s tamb\u00e9 va recordar que tota la informaci\u00f3 poden trobar-la en la web de la direcci\u00f3 general d&#8217;urbanisme, on poden descarregar-se una guia informativa i veure els passos a seguir per a sol\u00b7licitar aquesta regularitzaci\u00f3.<\/p>\n","protected":false},"excerpt":{"rendered":"<div class=\"mh-excerpt\">La xarrada sobre l&#8217;expedient de MIT per a la regularitzaci\u00f3 de cases de muntanya a Bunyol va tindre lloc el dimecres a la Sala El Mercat amb gran \u00e8xit de p\u00fablic i participaci\u00f3. Va intervindre <a class=\"mh-excerpt-more\" href=\"https:\/\/tucomarca.whitekongsoftware.com\/ca\/la-regidoria-durbanisme-de-bunyol-informa-mitjancant-una-xarrada-sobre-lexpedient-de-minimitzacio-dimpacte-territorial-per-a-la-regularitzacio-de-cases-de-muntanya\/\" title=\"La Regidoria d&#8217;Urbanisme de Bunyol informa mitjan\u00e7ant una xarrada sobre l&#8217;expedient de Minimitzaci\u00f3 d&#8217;Impacte Territorial per a la regularitzaci\u00f3 de cases de muntanya\">[+] <\/a><\/div>\n","protected":false},"author":12,"featured_media":143780,"comment_status":"open","ping_status":"open","sticky":false,"template":"","format":"standard","meta":{"footnotes":""},"categories":[10911,10948,10894,10912,10947,10896],"tags":[15806,10913,10914,15807,15808],"class_list":["post-143781","post","type-post","status-publish","format-standard","has-post-thumbnail","category-bunol-ca","category-infraestructuras-ca","category-la-comarca-ca","category-la-hoya-ca","category-politica","category-seccion-ca","tag-agencia-valenciana-de-proteccion-del-territorio-ca","tag-bunol-ca","tag-la-hoya-de-bunol-chiva-ca","tag-minimizacion-de-impacto-territorial-ca","tag-urbanismo-ca"],"_links":{"self":[{"href":"https:\/\/tucomarca.whitekongsoftware.com\/ca\/wp-json\/wp\/v2\/posts\/143781","targetHints":{"allow":["GET"]}}],"collection":[{"href":"https:\/\/tucomarca.whitekongsoftware.com\/ca\/wp-json\/wp\/v2\/posts"}],"about":[{"href":"https:\/\/tucomarca.whitekongsoftware.com\/ca\/wp-json\/wp\/v2\/types\/post"}],"author":[{"embeddable":true,"href":"https:\/\/tucomarca.whitekongsoftware.com\/ca\/wp-json\/wp\/v2\/users\/12"}],"replies":[{"embeddable":true,"href":"https:\/\/tucomarca.whitekongsoftware.com\/ca\/wp-json\/wp\/v2\/comments?post=143781"}],"version-history":[{"count":0,"href":"https:\/\/tucomarca.whitekongsoftware.com\/ca\/wp-json\/wp\/v2\/posts\/143781\/revisions"}],"wp:featuredmedia":[{"embeddable":true,"href":"https:\/\/tucomarca.whitekongsoftware.com\/ca\/wp-json\/wp\/v2\/media\/143780"}],"wp:attachment":[{"href":"https:\/\/tucomarca.whitekongsoftware.com\/ca\/wp-json\/wp\/v2\/media?parent=143781"}],"wp:term":[{"taxonomy":"category","embeddable":true,"href":"https:\/\/tucomarca.whitekongsoftware.com\/ca\/wp-json\/wp\/v2\/categories?post=143781"},{"taxonomy":"post_tag","embeddable":true,"href":"https:\/\/tucomarca.whitekongsoftware.com\/ca\/wp-json\/wp\/v2\/tags?post=143781"}],"curies":[{"name":"wp","href":"https:\/\/api.w.org\/{rel}","templated":true}]}}