{"id":143774,"date":"2021-11-06T12:00:00","date_gmt":"2021-11-06T11:00:00","guid":{"rendered":"http:\/\/www.tucomarca.com\/wordpress\/segunda\/?p=143774"},"modified":"2021-11-08T12:48:15","modified_gmt":"2021-11-08T11:48:15","slug":"requena-acull-la-presentacio-del-pla-per-aprofitar-la-biomassa-que-canviara-el-model-energetic-a-la-comarca","status":"publish","type":"post","link":"https:\/\/tucomarca.whitekongsoftware.com\/ca\/requena-acull-la-presentacio-del-pla-per-aprofitar-la-biomassa-que-canviara-el-model-energetic-a-la-comarca\/","title":{"rendered":"Requena acull la presentaci\u00f3 del pla per aprofitar la biomassa que canviar\u00e0 el model energ\u00e8tic a la comarca"},"content":{"rendered":"\n<h4 class=\"wp-block-heading\"><strong><strong>La vicepresidenta de la Diputaci\u00f3, M\u00aa Josep Amig\u00f3, l&#8217;alcalde de Requena, Mario S\u00e1nchez, i el director general de Prevenci\u00f3 d&#8217;Incendis Forestals, Diego Mar\u00edn, obrin la jornada que inclou experi\u00e8ncies sobre gesti\u00f3 forestal<\/strong><\/strong><\/h4>\n\n\n\n<h4 class=\"wp-block-heading\"><strong><strong>El Pla Director establix les bases d&#8217;un canvi de model energ\u00e8tic a la comarca i amb retorn econ\u00f2mic per als ajuntaments<\/strong><\/strong><\/h4>\n\n\n\n<p class=\"wp-block-paragraph\">Requena ha acollit la presentaci\u00f3 del Pla Director d&#8217;aprofitament de la biomassa agroforestal, un document que establix les bases d&#8217;un canvi de model energ\u00e8tic a la comarca. La vicepresidenta de la Diputaci\u00f3, Maria Josep Amig\u00f3, ha obert la jornada acompanyada pel director general de Prevenci\u00f3 d&#8217;Incendis Forestals, Diego Mar\u00edn, i l&#8217;alcalde de Requena, Mario S\u00e1nchez.<\/p>\n\n\n\n<p class=\"wp-block-paragraph\">Tamb\u00e9 han participat en l&#8217;acte representants de tots els municipis de la comarca. cas del regidor de Medi Ambient i Desenvolupament Rural d&#8217;Utiel, \u00d3scar Latorre, l&#8217;alcalde de la Venta del Moro, Luis Francisco L\u00f3pez, l&#8217;alcaldessa de Camporrobles, Inma Alemany, l&#8217;alcaldessa de Caudete de las Fuentes, Vanesa L\u00f3pez, l&#8217;alcalde de Chera, Alejandro Portero, l&#8217;alcalde de Fuenterrobles, Adri\u00e1n \u00c1lvarez, l&#8217;alcaldessa de Sinarcas, M\u00aa Jos\u00e9 Clemente, i l&#8217;alcaldessa de Villargordo del Cabriel, Carmen Su\u00e1rez.<\/p>\n\n\n\n<p class=\"wp-block-paragraph\">El Pla Director \u00e9s un document que planteja transformar el residu agr\u00edcola i forestal en un recurs per a la calefacci\u00f3 dels equipaments municipals, amb un estudi en profunditat que planifica tot el proc\u00e9s productiu, quantifica la bioenergia potencial disponible a la comarca i analitza la seua demanda potencial i els diferents sistemes log\u00edstics per a la producci\u00f3 de biomassa. El Pla inclou tamb\u00e9 un estudi de viabilitat i l&#8217;estrat\u00e8gia a seguir mitjan\u00e7ant la implantaci\u00f3 d&#8217;accions.<\/p>\n\n\n\n<p class=\"wp-block-paragraph\">\u201cL&#8217;aprofitament de la biomassa pot contribuir, d&#8217;una banda, a la gesti\u00f3 i millora de les muntanyes i, per una altra, valorar restes procedents de l&#8217;agricultura i evitar la seua crema disminuix el risc d&#8217;incendis forestals. Aix\u00ed mateix, l&#8217;\u00fas d&#8217;un recurs renovable i local redu\u00efx les emissions de gasos d&#8217;efecte d&#8217;hivernacle i representa un estalvi econ\u00f2mic per a les administracions locals si el comparem amb el consum dels combustibles f\u00f2ssils\u201d, va explicar la vicepresidenta de la Diputaci\u00f3 i responsable de l&#8217;\u00e0rea de Medi Ambient, Maria Josep Amig\u00f3.<\/p>\n\n\n\n<p class=\"wp-block-paragraph\">En paraules d&#8217;Amig\u00f3, \u201cla biomassa \u00e9s un recurs energ\u00e8tic amb un potencial enorme, tant per al prove\u00efment de la comarca com per a fins i tot generar ocupaci\u00f3. Per tant, l&#8217;any que ve els ajuntaments podran comprar calderes policombustible per als seus equipaments a trav\u00e9s de les subvencions de gesti\u00f3 forestal i prevenci\u00f3 d&#8217;incendis de l&#8217;estrat\u00e8gia Reacciona\u201d.<\/p>\n\n\n\n<p class=\"wp-block-paragraph\">Per part seua, l\u2019alcalde de Requena, Mario S\u00e1nchez, va agrair \u201cser part de l&#8217;experi\u00e8ncia pilot per a l&#8217;aprofitament de la biomassa forestal, un recurs abundant a la comarca, a m\u00e9s de posar en valor els recursos d&#8217;una manera sostenible i rendible amb els quals es poden previndre els incendis forestals\u201d.<\/p>\n\n\n\n<p class=\"wp-block-paragraph\">Medi XXI GSA, la consultora encarregada de la redacci\u00f3 del document, va exposar de manera sint\u00e8tica el seu contingut incidint en qu\u00e8 la seua implantaci\u00f3 oferix un balan\u00e7 ambiental i econ\u00f2mic positiu, concloent que \u201ctot el que no gestionem, ser\u00e0 gestionat pel foc\u201d. A m\u00e9s, la t\u00e8cnica ambiental de Requena, el regidor de Medi Ambient d&#8217;Utiel i l&#8217;alcalde de Venta del Moro van compartir les seues experi\u00e8ncies, necessitats i reptes en mat\u00e8ria de gesti\u00f3 forestal i prevenci\u00f3 d&#8217;incendis forestals.<\/p>\n","protected":false},"excerpt":{"rendered":"<div class=\"mh-excerpt\">La vicepresidenta de la Diputaci\u00f3, M\u00aa Josep Amig\u00f3, l&#8217;alcalde de Requena, Mario S\u00e1nchez, i el director general de Prevenci\u00f3 d&#8217;Incendis Forestals, Diego Mar\u00edn, obrin la jornada que inclou experi\u00e8ncies sobre gesti\u00f3 forestal El Pla Director <a class=\"mh-excerpt-more\" href=\"https:\/\/tucomarca.whitekongsoftware.com\/ca\/requena-acull-la-presentacio-del-pla-per-aprofitar-la-biomassa-que-canviara-el-model-energetic-a-la-comarca\/\" title=\"Requena acull la presentaci\u00f3 del pla per aprofitar la biomassa que canviar\u00e0 el model energ\u00e8tic a la comarca\">[+] <\/a><\/div>\n","protected":false},"author":1,"featured_media":143772,"comment_status":"open","ping_status":"open","sticky":false,"template":"","format":"standard","meta":{"footnotes":""},"categories":[10905,10898,10948,10894,10904,10903,10947,10908,10909,10896],"tags":[15803,11401,10910],"class_list":["post-143774","post","type-post","status-publish","format-standard","has-post-thumbnail","category-agricultura-la-comarca-ca","category-ventana-ca","category-infraestructuras-ca","category-la-comarca-ca","category-sin-categorizar-ca","category-medio-ambiente-la-comarca-ca","category-politica","category-requena-ca","category-requena-utiel-ca","category-seccion-ca","tag-biomasa-ca","tag-diputacion-de-valencia-ca","tag-requena-utiel-ca"],"_links":{"self":[{"href":"https:\/\/tucomarca.whitekongsoftware.com\/ca\/wp-json\/wp\/v2\/posts\/143774","targetHints":{"allow":["GET"]}}],"collection":[{"href":"https:\/\/tucomarca.whitekongsoftware.com\/ca\/wp-json\/wp\/v2\/posts"}],"about":[{"href":"https:\/\/tucomarca.whitekongsoftware.com\/ca\/wp-json\/wp\/v2\/types\/post"}],"author":[{"embeddable":true,"href":"https:\/\/tucomarca.whitekongsoftware.com\/ca\/wp-json\/wp\/v2\/users\/1"}],"replies":[{"embeddable":true,"href":"https:\/\/tucomarca.whitekongsoftware.com\/ca\/wp-json\/wp\/v2\/comments?post=143774"}],"version-history":[{"count":0,"href":"https:\/\/tucomarca.whitekongsoftware.com\/ca\/wp-json\/wp\/v2\/posts\/143774\/revisions"}],"wp:featuredmedia":[{"embeddable":true,"href":"https:\/\/tucomarca.whitekongsoftware.com\/ca\/wp-json\/wp\/v2\/media\/143772"}],"wp:attachment":[{"href":"https:\/\/tucomarca.whitekongsoftware.com\/ca\/wp-json\/wp\/v2\/media?parent=143774"}],"wp:term":[{"taxonomy":"category","embeddable":true,"href":"https:\/\/tucomarca.whitekongsoftware.com\/ca\/wp-json\/wp\/v2\/categories?post=143774"},{"taxonomy":"post_tag","embeddable":true,"href":"https:\/\/tucomarca.whitekongsoftware.com\/ca\/wp-json\/wp\/v2\/tags?post=143774"}],"curies":[{"name":"wp","href":"https:\/\/api.w.org\/{rel}","templated":true}]}}