{"id":143761,"date":"2021-11-05T18:00:00","date_gmt":"2021-11-05T17:00:00","guid":{"rendered":"http:\/\/www.tucomarca.com\/wordpress\/segunda\/?p=143761"},"modified":"2021-11-08T12:17:37","modified_gmt":"2021-11-08T11:17:37","slug":"sanitat-notifica-un-brot-d11-casos-a-alzira-al-costat-de-346-nous-contagis-de-coronavirus-en-la-comunitat","status":"publish","type":"post","link":"https:\/\/tucomarca.whitekongsoftware.com\/ca\/sanitat-notifica-un-brot-d11-casos-a-alzira-al-costat-de-346-nous-contagis-de-coronavirus-en-la-comunitat\/","title":{"rendered":"Sanitat notifica un brot d&#8217;11 casos a Alzira al costat de 346 nous contagis de coronavirus en la Comunitat"},"content":{"rendered":"\n<p class=\"wp-block-paragraph\"><strong>Per prov\u00edncies, s&#8217;han comptabilitzat 123 nous positius a Castell\u00f3, 105 a Alacant i 118 a Val\u00e8ncia<\/strong><\/p>\n\n\n\n<p class=\"wp-block-paragraph\"><strong>Els hospitals valencians tenen 206 persones ingressades, 42 d&#8217;elles en l&#8217;UCI<\/strong><\/p>\n\n\n\n<p class=\"wp-block-paragraph\">Un total de 4.078.288 persones han rebut ja una dosi de la vacuna contra el coronavirus en la Comunitat Valenciana. A m\u00e9s, en aquests moments, compten amb la pauta completa d&#8217;immunitzaci\u00f3 (dues dosis per a *Pfizer, Moderna i *AstraZeneca; la *monodosis de *Janssen i una dosi de qualsevol vacuna en les persones amb antecedents d&#8217;haver passat la *COVID) 4.038.648 persones.<\/p>\n\n\n\n<p class=\"wp-block-paragraph\">La Conselleria de Sanidad Universal y Salud P\u00fablica ha notificado 346 nuevos casos de coronavirus confirmados por prueba PCR o a trav\u00e9s de test de ant\u00edgenos. Con esta actualizaci\u00f3n, la cifra total de positivos se sit\u00faa en 516.705 personas. Los nuevos casos por provincias son 123 en Castell\u00f3n (54.840 en total); 105 en Alicante (189.480) y 118 en Valencia (272.384). La cifra de casos no asignados se mantiene en 1.&nbsp;<\/p>\n\n\n\n<p class=\"wp-block-paragraph\">Por otra parte, se han registrado 246 altas a pacientes con coronavirus. De esta forma, el n\u00famero de personas que han superado la enfermedad desde que comenz\u00f3 la pandemia en la Comunitat Valenciana asciende a 517.345 personas. Por provincias, las altas se distribuyen as\u00ed: 54.696 en Castell\u00f3n, 189.276 en Alicante y 273.317 en Valencia. El total de altas no asignadas se mantiene en 56.<\/p>\n\n\n\n<p class=\"wp-block-paragraph\">Los hospitales valencianos tienen, actualmente, a 206 personas ingresadas con la enfermedad, 42 de ellas en la UCI: 57 en la provincia de Castell\u00f3n, 3 en UCI; 77 en la provincia de Alicante, 27 de ellas en la UCI; y 72 en la provincia de Valencia, 12 en UCI.&nbsp;<\/p>\n\n\n\n<p class=\"wp-block-paragraph\">Por otra parte, se ha registrado dos fallecimientos en los \u00faltimos 7 d\u00edas (personas de 50 y 68 a\u00f1os), por lo que el total de decesos desde el inicio de la pandemia asciende a 7.857: 857 en la provincia de Castell\u00f3n, 3.018 en la de Alicante y 3.982 en la de Valencia.&nbsp;<\/p>\n\n\n\n<p class=\"wp-block-paragraph\">De acuerdo con los datos registrados, en estos momentos hay 2.948 casos activos, lo que supone un 0,56% del total de positivos.&nbsp;<\/p>\n\n\n\n<p class=\"wp-block-paragraph\">Desde la \u00faltima actualizaci\u00f3n, se han notificado 3 brotes con 10 o m\u00e1s casos asociados:<\/p>\n\n\n\n<p class=\"wp-block-paragraph\">&#8211; Castell\u00f3 de la Plana: 27 casos. Origen educativo<\/p>\n\n\n\n<p class=\"wp-block-paragraph\">&#8211; Benic\u00e0ssim: 11 casos. Origen social<\/p>\n\n\n\n<p class=\"wp-block-paragraph\">&#8211; Alzira: 11 casos. Origen social.<\/p>\n","protected":false},"excerpt":{"rendered":"<div class=\"mh-excerpt\">Per prov\u00edncies, s&#8217;han comptabilitzat 123 nous positius a Castell\u00f3, 105 a Alacant i 118 a Val\u00e8ncia Els hospitals valencians tenen 206 persones ingressades, 42 d&#8217;elles en l&#8217;UCI Un total de 4.078.288 persones han rebut ja <a class=\"mh-excerpt-more\" href=\"https:\/\/tucomarca.whitekongsoftware.com\/ca\/sanitat-notifica-un-brot-d11-casos-a-alzira-al-costat-de-346-nous-contagis-de-coronavirus-en-la-comunitat\/\" title=\"Sanitat notifica un brot d&#8217;11 casos a Alzira al costat de 346 nous contagis de coronavirus en la Comunitat\">[+] <\/a><\/div>\n","protected":false},"author":1,"featured_media":141876,"comment_status":"open","ping_status":"open","sticky":false,"template":"","format":"standard","meta":{"footnotes":""},"categories":[10889,11010,12202,10898,10948,10894,10904,10902,10903,10947,10896,10897],"tags":[11939,11940,11077,13963,13932],"class_list":["post-143761","post","type-post","status-publish","format-standard","has-post-thumbnail","category-alzira-cat","category-canal-salud","category-covid-19-ca","category-ventana-ca","category-infraestructuras-ca","category-la-comarca-ca","category-sin-categorizar-ca","category-la-ribera-ca","category-medio-ambiente-la-comarca-ca","category-politica","category-seccion-ca","category-sucesos-la-comarca-ca","tag-coronavirus-ca","tag-covid-19-ca","tag-la-ribera-alta-ca","tag-vacunacion-ca","tag-vacunas-ca"],"_links":{"self":[{"href":"https:\/\/tucomarca.whitekongsoftware.com\/ca\/wp-json\/wp\/v2\/posts\/143761","targetHints":{"allow":["GET"]}}],"collection":[{"href":"https:\/\/tucomarca.whitekongsoftware.com\/ca\/wp-json\/wp\/v2\/posts"}],"about":[{"href":"https:\/\/tucomarca.whitekongsoftware.com\/ca\/wp-json\/wp\/v2\/types\/post"}],"author":[{"embeddable":true,"href":"https:\/\/tucomarca.whitekongsoftware.com\/ca\/wp-json\/wp\/v2\/users\/1"}],"replies":[{"embeddable":true,"href":"https:\/\/tucomarca.whitekongsoftware.com\/ca\/wp-json\/wp\/v2\/comments?post=143761"}],"version-history":[{"count":0,"href":"https:\/\/tucomarca.whitekongsoftware.com\/ca\/wp-json\/wp\/v2\/posts\/143761\/revisions"}],"wp:featuredmedia":[{"embeddable":true,"href":"https:\/\/tucomarca.whitekongsoftware.com\/ca\/wp-json\/wp\/v2\/media\/141876"}],"wp:attachment":[{"href":"https:\/\/tucomarca.whitekongsoftware.com\/ca\/wp-json\/wp\/v2\/media?parent=143761"}],"wp:term":[{"taxonomy":"category","embeddable":true,"href":"https:\/\/tucomarca.whitekongsoftware.com\/ca\/wp-json\/wp\/v2\/categories?post=143761"},{"taxonomy":"post_tag","embeddable":true,"href":"https:\/\/tucomarca.whitekongsoftware.com\/ca\/wp-json\/wp\/v2\/tags?post=143761"}],"curies":[{"name":"wp","href":"https:\/\/api.w.org\/{rel}","templated":true}]}}