{"id":143747,"date":"2021-11-08T11:00:00","date_gmt":"2021-11-08T10:00:00","guid":{"rendered":"http:\/\/www.tucomarca.com\/wordpress\/segunda\/?p=143747"},"modified":"2021-11-08T11:51:58","modified_gmt":"2021-11-08T10:51:58","slug":"csif-avisa-de-les-dificultats-en-admissio-durgencies-de-lhospital-de-la-ribera-i-del-risc-de-caiguda-en-entrar-en-llitera","status":"publish","type":"post","link":"https:\/\/tucomarca.whitekongsoftware.com\/ca\/csif-avisa-de-les-dificultats-en-admissio-durgencies-de-lhospital-de-la-ribera-i-del-risc-de-caiguda-en-entrar-en-llitera\/","title":{"rendered":"CSIF avisa de les dificultats en admissi\u00f3 d&#8217;Urg\u00e8ncies de l&#8217;hospital de la Ribera i del risc de caiguda en entrar en llitera"},"content":{"rendered":"\n<h4 class=\"wp-block-heading\">El sindicat alerta del perill en la rampa d&#8217;acc\u00e9s, els problemes d&#8217;ac\u00fastica i males condicions per a treballadors<\/h4>\n\n\n\n<p class=\"wp-block-paragraph\">El sindicat CSIF alerta de les dificultats en l&#8217;atenci\u00f3 a usuaris en admissi\u00f3 d&#8217;Urg\u00e8ncies de l&#8217;hospital de la Ribera, un espai pel qual poden passar fins a 400 pacients di\u00e0riament. La central sindical explica que la p\u00e8ssima ac\u00fastica en la zona del taulell impedeix escoltar l&#8217;usuari si no eleva molt la veu, o que la rampa d&#8217;acc\u00e9s des de l&#8217;exterior t\u00e9 un elevat pendent, la qual cosa augmenta el risc de caiguda. A m\u00e9s, alerta de la precarietat en els llocs de descans del personal.<\/p>\n\n\n\n<p class=\"wp-block-paragraph\">La Central Sindical Independent i de Funcionaris (CSIF) assenyala que la zona d&#8217;admissi\u00f3 compta amb un nou espai envidrat, sense climatitzaci\u00f3 pr\u00f2pia i sense protecci\u00f3 per a evitar que enlluerne la il\u00b7luminaci\u00f3 exterior. A aquestes circumst\u00e0ncies se suma la p\u00e8ssima ac\u00fastica en el taulell, la qual cosa impedeix \u201cescoltar el pacient si no crida\u201d. A m\u00e9s, \u201cel lloc de treball on es troben els ordinadors, impressores, tel\u00e8fons, resulta excessivament redu\u00eft\u201d. A tot aix\u00f2 s&#8217;uneix \u201cla col\u00b7locaci\u00f3, en la zona de descans d&#8217;aquest personal, de taquilles de treballadors aliens a admissi\u00f3, amb l&#8217;amuntegament que suposa\u201d.<\/p>\n\n\n\n<p class=\"wp-block-paragraph\">El sindicat alerta del greu problema que ha suscitat el disseny de \u201cla rampa d&#8217;acc\u00e9s de pacients des de l&#8217;exterior, ja que \u00e9s curta i amb massa pendent. Aquest fet obliga a aplicar una for\u00e7a elevada per a pujar la cadira o la llitera, amb el perill que suposa per a treballador i pacient\u201d. En aquest sentit la central sindical recorda que \u201cja s&#8217;han produ\u00eft diverses caigudes\u201d.<\/p>\n\n\n\n<p class=\"wp-block-paragraph\">El sindicato recalca que \u201cla reforma acometida en el servicio de Urgencias a principios de a\u00f1o no ha servido para subsanar las deficiencias que exist\u00edan, sino que m\u00e1s bien las ha empeorado\u201d. En esta l\u00ednea pone como ejemplo \u201cla nueva y reducida sala de descanso de celadores, sin aperturas al exterior\u201d. Esto ocasion\u00f3 que se produjeran elevadas temperaturas en su interior en verano y provocar\u00e1, previsiblemente, que en invierno pasen fr\u00edo estos trabajadores. A todo ello se a\u00f1ade el incremento del riesgo de contagio de covid por la carencia de una m\u00ednima ventilaci\u00f3n.<\/p>\n\n\n\n<p class=\"wp-block-paragraph\">CSIF denuncia \u201cel empeoramiento de las condiciones laborales de profesionales celadores y personal de admisi\u00f3n en el servicio de Urgencias\u201d y exige a Gerencia del departamento de salud de la Ribera que aborde con rapidez esta cuesti\u00f3n para aportar soluciones.<\/p>\n","protected":false},"excerpt":{"rendered":"<div class=\"mh-excerpt\">El sindicat alerta del perill en la rampa d&#8217;acc\u00e9s, els problemes d&#8217;ac\u00fastica i males condicions per a treballadors El sindicat CSIF alerta de les dificultats en l&#8217;atenci\u00f3 a usuaris en admissi\u00f3 d&#8217;Urg\u00e8ncies de l&#8217;hospital de <a class=\"mh-excerpt-more\" href=\"https:\/\/tucomarca.whitekongsoftware.com\/ca\/csif-avisa-de-les-dificultats-en-admissio-durgencies-de-lhospital-de-la-ribera-i-del-risc-de-caiguda-en-entrar-en-llitera\/\" title=\"CSIF avisa de les dificultats en admissi\u00f3 d&#8217;Urg\u00e8ncies de l&#8217;hospital de la Ribera i del risc de caiguda en entrar en llitera\">[+] <\/a><\/div>\n","protected":false},"author":1,"featured_media":143745,"comment_status":"open","ping_status":"open","sticky":false,"template":"","format":"standard","meta":{"footnotes":""},"categories":[10889,11010,10898,10948,10894,10904,10902,10947,10896,10897],"tags":[12491,11077],"class_list":["post-143747","post","type-post","status-publish","format-standard","has-post-thumbnail","category-alzira-cat","category-canal-salud","category-ventana-ca","category-infraestructuras-ca","category-la-comarca-ca","category-sin-categorizar-ca","category-la-ribera-ca","category-politica","category-seccion-ca","category-sucesos-la-comarca-ca","tag-hospital-de-la-ribera-ca","tag-la-ribera-alta-ca"],"_links":{"self":[{"href":"https:\/\/tucomarca.whitekongsoftware.com\/ca\/wp-json\/wp\/v2\/posts\/143747","targetHints":{"allow":["GET"]}}],"collection":[{"href":"https:\/\/tucomarca.whitekongsoftware.com\/ca\/wp-json\/wp\/v2\/posts"}],"about":[{"href":"https:\/\/tucomarca.whitekongsoftware.com\/ca\/wp-json\/wp\/v2\/types\/post"}],"author":[{"embeddable":true,"href":"https:\/\/tucomarca.whitekongsoftware.com\/ca\/wp-json\/wp\/v2\/users\/1"}],"replies":[{"embeddable":true,"href":"https:\/\/tucomarca.whitekongsoftware.com\/ca\/wp-json\/wp\/v2\/comments?post=143747"}],"version-history":[{"count":0,"href":"https:\/\/tucomarca.whitekongsoftware.com\/ca\/wp-json\/wp\/v2\/posts\/143747\/revisions"}],"wp:featuredmedia":[{"embeddable":true,"href":"https:\/\/tucomarca.whitekongsoftware.com\/ca\/wp-json\/wp\/v2\/media\/143745"}],"wp:attachment":[{"href":"https:\/\/tucomarca.whitekongsoftware.com\/ca\/wp-json\/wp\/v2\/media?parent=143747"}],"wp:term":[{"taxonomy":"category","embeddable":true,"href":"https:\/\/tucomarca.whitekongsoftware.com\/ca\/wp-json\/wp\/v2\/categories?post=143747"},{"taxonomy":"post_tag","embeddable":true,"href":"https:\/\/tucomarca.whitekongsoftware.com\/ca\/wp-json\/wp\/v2\/tags?post=143747"}],"curies":[{"name":"wp","href":"https:\/\/api.w.org\/{rel}","templated":true}]}}