{"id":143518,"date":"2021-11-02T18:00:00","date_gmt":"2021-11-02T17:00:00","guid":{"rendered":"http:\/\/www.tucomarca.com\/wordpress\/segunda\/?p=143518"},"modified":"2021-11-08T11:38:49","modified_gmt":"2021-11-08T10:38:49","slug":"la-universitat-de-tardor-daiora-analitza-els-reptes-i-amenaces-de-lapicultura-en-el-segle-xxi","status":"publish","type":"post","link":"https:\/\/tucomarca.whitekongsoftware.com\/ca\/la-universitat-de-tardor-daiora-analitza-els-reptes-i-amenaces-de-lapicultura-en-el-segle-xxi\/","title":{"rendered":"La Universitat de Tardor d&#8217;Aiora analitza els reptes i amenaces de l&#8217;apicultura en el segle XXI"},"content":{"rendered":"\n<h4 class=\"wp-block-heading\">La Universitat de Tardor d&#8217;Aiora -localitat famosa per la seua tradici\u00f3 abellaire i la celebraci\u00f3 de la fira de la Primera Cort de la Mel- analitza aquest dijous els reptes i amenaces de l&#8217;apicultura. Prossegueix aix\u00ed el programa d&#8217;Universitats Estacionals de la UV, gratu\u00eft i obert a tota la societat, que t\u00e9 com a objectiu debatre sobre els aspectes lligats a la singularitat de cada territori.<\/h4>\n\n\n\n<p class=\"wp-block-paragraph\">La Universitat de Tardor d&#8217;Aiora celebra la vesprada d&#8217;aquest dijous, 4 de novembre, la seua segona edici\u00f3 sota el t\u00edtol \u2018Reptes i amenaces de l&#8217;apicultura en el segle XXI\u2019, despr\u00e9s d&#8217;haver abordat l&#8217;any passat l&#8217;evoluci\u00f3 de la pr\u00e0ctica ap\u00edcola des de la Prehist\u00f2ria fins a l&#8217;actualitat.<\/p>\n\n\n\n<p class=\"wp-block-paragraph\">La jornada d\u00f3na continu\u00eftat al cicle de tardor del programa d&#8217;Universitats Estacionals, una iniciativa de la Universitat de Val\u00e8ncia (UV), organitzada pel Vicerectorat de Projecci\u00f3 Territorial i Societat amb els ajuntaments i en col\u00b7laboraci\u00f3 amb la Diputaci\u00f3 de Val\u00e8ncia i Caixa Popular. L&#8217;objectiu d&#8217;aquesta acci\u00f3 acad\u00e8mica, que ja \u00e9s present en totes les comarques de la prov\u00edncia, \u00e9s sotmetre a an\u00e0lisi un tema monogr\u00e0fic lligat a la singularitat de cada \u00e0mbit geogr\u00e0fic, tenint en compte la seua particular idiosincr\u00e0sia, hist\u00f2ria i cultura.<\/p>\n\n\n\n<p class=\"wp-block-paragraph\">En 2021, aquestes jornades, gratu\u00eftes i obertes a la societat, han recuperat el vincle amb l&#8217;estaci\u00f3 de l&#8217;any que els d\u00f3na nom, despr\u00e9s de 2020, un any excepcional per les restriccions degudes a la pand\u00e8mia. I mantenen, a m\u00e9s, la distribuci\u00f3 per \u00e0rees tem\u00e0tiques -que reflecteixen la transversalitat de coneixement de la UV i la pluralitat de temes estudiats pels seus especialistes- i el car\u00e0cter semipresencial, que es va impulsar l&#8217;any passat amb la incorporaci\u00f3 de l&#8217;enlla\u00e7 en l\u00ednia, que permet el seguiment de les sessions per <em>streaming<\/em>, facilitant l&#8217;assist\u00e8ncia a totes les persones interessades. La UV facilitar\u00e0 les inscripcions a trav\u00e9s de la web (http:\/\/projeccio.uv.es) i proporcionar\u00e0 el corresponent certificat d&#8217;assist\u00e8ncia, tant si \u00e9s presencial com a en l\u00ednia.<\/p>\n\n\n\n<p class=\"wp-block-paragraph\"><strong>Universitat de Tardor d&#8217;Ayora (UNAY)<\/strong><\/p>\n\n\n\n<p class=\"wp-block-paragraph\">La Universitat de Tardor d&#8217;Ayora celebrar\u00e0 la seua segona edici\u00f3 aquest dijous a l&#8217;Auditori Menc\u00eda de Mendoza. La jornada, que s&#8217;inscriu en l&#8217;\u00e0rea tem\u00e0tica \u2018Patrimoni Hist\u00f2ric i Cultural\u2019, reunir\u00e0 especialistes en la mat\u00e8ria que analitzaran els principals reptes i amenaces de l&#8217;apicultura en l&#8217;actualitat i la manera de afrontrarlos, abordant q\u00fcestions com la plaga de Varroa, l&#8217;ocupaci\u00f3 generalitzada de determinats productes qu\u00edmics i l&#8217;impacte socioecon\u00f2mic d&#8217;aquesta activitat sobre el territori.<\/p>\n\n\n\n<p class=\"wp-block-paragraph\">L&#8217;acte inaugural tindr\u00e0 lloc a les 16:00 h, amb la intervenci\u00f3 d&#8217;Ana Mar\u00eda C\u00e1mara C\u00e1mara, primera tinenta d&#8217;alcalde d&#8217;Ayora; Jorge Hermosilla Pla, vicerector de Projecci\u00f3 Territorial i Societat de la UV; David Quixal Santos, coordinador de la Universitat de Tardor d&#8217;Ayora; Empar Folgado, diputada delegada d&#8217;Inclusi\u00f3 Social i Educaci\u00f3 de la Diputaci\u00f3 de Val\u00e8ncia; i un representant de Caixa Popular.<\/p>\n\n\n\n<p class=\"wp-block-paragraph\">Tres confer\u00e8ncies permetran aprofundir en el tema d&#8217;aquesta edici\u00f3 de la UNAY. Joel Gonz\u00e1lez Cabrera, de l&#8217;Institut Universitari de Biotecnologia i Biomedicina de la UV, parlar\u00e0 sobre \u2018Resist\u00e8ncia als acaricides en Varroa destructor. Reptes i possibles solucions\u2019; Yolanda Pic\u00f3 Garc\u00eda, del Departament de Medicina Preventiva i Salut P\u00fablica, Ci\u00e8ncies de l&#8217;Alimentaci\u00f3, Toxicologia i Medicina Legal de la UV, sobre \u2018Residus de plaguicides en els productes del rusc\u2019; i Mar\u00eda Isabel Murcia Campos, de ANAE (Societat Cooperativa Ap\u00edcola d&#8217;Espanya), sobre \u2018Els perills de les abelles a Espanya\u2019.<\/p>\n\n\n\n<p class=\"wp-block-paragraph\">Una taula redona, en la qual participaran els ponents i moderada per David Quixal, obrir\u00e0 un debat p\u00fablic sobre el tema de la jornada.<\/p>\n\n\n\n<p class=\"wp-block-paragraph\"><strong>20 Universitats Estacionals, 4 estacions i 3 \u00e0rees tem\u00e0tiques<\/strong><\/p>\n\n\n\n<p class=\"wp-block-paragraph\">La programaci\u00f3 d&#8217;Universitats Estacionals integra dues Universitats d&#8217;Hivern (Cofrentes i Requena); sis Universitats de Primavera (Alzira, Cullera, X\u00e1tiva, Sagunt, la Canal de Navarr\u00e9s i Alt T\u00faria); i quatre Universitats d&#8217;Estiu (Rinc\u00f3n d&#8217;Ademuz, Aras de los Olmos, Gandia i Sagunt), que ja han celebrat enguany les seues corresponents sessions.<\/p>\n\n\n\n<p class=\"wp-block-paragraph\">Les Universitats Estacionals de Tardor tancaran la programaci\u00f3 de 2021. Despr\u00e9s de les jornada d&#8217;Alaqu\u00e0s, Bu\u00f1ol, l&#8217;Eliana, Oliva, Ll\u00edria i Ayora, se celebraran la Universitat Estacional d&#8217;Enguera, els dies 11 i 12 de novembre, sobre \u2018Professions de futur i vida saludable en un m\u00f3n global i sostenible\u2019; i la Universitat Estacional d&#8217;Ontinyent, a partir del 23 de novembre, sota el t\u00edtol \u2018Temps de transformacions\u2019.<\/p>\n\n\n\n<p class=\"wp-block-paragraph\">Les Universitats Estacionals debaten aquest any 2021 sobre m\u00faltiples aspectes vinculats a cada territori entorn de tres \u00e0rees tem\u00e0tiques: \u2018Patrimoni Hist\u00f2ric i Cultural\u2019 (Cullera, X\u00e0tiva, Sagunt, Alaqu\u00e0s, Bu\u00f1ol i Ayora); \u2018Educaci\u00f3 i Benestar Social\u2019 (Cofrentes, Sagunt, Ll\u00edria, Oliva, Enguera i Ontinyent); i \u2018Biodiversitat, Desenvolupament i Innovaci\u00f3 Territorial\u2019 (Requena, Alzira, la Canal de Navarr\u00e9s, Alt T\u00faria, Rinc\u00f3n d&#8217;Ademuz, Aras de los Olmos, Gandia i L&#8217;Eliana).<\/p>\n\n\n\n<p class=\"wp-block-paragraph\"><\/p>\n","protected":false},"excerpt":{"rendered":"<div class=\"mh-excerpt\">La Universitat de Tardor d&#8217;Aiora -localitat famosa per la seua tradici\u00f3 abellaire i la celebraci\u00f3 de la fira de la Primera Cort de la Mel- analitza aquest dijous els reptes i amenaces de l&#8217;apicultura. Prossegueix <a class=\"mh-excerpt-more\" href=\"https:\/\/tucomarca.whitekongsoftware.com\/ca\/la-universitat-de-tardor-daiora-analitza-els-reptes-i-amenaces-de-lapicultura-en-el-segle-xxi\/\" title=\"La Universitat de Tardor d&#8217;Aiora analitza els reptes i amenaces de l&#8217;apicultura en el segle XXI\">[+] <\/a><\/div>\n","protected":false},"author":12,"featured_media":143517,"comment_status":"open","ping_status":"open","sticky":false,"template":"","format":"standard","meta":{"footnotes":""},"categories":[11019,10905,10954,10951,10948,10894,10903,11007,10896],"tags":[12979,11163,11216,11286],"class_list":["post-143518","post","type-post","status-publish","format-standard","has-post-thumbnail","category-agenda-ca","category-agricultura-la-comarca-ca","category-ayora-ca","category-ayora-cofrentes-ca","category-infraestructuras-ca","category-la-comarca-ca","category-medio-ambiente-la-comarca-ca","category-ocio-y-cultura-ca","category-seccion-ca","tag-apicultura-ca","tag-ayora-ca","tag-ayora-cofrentes-ca","tag-universidad-de-otono-ca"],"_links":{"self":[{"href":"https:\/\/tucomarca.whitekongsoftware.com\/ca\/wp-json\/wp\/v2\/posts\/143518","targetHints":{"allow":["GET"]}}],"collection":[{"href":"https:\/\/tucomarca.whitekongsoftware.com\/ca\/wp-json\/wp\/v2\/posts"}],"about":[{"href":"https:\/\/tucomarca.whitekongsoftware.com\/ca\/wp-json\/wp\/v2\/types\/post"}],"author":[{"embeddable":true,"href":"https:\/\/tucomarca.whitekongsoftware.com\/ca\/wp-json\/wp\/v2\/users\/12"}],"replies":[{"embeddable":true,"href":"https:\/\/tucomarca.whitekongsoftware.com\/ca\/wp-json\/wp\/v2\/comments?post=143518"}],"version-history":[{"count":0,"href":"https:\/\/tucomarca.whitekongsoftware.com\/ca\/wp-json\/wp\/v2\/posts\/143518\/revisions"}],"wp:featuredmedia":[{"embeddable":true,"href":"https:\/\/tucomarca.whitekongsoftware.com\/ca\/wp-json\/wp\/v2\/media\/143517"}],"wp:attachment":[{"href":"https:\/\/tucomarca.whitekongsoftware.com\/ca\/wp-json\/wp\/v2\/media?parent=143518"}],"wp:term":[{"taxonomy":"category","embeddable":true,"href":"https:\/\/tucomarca.whitekongsoftware.com\/ca\/wp-json\/wp\/v2\/categories?post=143518"},{"taxonomy":"post_tag","embeddable":true,"href":"https:\/\/tucomarca.whitekongsoftware.com\/ca\/wp-json\/wp\/v2\/tags?post=143518"}],"curies":[{"name":"wp","href":"https:\/\/api.w.org\/{rel}","templated":true}]}}