{"id":143484,"date":"2021-11-03T09:00:00","date_gmt":"2021-11-03T08:00:00","guid":{"rendered":"http:\/\/www.tucomarca.com\/wordpress\/segunda\/?p=143484"},"modified":"2021-11-08T11:47:02","modified_gmt":"2021-11-08T10:47:02","slug":"la-diputacio-estudiara-vies-de-collaboracio-en-transport-educatiu-per-als-municipis-de-requena-utiel","status":"publish","type":"post","link":"https:\/\/tucomarca.whitekongsoftware.com\/ca\/la-diputacio-estudiara-vies-de-collaboracio-en-transport-educatiu-per-als-municipis-de-requena-utiel\/","title":{"rendered":"La Diputaci\u00f3 estudiar\u00e0 vies de col\u00b7laboraci\u00f3 en transport educatiu per als municipis de Requena-Utiel"},"content":{"rendered":"\n<h4 class=\"wp-block-heading\">El diputat de Desenvolupament Rural, Ramiro Rivera, ha rebut als responsables de la Mancomunitat Tierra del Vino, que han traslladat les necessitats de la comarca per a frenar la despoblaci\u00f3<\/h4>\n\n\n\n<p class=\"wp-block-paragraph\">La Diputaci\u00f3 de Val\u00e8ncia estudiar\u00e0 possibles vies de col\u00b7laboraci\u00f3 amb els municipis de la comarca Requena-Utiel en mat\u00e8ria de transport educatiu. Aix\u00ed li ho ha traslladat este dijous el diputat de Desenvolupament Rural i Pol\u00edtiques contra la Despoblaci\u00f3, Ramiro Rivera, als responsables de la Mancomunitat Tierra del Vino, amb els quals s&#8217;ha reunit en seu provincial.<\/p>\n\n\n\n<p class=\"wp-block-paragraph\">El president de la mancomunitat, Gabriel Mata, acompanyat pels alcaldes de Fuenterrobles, Adri\u00e1n \u00c1lvarez, i Venta del Moro, Luis Francisco L\u00f3pez, este \u00faltim vicepresident de Tierra del Vino, ha traslladat al responsable provincial de Desenvolupament Rural la problem\u00e0tica del transport per als joves de diferents municipis de la comarca, que finalitzen els seus estudis de Secund\u00e0ria i acaben triant altres destins per a continuar la seua formaci\u00f3 davant les dificultats per a despla\u00e7ar-se amb transport p\u00fablic a l&#8217;Escola Vitivin\u00edcola de Requena i altres centres formatius.<\/p>\n\n\n\n<p class=\"wp-block-paragraph\">En este sentit, el diputat Rivera s&#8217;ha comprom\u00e9s a estudiar, al costat dels t\u00e8cnics de l&#8217;\u00e0rea, les possibilitats d&#8217;ajudar als municipis i pedanies de Requena-Utiel en el despla\u00e7ament diari dels seus joves fins a l&#8217;escola propietat de la Diputaci\u00f3 a Requena, que oferix formaci\u00f3 professional qualificada en gesti\u00f3 dels recursos naturals i paisatg\u00edstics, treballs forestals i coneixement del medi natural i ind\u00fastries aliment\u00e0ries, especialment les de l&#8217;oli i el vi.<\/p>\n\n\n\n<p class=\"wp-block-paragraph\">En paraules de Ramiro Rivera despr\u00e9s de la trobada amb els responsables de Tierra del Vino, \u201cla problem\u00e0tica que ens traslladen \u00e9s comuna a altres zones en risc de despoblaci\u00f3 i la nostra intenci\u00f3 \u00e9s ajudar a estos municipis en tot el que estiga al nostre abast, per\u00f2 abans hem de definir el car\u00e0cter d&#8217;esta ajuda dins del marc competencial de la Diputaci\u00f3\u201d. El responsable provincial veu amb molt bons ulls que la gent jove de la comarca Requena-Utiel vulga cursar estudis en un dels centres formatius de la corporaci\u00f3, \u201ccosa que significa que estes persones tenen l&#8217;oportunitat de continuar vivint en els seus municipis i frenar aix\u00ed la despoblaci\u00f3 que patixen les zones d&#8217;interior\u201d.<\/p>\n\n\n\n<p class=\"wp-block-paragraph\"><strong>Instituts de Secund\u00e0ria a Requena i Utiel<\/strong><\/p>\n\n\n\n<p class=\"wp-block-paragraph\">En la reuni\u00f3 s&#8217;han posat de manifest a m\u00e9s les necessitats de millora de les comunicacions en transport p\u00fablic per a unir municipis com Camporrobles, Fuenterrobles o Caudete de las Fuentes amb els nuclis urbans de Requena i Utiel que acullen, entre altres equipaments, instituts d&#8217;educaci\u00f3 Secund\u00e0ria que completen l&#8217;oferta formativa de l&#8217;Escola de Viticultura i Enologia dependent de la Diputaci\u00f3.<\/p>\n\n\n\n<p class=\"wp-block-paragraph\">Els centres de Secund\u00e0ria oferixen interessants cicles formatius que contribu\u00efxen a formar futurs professionals en mat\u00e8ries com a administraci\u00f3 o finances, gesti\u00f3 administrativa, atenci\u00f3 a persones en situaci\u00f3 de depend\u00e8ncia o educaci\u00f3 infantil, a m\u00e9s d&#8217;automatitzaci\u00f3 i rob\u00f2tica industrial, fabricaci\u00f3 i muntatge, mecanitzat, electr\u00f2nica d&#8217;automoci\u00f3 o manteniment de vehicles.<\/p>\n\n\n\n<p class=\"wp-block-paragraph\"><\/p>\n","protected":false},"excerpt":{"rendered":"<div class=\"mh-excerpt\">El diputat de Desenvolupament Rural, Ramiro Rivera, ha rebut als responsables de la Mancomunitat Tierra del Vino, que han traslladat les necessitats de la comarca per a frenar la despoblaci\u00f3 La Diputaci\u00f3 de Val\u00e8ncia estudiar\u00e0 <a class=\"mh-excerpt-more\" href=\"https:\/\/tucomarca.whitekongsoftware.com\/ca\/la-diputacio-estudiara-vies-de-collaboracio-en-transport-educatiu-per-als-municipis-de-requena-utiel\/\" title=\"La Diputaci\u00f3 estudiar\u00e0 vies de col\u00b7laboraci\u00f3 en transport educatiu per als municipis de Requena-Utiel\">[+] <\/a><\/div>\n","protected":false},"author":12,"featured_media":143483,"comment_status":"open","ping_status":"open","sticky":false,"template":"","format":"standard","meta":{"footnotes":""},"categories":[11031,11032,10898,11055,10948,10894,10947,10909,10896,11060],"tags":[11098,13979,11246,12836,12387,10910,15752,11709],"class_list":["post-143484","post","type-post","status-publish","format-standard","has-post-thumbnail","category-camporrobles-ca","category-caudete-ca","category-ventana-ca","category-fuenterrobles-ca","category-infraestructuras-ca","category-la-comarca-ca","category-politica","category-requena-utiel-ca","category-seccion-ca","category-venta-del-moro-ca","tag-camporrobles-ca","tag-desarrollo-rural-ca","tag-diputacio-de-valencia-ca","tag-fuenterrobles-ca","tag-mancomunidad-del-interior-tierra-del-vino-ca","tag-requena-utiel-ca","tag-transporte-educativo-ca","tag-venta-del-moro-ca"],"_links":{"self":[{"href":"https:\/\/tucomarca.whitekongsoftware.com\/ca\/wp-json\/wp\/v2\/posts\/143484","targetHints":{"allow":["GET"]}}],"collection":[{"href":"https:\/\/tucomarca.whitekongsoftware.com\/ca\/wp-json\/wp\/v2\/posts"}],"about":[{"href":"https:\/\/tucomarca.whitekongsoftware.com\/ca\/wp-json\/wp\/v2\/types\/post"}],"author":[{"embeddable":true,"href":"https:\/\/tucomarca.whitekongsoftware.com\/ca\/wp-json\/wp\/v2\/users\/12"}],"replies":[{"embeddable":true,"href":"https:\/\/tucomarca.whitekongsoftware.com\/ca\/wp-json\/wp\/v2\/comments?post=143484"}],"version-history":[{"count":0,"href":"https:\/\/tucomarca.whitekongsoftware.com\/ca\/wp-json\/wp\/v2\/posts\/143484\/revisions"}],"wp:featuredmedia":[{"embeddable":true,"href":"https:\/\/tucomarca.whitekongsoftware.com\/ca\/wp-json\/wp\/v2\/media\/143483"}],"wp:attachment":[{"href":"https:\/\/tucomarca.whitekongsoftware.com\/ca\/wp-json\/wp\/v2\/media?parent=143484"}],"wp:term":[{"taxonomy":"category","embeddable":true,"href":"https:\/\/tucomarca.whitekongsoftware.com\/ca\/wp-json\/wp\/v2\/categories?post=143484"},{"taxonomy":"post_tag","embeddable":true,"href":"https:\/\/tucomarca.whitekongsoftware.com\/ca\/wp-json\/wp\/v2\/tags?post=143484"}],"curies":[{"name":"wp","href":"https:\/\/api.w.org\/{rel}","templated":true}]}}