{"id":143466,"date":"2021-11-04T11:25:00","date_gmt":"2021-11-04T10:25:00","guid":{"rendered":"http:\/\/www.tucomarca.com\/wordpress\/segunda\/?p=143466"},"modified":"2021-11-08T11:59:06","modified_gmt":"2021-11-08T10:59:06","slug":"el-primer-temporal-de-pluja-de-tardor-portara-grans-beneficis-a-requena-utiel","status":"publish","type":"post","link":"https:\/\/tucomarca.whitekongsoftware.com\/ca\/el-primer-temporal-de-pluja-de-tardor-portara-grans-beneficis-a-requena-utiel\/","title":{"rendered":"El primer temporal de pluja de tardor portar\u00e0 grans beneficis a Requena-Utiel"},"content":{"rendered":"\n<p class=\"wp-block-paragraph\">La comarca Requena-Utiel va registrar en els tres \u00faltims dies d&#8217;octubre el primer temporal de pluja de la tardor, despr\u00e9s d&#8217;una quarantena de dies de temps sec. La quantitat mitjana d&#8217;aigua de pluja recollida en aquest important temporal se situe entorn dels 50 litres per metre quadrat.<br>En aquesta ocasi\u00f3 el temporal no va vindre de Llevant, com \u00e9s habitual a l&#8217;octubre, perqu\u00e8 ho van portar tres fronts de pluja de proced\u00e8ncia atl\u00e0ntica.<br>La pluja beneficiar\u00e0 a tots els cultius agr\u00edcoles; per\u00f2 de forma m\u00e9s immediata a les olives que engreixaren amb la humitat de la terra i tamb\u00e9 facilitar\u00e0 la sembra dels cereals .<br>La pluja tamb\u00e9 contribuir\u00e0 a la rec\u00e0rrega dels aq\u00fc\u00edfers, que acusaven un descens del seu cabal. Informa, <strong>Luis Ib\u00e1\u00f1ez.<\/strong><\/p>\n\n\n\n<p class=\"wp-block-paragraph\"><\/p>\n","protected":false},"excerpt":{"rendered":"<div class=\"mh-excerpt\">La comarca Requena-Utiel va registrar en els tres \u00faltims dies d&#8217;octubre el primer temporal de pluja de la tardor, despr\u00e9s d&#8217;una quarantena de dies de temps sec. La quantitat mitjana d&#8217;aigua de pluja recollida en <a class=\"mh-excerpt-more\" href=\"https:\/\/tucomarca.whitekongsoftware.com\/ca\/el-primer-temporal-de-pluja-de-tardor-portara-grans-beneficis-a-requena-utiel\/\" title=\"El primer temporal de pluja de tardor portar\u00e0 grans beneficis a Requena-Utiel\">[+] <\/a><\/div>\n","protected":false},"author":12,"featured_media":143465,"comment_status":"open","ping_status":"open","sticky":false,"template":"","format":"standard","meta":{"footnotes":""},"categories":[10905,11031,10894,10903,10909,10896,11058,11060],"tags":[11309,12835,11459],"class_list":["post-143466","post","type-post","status-publish","format-standard","has-post-thumbnail","category-agricultura-la-comarca-ca","category-camporrobles-ca","category-la-comarca-ca","category-medio-ambiente-la-comarca-ca","category-requena-utiel-ca","category-seccion-ca","category-sinarcas-ca","category-venta-del-moro-ca","tag-agricultura-ca","tag-lluvias-intensas-ca","tag-utiel-requena-ca"],"_links":{"self":[{"href":"https:\/\/tucomarca.whitekongsoftware.com\/ca\/wp-json\/wp\/v2\/posts\/143466","targetHints":{"allow":["GET"]}}],"collection":[{"href":"https:\/\/tucomarca.whitekongsoftware.com\/ca\/wp-json\/wp\/v2\/posts"}],"about":[{"href":"https:\/\/tucomarca.whitekongsoftware.com\/ca\/wp-json\/wp\/v2\/types\/post"}],"author":[{"embeddable":true,"href":"https:\/\/tucomarca.whitekongsoftware.com\/ca\/wp-json\/wp\/v2\/users\/12"}],"replies":[{"embeddable":true,"href":"https:\/\/tucomarca.whitekongsoftware.com\/ca\/wp-json\/wp\/v2\/comments?post=143466"}],"version-history":[{"count":0,"href":"https:\/\/tucomarca.whitekongsoftware.com\/ca\/wp-json\/wp\/v2\/posts\/143466\/revisions"}],"wp:featuredmedia":[{"embeddable":true,"href":"https:\/\/tucomarca.whitekongsoftware.com\/ca\/wp-json\/wp\/v2\/media\/143465"}],"wp:attachment":[{"href":"https:\/\/tucomarca.whitekongsoftware.com\/ca\/wp-json\/wp\/v2\/media?parent=143466"}],"wp:term":[{"taxonomy":"category","embeddable":true,"href":"https:\/\/tucomarca.whitekongsoftware.com\/ca\/wp-json\/wp\/v2\/categories?post=143466"},{"taxonomy":"post_tag","embeddable":true,"href":"https:\/\/tucomarca.whitekongsoftware.com\/ca\/wp-json\/wp\/v2\/tags?post=143466"}],"curies":[{"name":"wp","href":"https:\/\/api.w.org\/{rel}","templated":true}]}}