{"id":143399,"date":"2021-10-29T12:18:00","date_gmt":"2021-10-29T11:18:00","guid":{"rendered":"http:\/\/www.tucomarca.com\/wordpress\/segunda\/?p=143399"},"modified":"2021-10-29T21:08:42","modified_gmt":"2021-10-29T20:08:42","slug":"les-universitats-de-tardor-doliva-i-lliria-debaten-sobre-educacio-en-igualtat-i-educacio-civica-vinculada-a-la-musica","status":"publish","type":"post","link":"https:\/\/tucomarca.whitekongsoftware.com\/ca\/les-universitats-de-tardor-doliva-i-lliria-debaten-sobre-educacio-en-igualtat-i-educacio-civica-vinculada-a-la-musica\/","title":{"rendered":"Les Universitats de Tardor d&#8217;Oliva i Ll\u00edria debaten sobre educaci\u00f3 en igualtat i educaci\u00f3 c\u00edvica vinculada a la m\u00fasica"},"content":{"rendered":"\n<p class=\"wp-block-paragraph\"><strong><strong>Les Universitats de Tardor d&#8217;Oliva i Ll\u00edria analitzaran aquesta setmana l&#8217;educaci\u00f3 des de diferents prismes. Sota el t\u00edtol \u2018Educaci\u00f3: iguals i diversos\u2019 i \u2018M\u00fasica i educaci\u00f3 c\u00edvica\u2019, les jornades, obertes al p\u00fablic i gratu\u00eftes, promouran sengles debats sota la coordinaci\u00f3 d&#8217;experts en la mat\u00e8ria. Continua aix\u00ed la programaci\u00f3 d&#8217;Universitats Estacionals de la UV, present en tot el territori.<\/strong><\/strong><\/p>\n\n\n\n<p class=\"wp-block-paragraph\">Les Universitats de Tardor d&#8217;Oliva i Ll\u00edria obriran aquesta setmana el debat sobre \u2018Educaci\u00f3: iguals i diversos\u2019 i \u2018M\u00fasica i educaci\u00f3 c\u00edvica\u2019, respectivament, donant continu\u00eftat al cicle de tardor del programa d&#8217;Universitats Estacionals, organitzat pel vicerectorat de Projecci\u00f3 Territorial i Societat de la Universitat de Val\u00e8ncia (UV) amb els ajuntaments i en col\u00b7laboraci\u00f3 amb la Diputaci\u00f3 de Val\u00e8ncia i Caixa Popular. L&#8217;objectiu d&#8217;aquesta acci\u00f3 acad\u00e8mica, que ja \u00e9s present en totes les comarques de la prov\u00edncia, \u00e9s sotmetre a an\u00e0lisi un tema monogr\u00e0fic lligat a la singularitat de cada \u00e0mbit geogr\u00e0fic, tenint en compte la seua particular idiosincr\u00e0sia, hist\u00f2ria i cultura.<\/p>\n\n\n\n<p class=\"wp-block-paragraph\">En 2021, aquestes jornades, gratu\u00eftes i obertes a la societat, han recuperat el vincle amb l&#8217;estaci\u00f3 de l&#8217;any que els d\u00f3na nom, despr\u00e9s de 2020, un any excepcional per les restriccions degudes a la pand\u00e8mia. I mantenen, a m\u00e9s, la distribuci\u00f3 per \u00e0rees tem\u00e0tiques -que reflecteixen la transversalitat de coneixement de la UV i la pluralitat de temes estudiats pels seus especialistes- i el car\u00e0cter semipresencial, que es va impulsar l&#8217;any passat amb la incorporaci\u00f3 de l&#8217;enlla\u00e7 en l\u00ednia, que permet el seguiment de les sessions per <em>streaming<\/em>, facilitant l&#8217;assist\u00e8ncia a totes les persones interessades. La UV facilitar\u00e0 les inscripcions a trav\u00e9s de la web (http:\/\/projeccio.uv.es) i proporcionar\u00e0 el corresponent certificat d&#8217;assist\u00e8ncia, tant si \u00e9s presencial com a en l\u00ednia.<\/p>\n\n\n\n<p class=\"wp-block-paragraph\">Tant la Universitat de Tardor d&#8217;Oliva com la de Ll\u00edria s&#8217;emmarquen en l&#8217;\u00e0rea tem\u00e0tica \u2018Educaci\u00f3 i Benestar Social\u2019.<\/p>\n\n\n\n<p class=\"wp-block-paragraph\"><strong>Universitat de Tardor d&#8217;Oliva<\/strong><\/p>\n\n\n\n<p class=\"wp-block-paragraph\">La Universitat de Tardor d&#8217;Oliva celebrar\u00e0 la seua segona edici\u00f3 la vesprada d&#8217;aquest dimecres, 27 d&#8217;octubre, en el Centre Polivalent de la localitat (Ronda sud, s\/n).<\/p>\n\n\n\n<p class=\"wp-block-paragraph\">La Universitat de Tardor d&#8217;Oliva, en el seu inter\u00e9s per generar coneixement i estimular el treball pedag\u00f2gic en les comunitats educatives i en les pol\u00edtiques soci-educatives municipals, celebra aquesta jornada que t\u00e9 com a objectiu cridar l&#8217;atenci\u00f3 sobre l&#8217;exist\u00e8ncia de desavantatges socials davant l&#8217;educaci\u00f3 i la necessitat de superar-les. En aquest sentit, plantejar\u00e0 actuacions pedag\u00f2giques dirigides a eliminar barreres i discriminacions i l&#8217;impuls d&#8217;una labor educadora, a l&#8217;escola i la ciutat, que respecte la diversitat cultural i garantisca la integraci\u00f3, la igualtat de g\u00e8neres i l&#8217;equitat social.<\/p>\n\n\n\n<p class=\"wp-block-paragraph\">L&#8217;acte inaugural tindr\u00e0 lloc a les 17:00 h, amb la participaci\u00f3 d&#8217;Ana Mar\u00eda Morell G\u00f3mez, vicealcaldessa i regidora d&#8217;Educaci\u00f3 d&#8217;Oliva; Jorge Hermosilla Pla, vicerector de Projecci\u00f3 Territorial i Societat de la UV; Empar Folgado, diputada delegada d&#8217;Inclusi\u00f3 Social i Educaci\u00f3 de la Diputaci\u00f3 de Val\u00e8ncia; Alejandro Mayordomo, coordinador de la Universitat de Tardor d&#8217;Oliva i professor del Departament d&#8217;Educaci\u00f3 Comparada i Hist\u00f2ria de l&#8217;Educaci\u00f3 de la UV; i Susana Mi\u00f1ana, directora de l&#8217;oficina de Caixa Popular a Oliva.<\/p>\n\n\n\n<p class=\"wp-block-paragraph\">A continuaci\u00f3, tres confer\u00e8ncies permetran aprofundir en el tema d&#8217;aquesta edici\u00f3. Manuel L\u00f3pez Torrijo, del Departament d&#8217;Educaci\u00f3 Comparada i Hist\u00f2ria de l&#8217;Educaci\u00f3 de la UV, parlar\u00e0 sobre \u2018Educar en inclusi\u00f3: el valor de la diversitat\u2019; Irene Verde Peleato, del Departament de Teoria de l&#8217;Educaci\u00f3 de la UV, sobre \u2018Educar per a conviure en la diversitat cultural, una q\u00fcesti\u00f3 d&#8217;actitud\u2019; i Mar\u00eda Jes\u00fas Mart\u00ednez Usarralde, del Departament d&#8217;Educaci\u00f3 Comparada i Hist\u00f2ria de l&#8217;Educaci\u00f3 de la UV, realitzar\u00e0 la seua intervenci\u00f3 sota el t\u00edtol \u2018Obrint finestres al m\u00f3n: mirades de dona des de l&#8217;equitat\u2019.<\/p>\n\n\n\n<p class=\"wp-block-paragraph\">Una taula redona, a les 19:00 h., sobre \u2018Educaci\u00f3, igualtat i diversitat a Oliva i la Safor\u2019 posar\u00e0 fi a aquesta edici\u00f3 de la Universitat de Tardor d&#8217;Oliva, que ser\u00e0 clausurada per Yolanda Balaguer Peric\u00e0s, alcaldessa d&#8217;Oliva, i Jorge Hermosilla.<\/p>\n\n\n\n<p class=\"wp-block-paragraph\"><strong>Universitat de Tardor de Ll\u00edria<\/strong><\/p>\n\n\n\n<p class=\"wp-block-paragraph\">La Universitat de Tardor de Ll\u00edria celebrar\u00e0 la seua quarta edici\u00f3 en el Conservatori Municipal la vesprada del divendres, 29 d&#8217;octubre, per a debatre sobre la m\u00fasica com a instrument de transformaci\u00f3 social al llarg de la hist\u00f2ria.<\/p>\n\n\n\n<p class=\"wp-block-paragraph\">L&#8217;acte d&#8217;inauguraci\u00f3 ser\u00e0 a les 17:00 h, amb la intervenci\u00f3 de Joan Manuel Miguel, alcalde de Ll\u00edria; Jorge Hermosilla Pla, vicerector de Projecci\u00f3 Territorial i Societat de la UV; Empar Folgado, diputada delegada d&#8217;Inclusi\u00f3 Social i Educaci\u00f3 de la Diputaci\u00f3 de Val\u00e8ncia; Ana Botella Nicol\u00e1s, coordinadora de la Universitat de Tardor de Ll\u00edria i Degana de la Facultat de Magisteri de la UV; i Jos\u00e9 Mayans Mateos, director de l&#8217;oficina de Caixa Popular a Ll\u00edria.<\/p>\n\n\n\n<p class=\"wp-block-paragraph\">A continuaci\u00f3 tindran lloc quatre confer\u00e8ncies, presentades per Ana Botella Nicol\u00e1s. Vicent Llimer\u00e0 Dus, catedr\u00e0tic d&#8217;obo\u00e9 del Conservatori Superior de M\u00fasica Joaqu\u00edn Rodrigo de Val\u00e8ncia, tractar\u00e0 sobre \u2018L&#8217;educaci\u00f3 musical superior i la societat. Nous reptes per al segle XXI\u2019. Antonio Calzado Aldaria, professor ajudant doctor del Departament de Did\u00e0ctica dels Ci\u00e8ncies Experimentals i Socials de la UV, sobre \u2018Les bandes de m\u00fasica valencianes: un potent element d&#8217;educaci\u00f3 c\u00edvica\u2019. Aureli Mart\u00ed Bataller, professor ajudant doctor del Departament d&#8217;Hist\u00f2ria Moderna i Contempor\u00e0nia de la UV, sobre \u2018Sarsuela: m\u00fasica, naci\u00f3 i&#8230; revoluci\u00f3? Pr\u00e0ctiques musicals i moviment socialista\u2019. I Mikel Aizpurua Garcia, president de l&#8217;ONG M\u00fasics solidaris sense fronteres de la Comunitat Valenciana, sobre \u2018Els drets humans: el teu millor instrument\u2019.<\/p>\n\n\n\n<p class=\"wp-block-paragraph\"><strong>20 Universitats Estacionals, 4 estacions i 3 \u00e0rees tem\u00e0tiques<\/strong><\/p>\n\n\n\n<p class=\"wp-block-paragraph\">La programaci\u00f3 d&#8217;Universitats Estacionals integra dues Universitats d&#8217;Hivern (Cofrentes i Requena); sis Universitats de Primavera (Alzira, Cullera, X\u00e1tiva, Sagunt, la Canal de Navarr\u00e9s i Alt T\u00faria); i quatre Universitats d&#8217;Estiu (Rinc\u00f3n d&#8217;Ademuz, Aras de los Olmos, Gandia i Sagunt), que ja han celebrat enguany les seues corresponents sessions.<\/p>\n\n\n\n<p class=\"wp-block-paragraph\">Les Universitats Estacionals de Tardor tancaran la programaci\u00f3 de 2021. Despr\u00e9s de les jornada d&#8217;Alaqu\u00e0s, Bu\u00f1ol, l&#8217;Eliana, Oliva i Ll\u00edria, se celebraran la Universitat Estacional d&#8217;Ayora, el 4 de novembre, sobre \u2018Reptes i amenaces de l&#8217;apicultura en el segle XXI\u2019; la Universitat Estacional d&#8217;Enguera, a partir de l&#8217;11 de novembre, sobre \u2018Professions de futur i vida saludable en un m\u00f3n global i sostenible\u2019; i la Universitat Estacional d&#8217;Ontinyent, a partir del 23 de novembre, sota el t\u00edtol \u2018Temps de transformacions\u2019.<\/p>\n\n\n\n<p class=\"wp-block-paragraph\">Les Universitats Estacionals debaten aquest any 2021 sobre m\u00faltiples aspectes vinculats a cada territori entorn de tres \u00e0rees tem\u00e0tiques: \u2018Patrimoni Hist\u00f2ric i Cultural\u2019 (Cullera, X\u00e0tiva, Sagunt, Alaqu\u00e0s, Bu\u00f1ol i Ayora); \u2018Educaci\u00f3 i Benestar Social\u2019 (Cofrentes, Sagunt, Ll\u00edria, Oliva, Enguera i Ontinyent); i \u2018Biodiversitat, Desenvolupament i Innovaci\u00f3 Territorial\u2019 (Requena, Alzira, la Canal de Navarr\u00e9s, Alt T\u00faria, Rinc\u00f3n d&#8217;Ademuz, Aras de los Olmos, Gandia i L&#8217;Eliana).<\/p>\n","protected":false},"excerpt":{"rendered":"<div class=\"mh-excerpt\">Les Universitats de Tardor d&#8217;Oliva i Ll\u00edria analitzaran aquesta setmana l&#8217;educaci\u00f3 des de diferents prismes. Sota el t\u00edtol \u2018Educaci\u00f3: iguals i diversos\u2019 i \u2018M\u00fasica i educaci\u00f3 c\u00edvica\u2019, les jornades, obertes al p\u00fablic i gratu\u00eftes, promouran <a class=\"mh-excerpt-more\" href=\"https:\/\/tucomarca.whitekongsoftware.com\/ca\/les-universitats-de-tardor-doliva-i-lliria-debaten-sobre-educacio-en-igualtat-i-educacio-civica-vinculada-a-la-musica\/\" title=\"Les Universitats de Tardor d&#8217;Oliva i Ll\u00edria debaten sobre educaci\u00f3 en igualtat i educaci\u00f3 c\u00edvica vinculada a la m\u00fasica\">[+] <\/a><\/div>\n","protected":false},"author":12,"featured_media":143397,"comment_status":"open","ping_status":"open","sticky":false,"template":"","format":"standard","meta":{"footnotes":""},"categories":[11019,10892,11005,10894,10928,11007,10896],"tags":[10899,11066,12114,12034,11070],"class_list":["post-143399","post","type-post","status-publish","format-standard","has-post-thumbnail","category-agenda-ca","category-camp-de-turia-ca","category-canal-musica","category-la-comarca-ca","category-lliria-ca","category-ocio-y-cultura-ca","category-seccion-ca","tag-camp-de-turia-ca","tag-musica-ca","tag-educacion-ca","tag-igualdad-ca","tag-lliria-ca"],"_links":{"self":[{"href":"https:\/\/tucomarca.whitekongsoftware.com\/ca\/wp-json\/wp\/v2\/posts\/143399","targetHints":{"allow":["GET"]}}],"collection":[{"href":"https:\/\/tucomarca.whitekongsoftware.com\/ca\/wp-json\/wp\/v2\/posts"}],"about":[{"href":"https:\/\/tucomarca.whitekongsoftware.com\/ca\/wp-json\/wp\/v2\/types\/post"}],"author":[{"embeddable":true,"href":"https:\/\/tucomarca.whitekongsoftware.com\/ca\/wp-json\/wp\/v2\/users\/12"}],"replies":[{"embeddable":true,"href":"https:\/\/tucomarca.whitekongsoftware.com\/ca\/wp-json\/wp\/v2\/comments?post=143399"}],"version-history":[{"count":0,"href":"https:\/\/tucomarca.whitekongsoftware.com\/ca\/wp-json\/wp\/v2\/posts\/143399\/revisions"}],"wp:featuredmedia":[{"embeddable":true,"href":"https:\/\/tucomarca.whitekongsoftware.com\/ca\/wp-json\/wp\/v2\/media\/143397"}],"wp:attachment":[{"href":"https:\/\/tucomarca.whitekongsoftware.com\/ca\/wp-json\/wp\/v2\/media?parent=143399"}],"wp:term":[{"taxonomy":"category","embeddable":true,"href":"https:\/\/tucomarca.whitekongsoftware.com\/ca\/wp-json\/wp\/v2\/categories?post=143399"},{"taxonomy":"post_tag","embeddable":true,"href":"https:\/\/tucomarca.whitekongsoftware.com\/ca\/wp-json\/wp\/v2\/tags?post=143399"}],"curies":[{"name":"wp","href":"https:\/\/api.w.org\/{rel}","templated":true}]}}