{"id":143392,"date":"2021-10-29T13:00:00","date_gmt":"2021-10-29T12:00:00","guid":{"rendered":"http:\/\/www.tucomarca.com\/wordpress\/segunda\/?p=143392"},"modified":"2021-10-29T20:25:21","modified_gmt":"2021-10-29T19:25:21","slug":"tot-preparat-per-a-la-festivitat-de-tots-els-sants-en-el-cementeri-de-camp-arcis","status":"publish","type":"post","link":"https:\/\/tucomarca.whitekongsoftware.com\/ca\/tot-preparat-per-a-la-festivitat-de-tots-els-sants-en-el-cementeri-de-camp-arcis\/","title":{"rendered":"Tot preparat per a la festivitat de Tots Els Sants en el cementeri de Camp Arc\u00eds"},"content":{"rendered":"\n<p class=\"wp-block-paragraph\">Com tots els anys per aquestes dates, des de la Junta Directiva del Cementeri de Camp Arc\u00eds s&#8217;ha procedit a realitzar les labors de manteniment i condicionament de les nostres instal\u00b7lacions.<\/p>\n\n\n\n<p class=\"wp-block-paragraph\">Cal destacar que el Cementeri de Camp Arc\u00eds \u00e9s de titularitat municipal, sent gestionat per l&#8217;alcaldia ped\u00e0nia a trav\u00e9s d&#8217;una Junta Directiva composta per quatre ve\u00efns de la poblaci\u00f3 i presidida per l&#8217;alcalde pedani.&nbsp;<\/p>\n\n\n\n<p class=\"wp-block-paragraph\">Durant tot l&#8217;any i de manera cont\u00ednua es duen a terme labors de manteniment en aquestes instal\u00b7lacions, les quals s&#8217;intensifiquen des de fa diverses setmanes fent treballs de jardineria, neteja i pintura per a deixar el cementeri de Camp Arc\u00eds en les millors condicions possibles per al Dia de Tots els Sants, que \u00e9s el de m\u00e9s aflu\u00e8ncia de visitants en tot l&#8217;any.&nbsp;<\/p>\n\n\n\n<p class=\"wp-block-paragraph\">En els \u00faltims anys s&#8217;han realitzat millores en les instal\u00b7lacions, com la realitzada en la part davantera del cementeri amb la col\u00b7locaci\u00f3 de rajoles en el s\u00f2l, xapat en parets, porta interior de fusta, construcci\u00f3 d&#8217;un arc interior i reparaci\u00f3 de la coberta, a tot aix\u00f2 cal afegir la col\u00b7locaci\u00f3 de noves plantes als jardins de l&#8217;interior i bancs de fusta per a descans dels visitants, aix\u00ed com l&#8217;asfaltat del cam\u00ed que uneix el cementeri amb la poblaci\u00f3 de Camp Arc\u00eds.<\/p>\n\n\n\n<p class=\"wp-block-paragraph\">Informar tamb\u00e9 que dilluns que ve, Dia de Tots els Sants, se celebrar\u00e0 una missa en el cementeri a les 12.30 hores, la qual es traslladar\u00e0 a l&#8217;esgl\u00e9sia de la poblaci\u00f3 en cas de pluja.<\/p>\n\n\n\n<p class=\"wp-block-paragraph\">Dir tamb\u00e9 que aquestes instal\u00b7lacions tindran les seues portes obertes durant aquests dies per a tots els visitants.&nbsp;<\/p>\n\n\n\n<p class=\"wp-block-paragraph\">Totes aquestes actuacions s&#8217;han dut a terme per a donar el millor servei possible a tots els ve\u00efns i visitants que assistiran a la celebraci\u00f3 de la festivitat de Tots els Sants en el cementeri local de Camp Arc\u00eds.<\/p>\n","protected":false},"excerpt":{"rendered":"<div class=\"mh-excerpt\">Com tots els anys per aquestes dates, des de la Junta Directiva del Cementeri de Camp Arc\u00eds s&#8217;ha procedit a realitzar les labors de manteniment i condicionament de les nostres instal\u00b7lacions. Cal destacar que el <a class=\"mh-excerpt-more\" href=\"https:\/\/tucomarca.whitekongsoftware.com\/ca\/tot-preparat-per-a-la-festivitat-de-tots-els-sants-en-el-cementeri-de-camp-arcis\/\" title=\"Tot preparat per a la festivitat de Tots Els Sants en el cementeri de Camp Arc\u00eds\">[+] <\/a><\/div>\n","protected":false},"author":12,"featured_media":143390,"comment_status":"open","ping_status":"open","sticky":false,"template":"","format":"standard","meta":{"footnotes":""},"categories":[11030,10948,10894,11007,10909,10896],"tags":[13681,10910],"class_list":["post-143392","post","type-post","status-publish","format-standard","has-post-thumbnail","category-campo-arcis-ca","category-infraestructuras-ca","category-la-comarca-ca","category-ocio-y-cultura-ca","category-requena-utiel-ca","category-seccion-ca","tag-campo-arcis-ca","tag-requena-utiel-ca"],"_links":{"self":[{"href":"https:\/\/tucomarca.whitekongsoftware.com\/ca\/wp-json\/wp\/v2\/posts\/143392","targetHints":{"allow":["GET"]}}],"collection":[{"href":"https:\/\/tucomarca.whitekongsoftware.com\/ca\/wp-json\/wp\/v2\/posts"}],"about":[{"href":"https:\/\/tucomarca.whitekongsoftware.com\/ca\/wp-json\/wp\/v2\/types\/post"}],"author":[{"embeddable":true,"href":"https:\/\/tucomarca.whitekongsoftware.com\/ca\/wp-json\/wp\/v2\/users\/12"}],"replies":[{"embeddable":true,"href":"https:\/\/tucomarca.whitekongsoftware.com\/ca\/wp-json\/wp\/v2\/comments?post=143392"}],"version-history":[{"count":0,"href":"https:\/\/tucomarca.whitekongsoftware.com\/ca\/wp-json\/wp\/v2\/posts\/143392\/revisions"}],"wp:featuredmedia":[{"embeddable":true,"href":"https:\/\/tucomarca.whitekongsoftware.com\/ca\/wp-json\/wp\/v2\/media\/143390"}],"wp:attachment":[{"href":"https:\/\/tucomarca.whitekongsoftware.com\/ca\/wp-json\/wp\/v2\/media?parent=143392"}],"wp:term":[{"taxonomy":"category","embeddable":true,"href":"https:\/\/tucomarca.whitekongsoftware.com\/ca\/wp-json\/wp\/v2\/categories?post=143392"},{"taxonomy":"post_tag","embeddable":true,"href":"https:\/\/tucomarca.whitekongsoftware.com\/ca\/wp-json\/wp\/v2\/tags?post=143392"}],"curies":[{"name":"wp","href":"https:\/\/api.w.org\/{rel}","templated":true}]}}