{"id":143378,"date":"2021-10-28T10:00:00","date_gmt":"2021-10-28T09:00:00","guid":{"rendered":"http:\/\/www.tucomarca.com\/wordpress\/segunda\/?p=143378"},"modified":"2021-10-29T20:44:18","modified_gmt":"2021-10-29T19:44:18","slug":"el-prya-va-sollicitar-en-el-ple-la-neteja-dels-vorals-de-lantiga-n-iii-al-seu-pas-per-requena","status":"publish","type":"post","link":"https:\/\/tucomarca.whitekongsoftware.com\/ca\/el-prya-va-sollicitar-en-el-ple-la-neteja-dels-vorals-de-lantiga-n-iii-al-seu-pas-per-requena\/","title":{"rendered":"El PRyA va sol\u00b7licitar en el ple la neteja dels vorals de l&#8217;antiga N-III al seu pas per Requena"},"content":{"rendered":"\n<p class=\"wp-block-paragraph\">Despr\u00e9s de rebre diverses peticions de ve\u00efns sobre la poca visibilitat a l&#8217;hora d&#8217;incorporar-se amb el vehicle en l&#8217;antiga N-III a causa de la vegetaci\u00f3, el Partit de Requena i Llogarets va portar aquest assumpte al passat ple.<\/p>\n\n\n\n<p class=\"wp-block-paragraph\">&#8220;L&#8217;antiga N-III al seu pas per Requena \u00e9s de titularitat municipal des de fa uns anys i correspon a l&#8217;Ajuntament el seu manteniment, com \u00e9s aquest cas&#8221;, assegura el PRyA.<\/p>\n\n\n\n<p class=\"wp-block-paragraph\">A causa de la vegetaci\u00f3 en els vorals d&#8217;aquesta via, compostos per males herbes, branques d&#8217;arbres i arbustos, la incorporaci\u00f3 dels vehicles des del nucli urb\u00e0 a l&#8217;antiga N-III comporta un risc per al conductor degut a la poca visibilitat que hi ha en alguns punts.<\/p>\n\n\n\n<p class=\"wp-block-paragraph\">\u00c9s per aix\u00f2 que des del Partit de Requena i Llogarets sol\u00b7liciten &#8220;al govern socialista de Mario S\u00e1nchez que complisca amb la seua obligaci\u00f3 i duga a terme les labors de manteniment necess\u00e0ries per a garantir la visibilitat dels vehicles i la seua incorporaci\u00f3 a aquesta carretera de manera segura&#8221;.<\/p>\n\n\n\n<p class=\"wp-block-paragraph\">&#8220;Des del Partit de Requena i Llogarets seguim a la disposici\u00f3 dels ve\u00efns per a atendre&#8217;ls i solucionar qualsevol petici\u00f3 que tinguen, com \u00e9s aquest cas amb l&#8217;antiga N-III, per la qual cosa els emplacem a contactar amb nosaltres per a ajudar-los en el que puguem, ja que nosaltres no hem vingut a al\u00e7ar la m\u00e0 en els plens i a desfilar en processons, en el PRyA estem per a treballar pels ve\u00efns&#8221; han finalitzat.<\/p>\n","protected":false},"excerpt":{"rendered":"<div class=\"mh-excerpt\">Despr\u00e9s de rebre diverses peticions de ve\u00efns sobre la poca visibilitat a l&#8217;hora d&#8217;incorporar-se amb el vehicle en l&#8217;antiga N-III a causa de la vegetaci\u00f3, el Partit de Requena i Llogarets va portar aquest assumpte <a class=\"mh-excerpt-more\" href=\"https:\/\/tucomarca.whitekongsoftware.com\/ca\/el-prya-va-sollicitar-en-el-ple-la-neteja-dels-vorals-de-lantiga-n-iii-al-seu-pas-per-requena\/\" title=\"El PRyA va sol\u00b7licitar en el ple la neteja dels vorals de l&#8217;antiga N-III al seu pas per Requena\">[+] <\/a><\/div>\n","protected":false},"author":12,"featured_media":143376,"comment_status":"open","ping_status":"open","sticky":false,"template":"","format":"standard","meta":{"footnotes":""},"categories":[10948,10894,10947,10908,10909,10896],"tags":[11099,10910],"class_list":["post-143378","post","type-post","status-publish","format-standard","has-post-thumbnail","category-infraestructuras-ca","category-la-comarca-ca","category-politica","category-requena-ca","category-requena-utiel-ca","category-seccion-ca","tag-requena-ca","tag-requena-utiel-ca"],"_links":{"self":[{"href":"https:\/\/tucomarca.whitekongsoftware.com\/ca\/wp-json\/wp\/v2\/posts\/143378","targetHints":{"allow":["GET"]}}],"collection":[{"href":"https:\/\/tucomarca.whitekongsoftware.com\/ca\/wp-json\/wp\/v2\/posts"}],"about":[{"href":"https:\/\/tucomarca.whitekongsoftware.com\/ca\/wp-json\/wp\/v2\/types\/post"}],"author":[{"embeddable":true,"href":"https:\/\/tucomarca.whitekongsoftware.com\/ca\/wp-json\/wp\/v2\/users\/12"}],"replies":[{"embeddable":true,"href":"https:\/\/tucomarca.whitekongsoftware.com\/ca\/wp-json\/wp\/v2\/comments?post=143378"}],"version-history":[{"count":0,"href":"https:\/\/tucomarca.whitekongsoftware.com\/ca\/wp-json\/wp\/v2\/posts\/143378\/revisions"}],"wp:featuredmedia":[{"embeddable":true,"href":"https:\/\/tucomarca.whitekongsoftware.com\/ca\/wp-json\/wp\/v2\/media\/143376"}],"wp:attachment":[{"href":"https:\/\/tucomarca.whitekongsoftware.com\/ca\/wp-json\/wp\/v2\/media?parent=143378"}],"wp:term":[{"taxonomy":"category","embeddable":true,"href":"https:\/\/tucomarca.whitekongsoftware.com\/ca\/wp-json\/wp\/v2\/categories?post=143378"},{"taxonomy":"post_tag","embeddable":true,"href":"https:\/\/tucomarca.whitekongsoftware.com\/ca\/wp-json\/wp\/v2\/tags?post=143378"}],"curies":[{"name":"wp","href":"https:\/\/api.w.org\/{rel}","templated":true}]}}