{"id":143318,"date":"2021-10-28T10:19:00","date_gmt":"2021-10-28T09:19:00","guid":{"rendered":"http:\/\/www.tucomarca.com\/wordpress\/segunda\/?p=143318"},"modified":"2021-10-29T21:11:17","modified_gmt":"2021-10-29T20:11:17","slug":"la-regidoria-digualtat-de-bunyol-llanca-les-jornades-lgtbi-en-collaboracio-amb-la-biblioteca-municipal-i-la-regidoria-de-cultura","status":"publish","type":"post","link":"https:\/\/tucomarca.whitekongsoftware.com\/ca\/la-regidoria-digualtat-de-bunyol-llanca-les-jornades-lgtbi-en-collaboracio-amb-la-biblioteca-municipal-i-la-regidoria-de-cultura\/","title":{"rendered":"La regidoria d&#8217;Igualtat de Bunyol llan\u00e7a les jornades LGTBI en col\u00b7laboraci\u00f3 amb la biblioteca municipal i la regidoria de Cultura"},"content":{"rendered":"\n<h4 class=\"wp-block-heading\">La regidoria d&#8217;Igualtat de l&#8217;Ajuntament de Bu\u00f1ol, en col\u00b7laboraci\u00f3 amb la Biblioteca Municipal Cronista Fernando Galarza i la regidoria de Cultura llancen les jornades LGTBI en la poblaci\u00f3 fins al 6 de novembre.&nbsp;<\/h4>\n\n\n\n<figure class=\"wp-block-gallery columns-1 is-cropped wp-block-gallery-1 is-layout-flex wp-block-gallery-is-layout-flex\"><ul class=\"blocks-gallery-grid\"><li class=\"blocks-gallery-item\"><figure><img loading=\"lazy\" decoding=\"async\" width=\"1024\" height=\"512\" src=\"http:\/\/www.tucomarca.com\/wordpress\/segunda\/wp-content\/uploads\/2021\/10\/BunolLGTBI2021-1024x512.jpg\" alt=\"\" data-id=\"143316\" data-full-url=\"http:\/\/www.tucomarca.com\/wordpress\/segunda\/wp-content\/uploads\/2021\/10\/BunolLGTBI2021.jpg\" data-link=\"http:\/\/www.tucomarca.com\/wordpress\/segunda\/ca\/?attachment_id=143316\" class=\"wp-image-143316\" srcset=\"https:\/\/tucomarca.whitekongsoftware.com\/wp-content\/uploads\/2021\/10\/BunolLGTBI2021-1024x512.jpg 1024w, https:\/\/tucomarca.whitekongsoftware.com\/wp-content\/uploads\/2021\/10\/BunolLGTBI2021-300x150.jpg 300w, https:\/\/tucomarca.whitekongsoftware.com\/wp-content\/uploads\/2021\/10\/BunolLGTBI2021-768x384.jpg 768w, https:\/\/tucomarca.whitekongsoftware.com\/wp-content\/uploads\/2021\/10\/BunolLGTBI2021-1536x768.jpg 1536w, https:\/\/tucomarca.whitekongsoftware.com\/wp-content\/uploads\/2021\/10\/BunolLGTBI2021.jpg 1600w\" sizes=\"auto, (max-width: 1024px) 100vw, 1024px\" \/><\/figure><\/li><li class=\"blocks-gallery-item\"><figure><img loading=\"lazy\" decoding=\"async\" width=\"1024\" height=\"512\" src=\"http:\/\/www.tucomarca.com\/wordpress\/segunda\/wp-content\/uploads\/2021\/10\/BunolLGTBI2021-2-1024x512.jpg\" alt=\"\" data-id=\"143314\" data-full-url=\"http:\/\/www.tucomarca.com\/wordpress\/segunda\/wp-content\/uploads\/2021\/10\/BunolLGTBI2021-2.jpg\" data-link=\"http:\/\/www.tucomarca.com\/wordpress\/segunda\/ca\/?attachment_id=143314\" class=\"wp-image-143314\" srcset=\"https:\/\/tucomarca.whitekongsoftware.com\/wp-content\/uploads\/2021\/10\/BunolLGTBI2021-2-1024x512.jpg 1024w, https:\/\/tucomarca.whitekongsoftware.com\/wp-content\/uploads\/2021\/10\/BunolLGTBI2021-2-300x150.jpg 300w, https:\/\/tucomarca.whitekongsoftware.com\/wp-content\/uploads\/2021\/10\/BunolLGTBI2021-2-768x384.jpg 768w, https:\/\/tucomarca.whitekongsoftware.com\/wp-content\/uploads\/2021\/10\/BunolLGTBI2021-2-1536x768.jpg 1536w, https:\/\/tucomarca.whitekongsoftware.com\/wp-content\/uploads\/2021\/10\/BunolLGTBI2021-2.jpg 1600w\" sizes=\"auto, (max-width: 1024px) 100vw, 1024px\" \/><\/figure><\/li><\/ul><\/figure>\n\n\n\n<p class=\"wp-block-paragraph\">Sandra Corach\u00e1n, regidora d&#8217;Igualtat de l&#8217;Ajuntament de Bu\u00f1ol ha presentat les jornades LGTBI afegint que &#8220;el passat 28 de juny va ser el Dia Internacional de l&#8217;Orgull LGTBI, per\u00f2 no sols \u00e9s important secundar i lluitar en aqueixa data, hem de fer-ho sempre. Cal aprofitar qualsevol moment per a demostrar que totes i tots som iguals i tenim els mateixos drets&#8221;.<\/p>\n\n\n\n<p class=\"wp-block-paragraph\">Continua dient: \u201cEncara que semble que tot avan\u00e7a r\u00e0pid, podem veure, despr\u00e9s d&#8217;alguns fets esdevinguts en els \u00faltims mesos, com els drets LGTBI no van al mateix ritme, encara queda molt cam\u00ed per rec\u00f3rrer\u201d, finalitza la responsable de l&#8217;\u00e0rea d&#8217;Igualtat a l&#8217;Ajuntament.&nbsp;<\/p>\n\n\n\n<p class=\"wp-block-paragraph\">\u201cTots iguals; Tots diferents; en llibertat tots guanyem\u201d, \u00e9s l&#8217;esl\u00f2gan d&#8217;aquestes jornades LGTBI que arranquen hui a Bu\u00f1ol i que finalitzen el pr\u00f2xim 6 de novembre.<\/p>\n\n\n\n<p class=\"wp-block-paragraph\">Hui tindr\u00e0 lloc la projecci\u00f3 del documental \u201cNosaltres som\u201d: Groc, perillosos i malalts\u201d i despr\u00e9s col\u00b7loqui. Ser\u00e0 a les 19h a la Sala Raga del Molino Gal\u00e0 de Bu\u00f1ol. Aquest documental repassa la recent hist\u00f2ria espanyola des del per\u00edode en el qual l&#8217;homosexualitat era un delicte penat amb pres\u00f3 fins a la derogaci\u00f3 de la llei de perillositat social. Valuosos testimoniatges de les persones que van patir la repressi\u00f3 i valuoses imatges d&#8217;arxiu ens mostren un complet panorama hist\u00f2ric.&nbsp;<\/p>\n\n\n\n<p class=\"wp-block-paragraph\">El seg\u00fcent acte ser\u00e0 el dijous 4 de novembre a les 19h, tamb\u00e9 a la Sala Raga, on es presentar\u00e0 un llibre anomenat \u201cInvertits i rompepatrias. Marxisme, anarquisme i desobedi\u00e8ncia sexual i de g\u00e8nere en l&#8217;estat espanyol (1868-1982)\u201d. Amb la pres\u00e8ncia de l&#8217;autor, Piro Subrat, s&#8217;obrir\u00e0 un posterior debat. Aquest llibre recull un ampli estudi de l&#8217;evoluci\u00f3, durant m\u00e9s d&#8217;un segle, de la relaci\u00f3 entre els moviments pol\u00edtics d&#8217;esquerra en l&#8217;estat espanyol i els moviments i intents de reconeixement de l&#8217;homosexualitat lliure, persecuci\u00f3 o estigma.<\/p>\n\n\n\n<p class=\"wp-block-paragraph\">El divendres 5 de novembre els actes continuen tamb\u00e9 a la mateixa hora i en el mateix enclavament. L&#8217;acte es diu: \u201cTaules redones-biblioteques humanes\u201d. S&#8217;obrir\u00e0 un debat moderat per Arnaldo Carrascosa i Ra\u00fal Miralles. Un espai on es podr\u00e0 compartir l&#8217;experi\u00e8ncia viva i viscuda de tres persones en tres situacions i moments cronol\u00f2gics diferents del que significa per a elles i ells la seua opci\u00f3 de vida emocional, sexual, o afectiva.<\/p>\n\n\n\n<p class=\"wp-block-paragraph\">I finalment, el dissabte 6 de novembre conclouran aquestes jornades amb teatre per a xiquets a la biblioteca a les 12h. Rebombori Teatre presenta: \u201cLes meues dues mam\u00e0s m\u00f2mies\u201d. \u00c9s un contacontes per a xiquets entre 5 i 9 anys on es reflecteix i integra en la narraci\u00f3 la realitat actual dels models \u201cdiferents\u201d de fam\u00edlia.<\/p>\n\n\n\n<h4 class=\"wp-block-heading\"><\/h4>\n","protected":false},"excerpt":{"rendered":"<div class=\"mh-excerpt\">La regidoria d&#8217;Igualtat de l&#8217;Ajuntament de Bu\u00f1ol, en col\u00b7laboraci\u00f3 amb la Biblioteca Municipal Cronista Fernando Galarza i la regidoria de Cultura llancen les jornades LGTBI en la poblaci\u00f3 fins al 6 de novembre.&nbsp; Sandra Corach\u00e1n, <a class=\"mh-excerpt-more\" href=\"https:\/\/tucomarca.whitekongsoftware.com\/ca\/la-regidoria-digualtat-de-bunyol-llanca-les-jornades-lgtbi-en-collaboracio-amb-la-biblioteca-municipal-i-la-regidoria-de-cultura\/\" title=\"La regidoria d&#8217;Igualtat de Bunyol llan\u00e7a les jornades LGTBI en col\u00b7laboraci\u00f3 amb la biblioteca municipal i la regidoria de Cultura\">[+] <\/a><\/div>\n","protected":false},"author":12,"featured_media":143321,"comment_status":"open","ping_status":"open","sticky":false,"template":"","format":"standard","meta":{"footnotes":""},"categories":[11019,10911,10894,10912,10947,10896],"tags":[10913,12034,15737,10914],"class_list":["post-143318","post","type-post","status-publish","format-standard","has-post-thumbnail","category-agenda-ca","category-bunol-ca","category-la-comarca-ca","category-la-hoya-ca","category-politica","category-seccion-ca","tag-bunol-ca","tag-igualdad-ca","tag-jornadas-lgtbi-2021-ca","tag-la-hoya-de-bunol-chiva-ca"],"_links":{"self":[{"href":"https:\/\/tucomarca.whitekongsoftware.com\/ca\/wp-json\/wp\/v2\/posts\/143318","targetHints":{"allow":["GET"]}}],"collection":[{"href":"https:\/\/tucomarca.whitekongsoftware.com\/ca\/wp-json\/wp\/v2\/posts"}],"about":[{"href":"https:\/\/tucomarca.whitekongsoftware.com\/ca\/wp-json\/wp\/v2\/types\/post"}],"author":[{"embeddable":true,"href":"https:\/\/tucomarca.whitekongsoftware.com\/ca\/wp-json\/wp\/v2\/users\/12"}],"replies":[{"embeddable":true,"href":"https:\/\/tucomarca.whitekongsoftware.com\/ca\/wp-json\/wp\/v2\/comments?post=143318"}],"version-history":[{"count":0,"href":"https:\/\/tucomarca.whitekongsoftware.com\/ca\/wp-json\/wp\/v2\/posts\/143318\/revisions"}],"wp:featuredmedia":[{"embeddable":true,"href":"https:\/\/tucomarca.whitekongsoftware.com\/ca\/wp-json\/wp\/v2\/media\/143321"}],"wp:attachment":[{"href":"https:\/\/tucomarca.whitekongsoftware.com\/ca\/wp-json\/wp\/v2\/media?parent=143318"}],"wp:term":[{"taxonomy":"category","embeddable":true,"href":"https:\/\/tucomarca.whitekongsoftware.com\/ca\/wp-json\/wp\/v2\/categories?post=143318"},{"taxonomy":"post_tag","embeddable":true,"href":"https:\/\/tucomarca.whitekongsoftware.com\/ca\/wp-json\/wp\/v2\/tags?post=143318"}],"curies":[{"name":"wp","href":"https:\/\/api.w.org\/{rel}","templated":true}]}}