{"id":143259,"date":"2021-10-27T15:00:00","date_gmt":"2021-10-27T14:00:00","guid":{"rendered":"http:\/\/www.tucomarca.com\/wordpress\/segunda\/?p=143259"},"modified":"2021-10-28T09:35:12","modified_gmt":"2021-10-28T08:35:12","slug":"la-regidoria-durbanisme-de-bunyol-organitza-una-xarrada-informativa-sobre-lexpedient-de-mit-per-a-la-legalitzacio-de-cases-de-muntanya","status":"publish","type":"post","link":"https:\/\/tucomarca.whitekongsoftware.com\/ca\/la-regidoria-durbanisme-de-bunyol-organitza-una-xarrada-informativa-sobre-lexpedient-de-mit-per-a-la-legalitzacio-de-cases-de-muntanya\/","title":{"rendered":"La Regidoria d&#8217;Urbanisme de Bunyol organitza una xarrada informativa sobre l&#8217;expedient de MIT per a la legalitzaci\u00f3 de cases de muntanya"},"content":{"rendered":"\n<h4 class=\"wp-block-heading\">La xarrada sobre l&#8217;expedient de Minimitzaci\u00f3 d&#8217;Impacte Territorial (MIT) per a la legalitzaci\u00f3 de cases de muntanya a Bu\u00f1ol tindr\u00e0 lloc dimecres que ve 3 de novembre a les 11h a la Sala El Mercat.&nbsp;<\/h4>\n\n\n\n<p class=\"wp-block-paragraph\">La Regidoria d&#8217;Urbanisme de l&#8217;Ajuntament de Bu\u00f1ol ha organitzat una xarrada informativa que impartir\u00e0 el personal de la Conselleria de Territori i Habitatge. R\u00e0dio Bu\u00f1ol TV acostar\u00e0 a tots els que no puguen assistir de manera presencial aquesta xarrada. La cobertura ser\u00e0 en directe per tots els canals municipals: r\u00e0dio, televisi\u00f3 per streaming i Facebook.<br>Rafael P\u00e9rez, edil d&#8217;Urbanisme del Consistori bu\u00f1olense, destacava la necessitat i import\u00e0ncia d&#8217;assistir a aquesta xarrada, \u201cperqu\u00e8 la immensa majoria de segones resid\u00e8ncies de la localitat no s\u00f3n legals, i per a compra-venda, assegurances o reformes \u00e9s una cosa necess\u00e0ria, i que far\u00e0 que es revaloren aquests habitatges, al mateix temps de tindre legalitzat el nostre territori, que \u00e9s fonamental i aix\u00ed ens el transmeten des de la Conselleria\u201d.<br>Des de la Regidoria d&#8217;Urbanisme de Bu\u00f1ol estan tamb\u00e9 immersos en aquests moments en el Pla Urb\u00e0 d&#8217;Actuaci\u00f3 Municipal (PUAM). Dem\u00e0 dijous 28 d&#8217;octubre tindr\u00e0 lloc un nou taller informatiu per a definir els Objectius de Desenvolupament sostenible (ODS) de l&#8217;Agenda 2030 en el municipi. \u201cTots els ve\u00efns haurien d&#8217;implicar-se en aquest pla perqu\u00e8 tracta de configurar a mitj\u00e0 i llarg termini com volem que siga el nostre poble per als pr\u00f2xims anys des de tots els punts de vista: urban\u00edstic, mediambiental, cultural, social o empresarial\u201d, finalitzava P\u00e9rez.<\/p>\n\n\n\n<p class=\"wp-block-paragraph\"><\/p>\n","protected":false},"excerpt":{"rendered":"<div class=\"mh-excerpt\">La xarrada sobre l&#8217;expedient de Minimitzaci\u00f3 d&#8217;Impacte Territorial (MIT) per a la legalitzaci\u00f3 de cases de muntanya a Bu\u00f1ol tindr\u00e0 lloc dimecres que ve 3 de novembre a les 11h a la Sala El Mercat.&nbsp; <a class=\"mh-excerpt-more\" href=\"https:\/\/tucomarca.whitekongsoftware.com\/ca\/la-regidoria-durbanisme-de-bunyol-organitza-una-xarrada-informativa-sobre-lexpedient-de-mit-per-a-la-legalitzacio-de-cases-de-muntanya\/\" title=\"La Regidoria d&#8217;Urbanisme de Bunyol organitza una xarrada informativa sobre l&#8217;expedient de MIT per a la legalitzaci\u00f3 de cases de muntanya\">[+] <\/a><\/div>\n","protected":false},"author":12,"featured_media":143258,"comment_status":"open","ping_status":"open","sticky":false,"template":"","format":"standard","meta":{"footnotes":""},"categories":[10911,10948,10894,10912,10947,10896],"tags":[10913,15725,15726,10914,15727],"class_list":["post-143259","post","type-post","status-publish","format-standard","has-post-thumbnail","category-bunol-ca","category-infraestructuras-ca","category-la-comarca-ca","category-la-hoya-ca","category-politica","category-seccion-ca","tag-bunol-ca","tag-casas-de-monte-ca","tag-charla-informativa-ca","tag-la-hoya-de-bunol-chiva-ca","tag-mit-ca"],"_links":{"self":[{"href":"https:\/\/tucomarca.whitekongsoftware.com\/ca\/wp-json\/wp\/v2\/posts\/143259","targetHints":{"allow":["GET"]}}],"collection":[{"href":"https:\/\/tucomarca.whitekongsoftware.com\/ca\/wp-json\/wp\/v2\/posts"}],"about":[{"href":"https:\/\/tucomarca.whitekongsoftware.com\/ca\/wp-json\/wp\/v2\/types\/post"}],"author":[{"embeddable":true,"href":"https:\/\/tucomarca.whitekongsoftware.com\/ca\/wp-json\/wp\/v2\/users\/12"}],"replies":[{"embeddable":true,"href":"https:\/\/tucomarca.whitekongsoftware.com\/ca\/wp-json\/wp\/v2\/comments?post=143259"}],"version-history":[{"count":0,"href":"https:\/\/tucomarca.whitekongsoftware.com\/ca\/wp-json\/wp\/v2\/posts\/143259\/revisions"}],"wp:featuredmedia":[{"embeddable":true,"href":"https:\/\/tucomarca.whitekongsoftware.com\/ca\/wp-json\/wp\/v2\/media\/143258"}],"wp:attachment":[{"href":"https:\/\/tucomarca.whitekongsoftware.com\/ca\/wp-json\/wp\/v2\/media?parent=143259"}],"wp:term":[{"taxonomy":"category","embeddable":true,"href":"https:\/\/tucomarca.whitekongsoftware.com\/ca\/wp-json\/wp\/v2\/categories?post=143259"},{"taxonomy":"post_tag","embeddable":true,"href":"https:\/\/tucomarca.whitekongsoftware.com\/ca\/wp-json\/wp\/v2\/tags?post=143259"}],"curies":[{"name":"wp","href":"https:\/\/api.w.org\/{rel}","templated":true}]}}