{"id":143038,"date":"2021-10-22T17:17:00","date_gmt":"2021-10-22T16:17:00","guid":{"rendered":"http:\/\/www.tucomarca.com\/wordpress\/segunda\/?p=143038"},"modified":"2021-10-22T19:19:07","modified_gmt":"2021-10-22T18:19:07","slug":"turis-inaugura-lexposicio-berlanga-a-la-casa-museu","status":"publish","type":"post","link":"https:\/\/tucomarca.whitekongsoftware.com\/ca\/turis-inaugura-lexposicio-berlanga-a-la-casa-museu\/","title":{"rendered":"Tur\u00eds inaugura l\u2019Exposici\u00f3 Berlanga a la Casa Museu"},"content":{"rendered":"\n<p class=\"wp-block-paragraph\">Fins al pr\u00f2xim diumenge estar\u00e0 l\u2019Exposici\u00f3 Berlanga, organitzada per la Federaci\u00f3 de Penyes de Bous al&nbsp;Carrer&nbsp;de la Comunitat Valenciana, a la Casa Museu de&nbsp;Tur\u00eds. D\u2019esta&nbsp;manera, la localitat de La Ribera se suma a la celebraci\u00f3 de l\u2019Any Berlanga convocat per la Generalitat Valenciana.<\/p>\n\n\n\n<p class=\"wp-block-paragraph\">L\u2019acte d&#8217;inauguraci\u00f3 ha estat condu\u00eft pel president de la federaci\u00f3,&nbsp;Vicente&nbsp;Nogueroles, i ha comptat amb la pres\u00e8ncia del&nbsp;Secretari&nbsp;Auton\u00f2mic de l&#8217;Ag\u00e8ncia de Seguretat i Resposta a les Emerg\u00e8ncies,&nbsp;Jose&nbsp;Mar\u00eda&nbsp;\u00c1ngel, aix\u00ed com amb els presidents de les Federacions Valenciana i Espanyola de bou en corda.<\/p>\n\n\n\n<p class=\"wp-block-paragraph\">El bon ambient,&nbsp;ocassionat&nbsp;pel retorn&nbsp;paulat\u00ed&nbsp;dels festejos als carrers dels pobles, ha presidit la vetlada durant la qual tamb\u00e9&nbsp;es&nbsp;s\u2019ha reconegut la llavor de les quatre penyes locals: El&nbsp;Mijares,&nbsp;El \u00daltimo, Bou en Corda i Carrer Ample.<\/p>\n\n\n\n<p class=\"wp-block-paragraph\">Al&nbsp;finalitzar, tamb\u00e9 s\u2019ha retut un c\u00e0lid homenatge, per la seua tasca en pro de la festa dels bous i del seu poble, al m\u00edtic embolador&nbsp;turis\u00e0&nbsp;Juan&nbsp;Garc\u00eda&nbsp;\u201cJuanot\u201d.<\/p>\n\n\n\n<p class=\"wp-block-paragraph\">L\u2019alcalde,&nbsp;Eugenio&nbsp;Forta\u00f1a, ha agra\u00eft la pres\u00e8ncia de tots els representants de penyes i federacions aix\u00ed com de la gent aficionada al bou al carrer. \u201cEn&nbsp;Tur\u00eds&nbsp;estos&nbsp;festejos s\u00f3n un emblema de la localitat i, despr\u00e9s del bon resultat que tingu\u00e9rem en les passades festes, continuarem apostant per ells i per totes les activitats que comporten, com \u00e9s&nbsp;esta&nbsp;exposici\u00f3, amb les mesures que siguen necess\u00e0ries\u201d, ha assegurat.<\/p>\n\n\n\n<p class=\"wp-block-paragraph\"><\/p>\n","protected":false},"excerpt":{"rendered":"<div class=\"mh-excerpt\">Fins al pr\u00f2xim diumenge estar\u00e0 l\u2019Exposici\u00f3 Berlanga, organitzada per la Federaci\u00f3 de Penyes de Bous al&nbsp;Carrer&nbsp;de la Comunitat Valenciana, a la Casa Museu de&nbsp;Tur\u00eds. D\u2019esta&nbsp;manera, la localitat de La Ribera se suma a la celebraci\u00f3 <a class=\"mh-excerpt-more\" href=\"https:\/\/tucomarca.whitekongsoftware.com\/ca\/turis-inaugura-lexposicio-berlanga-a-la-casa-museu\/\" title=\"Tur\u00eds inaugura l\u2019Exposici\u00f3 Berlanga a la Casa Museu\">[+] <\/a><\/div>\n","protected":false},"author":12,"featured_media":143037,"comment_status":"open","ping_status":"open","sticky":false,"template":"","format":"standard","meta":{"footnotes":""},"categories":[10894,10902,11007,10896,11047],"tags":[15697,15698,11356,11093],"class_list":["post-143038","post","type-post","status-publish","format-standard","has-post-thumbnail","category-la-comarca-ca","category-la-ribera-ca","category-ocio-y-cultura-ca","category-seccion-ca","category-turis-ca","tag-exposicion-berlanga-ca","tag-federacion-de-penas-de-bous-al-carrer-ca","tag-ribera-alta-ca","tag-turis-ca"],"_links":{"self":[{"href":"https:\/\/tucomarca.whitekongsoftware.com\/ca\/wp-json\/wp\/v2\/posts\/143038","targetHints":{"allow":["GET"]}}],"collection":[{"href":"https:\/\/tucomarca.whitekongsoftware.com\/ca\/wp-json\/wp\/v2\/posts"}],"about":[{"href":"https:\/\/tucomarca.whitekongsoftware.com\/ca\/wp-json\/wp\/v2\/types\/post"}],"author":[{"embeddable":true,"href":"https:\/\/tucomarca.whitekongsoftware.com\/ca\/wp-json\/wp\/v2\/users\/12"}],"replies":[{"embeddable":true,"href":"https:\/\/tucomarca.whitekongsoftware.com\/ca\/wp-json\/wp\/v2\/comments?post=143038"}],"version-history":[{"count":0,"href":"https:\/\/tucomarca.whitekongsoftware.com\/ca\/wp-json\/wp\/v2\/posts\/143038\/revisions"}],"wp:featuredmedia":[{"embeddable":true,"href":"https:\/\/tucomarca.whitekongsoftware.com\/ca\/wp-json\/wp\/v2\/media\/143037"}],"wp:attachment":[{"href":"https:\/\/tucomarca.whitekongsoftware.com\/ca\/wp-json\/wp\/v2\/media?parent=143038"}],"wp:term":[{"taxonomy":"category","embeddable":true,"href":"https:\/\/tucomarca.whitekongsoftware.com\/ca\/wp-json\/wp\/v2\/categories?post=143038"},{"taxonomy":"post_tag","embeddable":true,"href":"https:\/\/tucomarca.whitekongsoftware.com\/ca\/wp-json\/wp\/v2\/tags?post=143038"}],"curies":[{"name":"wp","href":"https:\/\/api.w.org\/{rel}","templated":true}]}}