{"id":143022,"date":"2021-10-21T13:53:00","date_gmt":"2021-10-21T12:53:00","guid":{"rendered":"http:\/\/www.tucomarca.com\/wordpress\/segunda\/?p=143022"},"modified":"2021-10-22T10:55:59","modified_gmt":"2021-10-22T09:55:59","slug":"lajuntament-de-bunol-continua-els-seus-tallers-creatius-per-a-joves-en-aquest-2021-amb-un-sobre-robotica-aquest-divendres","status":"publish","type":"post","link":"https:\/\/tucomarca.whitekongsoftware.com\/ca\/lajuntament-de-bunol-continua-els-seus-tallers-creatius-per-a-joves-en-aquest-2021-amb-un-sobre-robotica-aquest-divendres\/","title":{"rendered":"L&#8217;Ajuntament de Bu\u00f1ol continua els seus tallers creatius per a joves en aquest 2021 amb un sobre Rob\u00f2tica aquest divendres"},"content":{"rendered":"\n<h4 class=\"wp-block-heading\">La Regidoria de Joventut de Bu\u00f1ol ha desenvolupat nombrosos tallers per a joves, organitzats durant tot aquest 2021. Dem\u00e0 divendres 22 d&#8217;octubre segueix amb el Taller de Rob\u00f2tica. El Cicle Crear-Et es va llan\u00e7ar el mes de maig i ha desenvolupat tallers d&#8217;escriptura creativa, c\u00f2mics, rock, muntatge audiovisual i dansa urbana.&nbsp;<\/h4>\n\n\n\n<p class=\"wp-block-paragraph\">L&#8217;Ajuntament de Bu\u00f1ol, a trav\u00e9s de la Regidoria de Joventut, ha organitzat durant tot aquest 2021 tallers creatius per a joves d&#8217;entre 12 i 30 anys. En aquesta ocasi\u00f3 est\u00e0 dedicat a la Rob\u00f2tica. Les places s\u00f3n limitades. Tots els interessats a assistir han d&#8217;enviar un mail a juventudbunyol@gmail.com o telefonar al 680 566 394. Aquest cicle est\u00e0 organitzat per la Regidoria de Joventut de l&#8217;Ajuntament de Bu\u00f1ol, la Diputaci\u00f3 de Val\u00e8ncia i l&#8217;IVAJ de la Generalitat Valenciana.&nbsp;<br>Juan Luis Pall\u00e1s, regidor de Joventut de Bu\u00f1ol, revela un balan\u00e7 molt positiu d&#8217;aquest cicle creatiu per a joves, en el qual s&#8217;han realitzat per a tots els gustos: escriptura creativa, c\u00f2mics, iniciaci\u00f3 al rock, muntatge audiovisual i dansa urbana. Tan sols falta fins que acabe aquest 2021 un dedicat al teatre, a les arts esc\u00e8niques.&nbsp;<br>El taller de rob\u00f2tica es realitza dem\u00e0 divendres a les 17.30h a la Sala El Mercat de Bu\u00f1ol i durar\u00e0 tota la vesprada. Finalitza l&#8217;edil del ram recordant: \u201cla creativitat ens permet eixir de la rutina, ens espenta a eixir de les zones de confort i conformisme, educa a la nostra ment per a comprendre la realitat des de diferents perspectives i facilita la tasca de resoldre problemes\u201d. En aquesta ocasi\u00f3 la rob\u00f2tica \u00e9s una ci\u00e8ncia que est\u00e0 despertant molt inter\u00e9s entre els joves, per aix\u00f2 \u201cvol\u00edem que tamb\u00e9 els nostres joves ve\u00efns pogueren tindre una vesprada dedicada a con\u00e9ixer m\u00e9s de prop aquesta ci\u00e8ncia o tamb\u00e9 a descobrir alguna cosa m\u00e9s, si ja s\u00f3n aficionats\u201d.<\/p>\n\n\n\n<p class=\"wp-block-paragraph\"><\/p>\n","protected":false},"excerpt":{"rendered":"<div class=\"mh-excerpt\">La Regidoria de Joventut de Bu\u00f1ol ha desenvolupat nombrosos tallers per a joves, organitzats durant tot aquest 2021. Dem\u00e0 divendres 22 d&#8217;octubre segueix amb el Taller de Rob\u00f2tica. El Cicle Crear-Et es va llan\u00e7ar el <a class=\"mh-excerpt-more\" href=\"https:\/\/tucomarca.whitekongsoftware.com\/ca\/lajuntament-de-bunol-continua-els-seus-tallers-creatius-per-a-joves-en-aquest-2021-amb-un-sobre-robotica-aquest-divendres\/\" title=\"L&#8217;Ajuntament de Bu\u00f1ol continua els seus tallers creatius per a joves en aquest 2021 amb un sobre Rob\u00f2tica aquest divendres\">[+] <\/a><\/div>\n","protected":false},"author":12,"featured_media":143021,"comment_status":"open","ping_status":"open","sticky":false,"template":"","format":"standard","meta":{"footnotes":""},"categories":[10911,10948,10894,10912,11007,10896],"tags":[10913,14656,11726,10914,15693,15694],"class_list":["post-143022","post","type-post","status-publish","format-standard","has-post-thumbnail","category-bunol-ca","category-infraestructuras-ca","category-la-comarca-ca","category-la-hoya-ca","category-ocio-y-cultura-ca","category-seccion-ca","tag-bunol-ca","tag-crear-te-ca","tag-ivaj-ca","tag-la-hoya-de-bunol-chiva-ca","tag-robotica-ca","tag-taller-ca"],"_links":{"self":[{"href":"https:\/\/tucomarca.whitekongsoftware.com\/ca\/wp-json\/wp\/v2\/posts\/143022","targetHints":{"allow":["GET"]}}],"collection":[{"href":"https:\/\/tucomarca.whitekongsoftware.com\/ca\/wp-json\/wp\/v2\/posts"}],"about":[{"href":"https:\/\/tucomarca.whitekongsoftware.com\/ca\/wp-json\/wp\/v2\/types\/post"}],"author":[{"embeddable":true,"href":"https:\/\/tucomarca.whitekongsoftware.com\/ca\/wp-json\/wp\/v2\/users\/12"}],"replies":[{"embeddable":true,"href":"https:\/\/tucomarca.whitekongsoftware.com\/ca\/wp-json\/wp\/v2\/comments?post=143022"}],"version-history":[{"count":0,"href":"https:\/\/tucomarca.whitekongsoftware.com\/ca\/wp-json\/wp\/v2\/posts\/143022\/revisions"}],"wp:featuredmedia":[{"embeddable":true,"href":"https:\/\/tucomarca.whitekongsoftware.com\/ca\/wp-json\/wp\/v2\/media\/143021"}],"wp:attachment":[{"href":"https:\/\/tucomarca.whitekongsoftware.com\/ca\/wp-json\/wp\/v2\/media?parent=143022"}],"wp:term":[{"taxonomy":"category","embeddable":true,"href":"https:\/\/tucomarca.whitekongsoftware.com\/ca\/wp-json\/wp\/v2\/categories?post=143022"},{"taxonomy":"post_tag","embeddable":true,"href":"https:\/\/tucomarca.whitekongsoftware.com\/ca\/wp-json\/wp\/v2\/tags?post=143022"}],"curies":[{"name":"wp","href":"https:\/\/api.w.org\/{rel}","templated":true}]}}