{"id":142880,"date":"2021-10-19T15:00:00","date_gmt":"2021-10-19T14:00:00","guid":{"rendered":"http:\/\/www.tucomarca.com\/wordpress\/segunda\/?p=142880"},"modified":"2021-10-21T08:52:54","modified_gmt":"2021-10-21T07:52:54","slug":"prop-de-2-000-persones-assisteixen-a-valencia-a-la-i-fira-gastronomica-organitzada-per-la-mancomunitat-foia-de-bunyol-xiva","status":"publish","type":"post","link":"https:\/\/tucomarca.whitekongsoftware.com\/ca\/prop-de-2-000-persones-assisteixen-a-valencia-a-la-i-fira-gastronomica-organitzada-per-la-mancomunitat-foia-de-bunyol-xiva\/","title":{"rendered":"Prop de 2.000 persones assisteixen a Val\u00e8ncia a la I Fira Gastron\u00f2mica organitzada per la Mancomunitat Foia de Bunyol-Xiva"},"content":{"rendered":"\n<h4 class=\"wp-block-heading\">La mostra s&#8217;ha desenvolupat durant el cap de setmana i ha comptat amb nombroses activitats com a degustacions, tastos, xarrades i actuacions musicals<br>L&#8217;objectiu ha sigut promoure l&#8217;oferta gastron\u00f2mica de la Foia tant des del punt de vista del productor com del consumidor<\/h4>\n\n\n\n<figure class=\"wp-block-gallery columns-2 is-cropped wp-block-gallery-1 is-layout-flex wp-block-gallery-is-layout-flex\"><ul class=\"blocks-gallery-grid\"><li class=\"blocks-gallery-item\"><figure><img loading=\"lazy\" decoding=\"async\" width=\"1024\" height=\"683\" src=\"http:\/\/www.tucomarca.com\/wordpress\/segunda\/wp-content\/uploads\/2021\/10\/FeriaGastroMancoLaHoya01-1024x683.jpg\" alt=\"\" data-id=\"142885\" data-full-url=\"http:\/\/www.tucomarca.com\/wordpress\/segunda\/wp-content\/uploads\/2021\/10\/FeriaGastroMancoLaHoya01.jpg\" data-link=\"http:\/\/www.tucomarca.com\/wordpress\/segunda\/ca\/?attachment_id=142885\" class=\"wp-image-142885\" srcset=\"https:\/\/tucomarca.whitekongsoftware.com\/wp-content\/uploads\/2021\/10\/FeriaGastroMancoLaHoya01-1024x683.jpg 1024w, https:\/\/tucomarca.whitekongsoftware.com\/wp-content\/uploads\/2021\/10\/FeriaGastroMancoLaHoya01-300x200.jpg 300w, https:\/\/tucomarca.whitekongsoftware.com\/wp-content\/uploads\/2021\/10\/FeriaGastroMancoLaHoya01-768x512.jpg 768w, https:\/\/tucomarca.whitekongsoftware.com\/wp-content\/uploads\/2021\/10\/FeriaGastroMancoLaHoya01-1536x1024.jpg 1536w, https:\/\/tucomarca.whitekongsoftware.com\/wp-content\/uploads\/2021\/10\/FeriaGastroMancoLaHoya01-2048x1365.jpg 2048w\" sizes=\"auto, (max-width: 1024px) 100vw, 1024px\" \/><\/figure><\/li><li class=\"blocks-gallery-item\"><figure><img loading=\"lazy\" decoding=\"async\" width=\"1024\" height=\"683\" src=\"http:\/\/www.tucomarca.com\/wordpress\/segunda\/wp-content\/uploads\/2021\/10\/FeriaGastroMancoLaHoya02-1024x683.jpg\" alt=\"\" data-id=\"142887\" data-full-url=\"http:\/\/www.tucomarca.com\/wordpress\/segunda\/wp-content\/uploads\/2021\/10\/FeriaGastroMancoLaHoya02.jpg\" data-link=\"http:\/\/www.tucomarca.com\/wordpress\/segunda\/ca\/?attachment_id=142887\" class=\"wp-image-142887\" srcset=\"https:\/\/tucomarca.whitekongsoftware.com\/wp-content\/uploads\/2021\/10\/FeriaGastroMancoLaHoya02-1024x683.jpg 1024w, https:\/\/tucomarca.whitekongsoftware.com\/wp-content\/uploads\/2021\/10\/FeriaGastroMancoLaHoya02-300x200.jpg 300w, https:\/\/tucomarca.whitekongsoftware.com\/wp-content\/uploads\/2021\/10\/FeriaGastroMancoLaHoya02-768x512.jpg 768w, https:\/\/tucomarca.whitekongsoftware.com\/wp-content\/uploads\/2021\/10\/FeriaGastroMancoLaHoya02-1536x1024.jpg 1536w, https:\/\/tucomarca.whitekongsoftware.com\/wp-content\/uploads\/2021\/10\/FeriaGastroMancoLaHoya02-2048x1365.jpg 2048w\" sizes=\"auto, (max-width: 1024px) 100vw, 1024px\" \/><\/figure><\/li><\/ul><\/figure>\n\n\n\n<p class=\"wp-block-paragraph\">La Mancomunitat Foia de Bu\u00f1ol-Chiva, en el marc del Pla de Governan\u00e7a i Dinamitzaci\u00f3 Tur\u00edstica, ha realitzat durant el passat cap de setmana a Val\u00e8ncia la seua I Fira Gastron\u00f2mica per a promoure els productes agroalimentaris de les comarques que engloba, La Foia de Bu\u00f1ol-Chiva, la Vall de Cofrentes i La Ribera.<br>La mostra ha sigut tot un \u00e8xit tant de participaci\u00f3 tant de productors de la zona com de visitants, ja que han sigut prop de 2.000 les persones que han assistit durant els tres dies de celebraci\u00f3 en els quals s&#8217;han desenvolupat nombroses activitats, com a degustacions de producte, tastos de vi i oli, xarrades i actuacions musicals.<br>Ruzafa Studio, lloc triat per a la celebraci\u00f3 de la fira, ha sigut durant el cap de setmana un formiguer de persones que han acudit a la fira per a con\u00e9ixer la riquesa gastron\u00f2mica de la zona i la varietat de productes que atresora, com s\u00f3n els vins, especialment els moscatells, embotits, olis, mels, formatges i dol\u00e7os.&nbsp;<br>Les signatures expositores tamb\u00e9 s&#8217;han mostrat molt satisfetes amb la celebraci\u00f3 d&#8217;aquesta I Fira Gastron\u00f2mica de la Foia tant per la gran quantitat de visitants que l&#8217;han visitada, com per les vendes, mostrant la seua disposici\u00f3 al fet que aquesta tinga continu\u00eftat tots els anys.<br>La inauguraci\u00f3 va tindre lloc el divendres i a la mateixa van assistir nombroses personalitats tant de la Generalitat Valenciana, com de la Diputaci\u00f3 de Val\u00e8ncia i de l&#8217;Ajuntament valenci\u00e0, a m\u00e9s del president de la Mancomunitat i alcalde de Y\u00e1tova, Miguel Esteban T\u00f3rtola, aix\u00ed com primers edils i regidors dels consistoris que formen part de l&#8217;entitat.<br>El secretari auton\u00f2mic de Turisme, Francesc Colomer, va posar l&#8217;accent \u201cen la cultura de la unitat per a arribar m\u00e9s lluny\u201d. Ressaltant que aqueixa ha sigut la funci\u00f3 precisament dels Plans de Governan\u00e7a i Dinamitzaci\u00f3 Tur\u00edstica, un total de 22 en tota la Comunitat Valenciana, \u201cper\u00f2 vull destacar est per l&#8217;\u00e0nim i el coratge. Necessitem contagiar-nos d&#8217;energia i voluntat. Els Plans de Governan\u00e7a tenen una fi que \u00e9s crear producte i en un m\u00f3n global el que no \u00e9s diferent no es veu. S&#8217;ha de donar a con\u00e9ixer el que representa aquesta comarca, especialment la seua gastronomia\u201d, agraint \u201cals productors i empresaris per resistir\u201d.<br>Miguel \u00c1ngel P\u00e9rez, director de marca de Visit Val\u00e8ncia, va mostrar la disposici\u00f3 de Visit Val\u00e8ncia per a fer costat a la Mancomunitat\u201d i posicionar tota la gastronomia amb el treball de tots\u201d.<br>Per part seua, el director del Patronat Provincial de Turisme de Val\u00e8ncia, Xavi Pascual, va destacar que la fira \u00e9s un exemple \u201cde la suma d&#8217;esfor\u00e7os de les tres administracions per a treballar units i coordinats. Tamb\u00e9 \u00e9s important que es compte amb el teixit empresarial\u201d perqu\u00e8 durant el cap de setmana La Foia ser\u00e0 \u201cel focus d&#8217;atenci\u00f3 de la vostra gastronomia i costums\u201d.<br>Finalment, el president de la Mancomunitat va assenyalar que l&#8217;organitzaci\u00f3 d&#8217;aquesta fira ,i en general de totes les actuacions que est\u00e0 duent a terme l&#8217;entitat, \u201cest\u00e0 propiciant que treballem en equip. Ha sigut un encert traslladar el nostre producte a Val\u00e8ncia perqu\u00e8 tenim molt a oferir. La idea \u00e9s que aquesta fira es consolide en el temps i que continuem treballant units\u201d.<br>Encara que s&#8217;ha tractat d&#8217;una Fira Gastron\u00f2mica, a aquest concepte s&#8217;ha conjuminat tamb\u00e9 el de naturalesa, cultura i patrimoni, de manera que mitjan\u00e7ant diversos elements expositius s&#8217;ha evocat el territori de les comarques que formen part de la Mancomunitat i que comprenen les poblacions d&#8217;Alborache, Bu\u00f1ol, Cheste, Chiva, Dos Aguas, Godelleta, Macastre, Millares, Siete Aguas, Tur\u00eds, Y\u00e1tova i Cortes de Pall\u00e1s.<\/p>\n\n\n\n<p class=\"wp-block-paragraph\"><\/p>\n","protected":false},"excerpt":{"rendered":"<div class=\"mh-excerpt\">La mostra s&#8217;ha desenvolupat durant el cap de setmana i ha comptat amb nombroses activitats com a degustacions, tastos, xarrades i actuacions musicalsL&#8217;objectiu ha sigut promoure l&#8217;oferta gastron\u00f2mica de la Foia tant des del punt <a class=\"mh-excerpt-more\" href=\"https:\/\/tucomarca.whitekongsoftware.com\/ca\/prop-de-2-000-persones-assisteixen-a-valencia-a-la-i-fira-gastronomica-organitzada-per-la-mancomunitat-foia-de-bunyol-xiva\/\" title=\"Prop de 2.000 persones assisteixen a Val\u00e8ncia a la I Fira Gastron\u00f2mica organitzada per la Mancomunitat Foia de Bunyol-Xiva\">[+] <\/a><\/div>\n","protected":false},"author":12,"featured_media":142883,"comment_status":"open","ping_status":"open","sticky":false,"template":"","format":"standard","meta":{"footnotes":""},"categories":[10973,10911,10976,10977,10980,10902,10978,10979,11047,10974,10975],"tags":[15681,10914,11514],"class_list":["post-142880","post","type-post","status-publish","format-standard","has-post-thumbnail","category-alborache-ca","category-bunol-ca","category-dos-aguas-ca","category-godelleta-ca","category-yatova-ca","category-la-ribera-ca","category-macastre-ca","category-siete-aguas-ca","category-turis-ca","category-cheste-ca","category-chiva-ca","tag-i-feria-gastronomica-de-la-mancomunidad-de-la-hoya-de-bunol-chiva-ca","tag-la-hoya-de-bunol-chiva-ca","tag-mancomunidad-de-la-hoya-de-bunol-chiva-ca"],"_links":{"self":[{"href":"https:\/\/tucomarca.whitekongsoftware.com\/ca\/wp-json\/wp\/v2\/posts\/142880","targetHints":{"allow":["GET"]}}],"collection":[{"href":"https:\/\/tucomarca.whitekongsoftware.com\/ca\/wp-json\/wp\/v2\/posts"}],"about":[{"href":"https:\/\/tucomarca.whitekongsoftware.com\/ca\/wp-json\/wp\/v2\/types\/post"}],"author":[{"embeddable":true,"href":"https:\/\/tucomarca.whitekongsoftware.com\/ca\/wp-json\/wp\/v2\/users\/12"}],"replies":[{"embeddable":true,"href":"https:\/\/tucomarca.whitekongsoftware.com\/ca\/wp-json\/wp\/v2\/comments?post=142880"}],"version-history":[{"count":0,"href":"https:\/\/tucomarca.whitekongsoftware.com\/ca\/wp-json\/wp\/v2\/posts\/142880\/revisions"}],"wp:featuredmedia":[{"embeddable":true,"href":"https:\/\/tucomarca.whitekongsoftware.com\/ca\/wp-json\/wp\/v2\/media\/142883"}],"wp:attachment":[{"href":"https:\/\/tucomarca.whitekongsoftware.com\/ca\/wp-json\/wp\/v2\/media?parent=142880"}],"wp:term":[{"taxonomy":"category","embeddable":true,"href":"https:\/\/tucomarca.whitekongsoftware.com\/ca\/wp-json\/wp\/v2\/categories?post=142880"},{"taxonomy":"post_tag","embeddable":true,"href":"https:\/\/tucomarca.whitekongsoftware.com\/ca\/wp-json\/wp\/v2\/tags?post=142880"}],"curies":[{"name":"wp","href":"https:\/\/api.w.org\/{rel}","templated":true}]}}