{"id":142873,"date":"2021-10-19T10:21:00","date_gmt":"2021-10-19T09:21:00","guid":{"rendered":"http:\/\/www.tucomarca.com\/wordpress\/segunda\/?p=142873"},"modified":"2021-10-21T09:14:45","modified_gmt":"2021-10-21T08:14:45","slug":"bunol-ofereix-una-amplia-gamma-de-productes-locals-en-la-i-fira-gastronomica-de-la-mancomunitat-de-la-foia-de-bunol-chiva-aquest-cap-de-setmana","status":"publish","type":"post","link":"https:\/\/tucomarca.whitekongsoftware.com\/ca\/bunol-ofereix-una-amplia-gamma-de-productes-locals-en-la-i-fira-gastronomica-de-la-mancomunitat-de-la-foia-de-bunol-chiva-aquest-cap-de-setmana\/","title":{"rendered":"Bunyol ofereix una \u00e0mplia gamma de productes locals en la I Fira Gastron\u00f2mica de la Mancomunitat de la Foia de Bunyol-Chiva aquest cap de setmana"},"content":{"rendered":"\n<h4 class=\"wp-block-heading\">El passat 17 d&#8217;octubre va finalitzar la I Fira Gastron\u00f2mica De la Mancomunitat de la Foia de Bu\u00f1ol-Chiva, que es va realitzar en el barri de Ruzafa (Val\u00e8ncia).&nbsp;L&#8217;esdeveniment va comptar amb la participaci\u00f3 de Bu\u00f1ol, i en la representaci\u00f3 de la qual van estar Jonquera Carrascosa (alcaldessa de Bu\u00f1ol) i Mar\u00eda Vall\u00e9s (regidor de Turisme).<\/h4>\n\n\n\n<p class=\"wp-block-paragraph\">En l&#8217;estand del nostre municipi van participar Mels El Oro, Vi\u00f1as el Portillo, Fleca Chaparro, Forn M\u00aa Carmen Solaz, Carnisseria El Pajarillo i Carnisseria Garrigues, oferint al visitant una \u00e0mplia gamma de productes t\u00edpics de la nostra gastronomia. A m\u00e9s de xarrades explicatives a prop de l&#8217;elaboraci\u00f3 d&#8217;aquests. Com no podia ser menys, la m\u00fasica tamb\u00e9 va ser present durant tot el cap de setmana de la m\u00e0 del duo bu\u00f1olero Naolei: dos chelistas que van amenitzar les jornades amb obres per a tots els p\u00fablics.<\/p>\n\n\n\n<p class=\"wp-block-paragraph\">L&#8217;Ajuntament de Bu\u00f1ol vol agrair a tots ells i a l&#8217;Associaci\u00f3 de Comerciants De Bu\u00f1ol l&#8217;esfor\u00e7 i el m\u00e8rit de donar a con\u00e9ixer els productes t\u00edpics de la nostra localitat. En paraules de la regidor de Turisme, Mar\u00eda Vall\u00e9s: \u201caquesta primera edici\u00f3 ha sigut tot un \u00e8xit i esperem que siga l&#8217;inici per a continuar i donar a con\u00e9ixer fora de la comarca la nostra gran gastronomia\u201d.<\/p>\n\n\n\n<p class=\"wp-block-paragraph\"><\/p>\n","protected":false},"excerpt":{"rendered":"<div class=\"mh-excerpt\">El passat 17 d&#8217;octubre va finalitzar la I Fira Gastron\u00f2mica De la Mancomunitat de la Foia de Bu\u00f1ol-Chiva, que es va realitzar en el barri de Ruzafa (Val\u00e8ncia).&nbsp;L&#8217;esdeveniment va comptar amb la participaci\u00f3 de Bu\u00f1ol, <a class=\"mh-excerpt-more\" href=\"https:\/\/tucomarca.whitekongsoftware.com\/ca\/bunol-ofereix-una-amplia-gamma-de-productes-locals-en-la-i-fira-gastronomica-de-la-mancomunitat-de-la-foia-de-bunol-chiva-aquest-cap-de-setmana\/\" title=\"Bunyol ofereix una \u00e0mplia gamma de productes locals en la I Fira Gastron\u00f2mica de la Mancomunitat de la Foia de Bunyol-Chiva aquest cap de setmana\">[+] <\/a><\/div>\n","protected":false},"author":12,"featured_media":142871,"comment_status":"open","ping_status":"open","sticky":false,"template":"","format":"standard","meta":{"footnotes":""},"categories":[10911,10894,10912,10896],"tags":[10913,15681,10914],"class_list":["post-142873","post","type-post","status-publish","format-standard","has-post-thumbnail","category-bunol-ca","category-la-comarca-ca","category-la-hoya-ca","category-seccion-ca","tag-bunol-ca","tag-i-feria-gastronomica-de-la-mancomunidad-de-la-hoya-de-bunol-chiva-ca","tag-la-hoya-de-bunol-chiva-ca"],"_links":{"self":[{"href":"https:\/\/tucomarca.whitekongsoftware.com\/ca\/wp-json\/wp\/v2\/posts\/142873","targetHints":{"allow":["GET"]}}],"collection":[{"href":"https:\/\/tucomarca.whitekongsoftware.com\/ca\/wp-json\/wp\/v2\/posts"}],"about":[{"href":"https:\/\/tucomarca.whitekongsoftware.com\/ca\/wp-json\/wp\/v2\/types\/post"}],"author":[{"embeddable":true,"href":"https:\/\/tucomarca.whitekongsoftware.com\/ca\/wp-json\/wp\/v2\/users\/12"}],"replies":[{"embeddable":true,"href":"https:\/\/tucomarca.whitekongsoftware.com\/ca\/wp-json\/wp\/v2\/comments?post=142873"}],"version-history":[{"count":0,"href":"https:\/\/tucomarca.whitekongsoftware.com\/ca\/wp-json\/wp\/v2\/posts\/142873\/revisions"}],"wp:featuredmedia":[{"embeddable":true,"href":"https:\/\/tucomarca.whitekongsoftware.com\/ca\/wp-json\/wp\/v2\/media\/142871"}],"wp:attachment":[{"href":"https:\/\/tucomarca.whitekongsoftware.com\/ca\/wp-json\/wp\/v2\/media?parent=142873"}],"wp:term":[{"taxonomy":"category","embeddable":true,"href":"https:\/\/tucomarca.whitekongsoftware.com\/ca\/wp-json\/wp\/v2\/categories?post=142873"},{"taxonomy":"post_tag","embeddable":true,"href":"https:\/\/tucomarca.whitekongsoftware.com\/ca\/wp-json\/wp\/v2\/tags?post=142873"}],"curies":[{"name":"wp","href":"https:\/\/api.w.org\/{rel}","templated":true}]}}