{"id":142847,"date":"2021-10-20T11:00:00","date_gmt":"2021-10-20T10:00:00","guid":{"rendered":"http:\/\/www.tucomarca.com\/wordpress\/segunda\/?p=142847"},"modified":"2021-10-21T08:13:59","modified_gmt":"2021-10-21T07:13:59","slug":"bravo-destaca-que-la-bona-coordinacio-de-la-oavd-de-carlet-ha-permes-assistir-a-585-dones-des-de-la-seua-obertura","status":"publish","type":"post","link":"https:\/\/tucomarca.whitekongsoftware.com\/ca\/bravo-destaca-que-la-bona-coordinacio-de-la-oavd-de-carlet-ha-permes-assistir-a-585-dones-des-de-la-seua-obertura\/","title":{"rendered":"Bravo destaca que la bona coordinaci\u00f3 de la OAVD de Carlet ha perm\u00e9s assistir a 585 dones des de la seua obertura"},"content":{"rendered":"\n<h4 class=\"wp-block-heading\">Durant el primer semestre d&#8217;enguany ja s&#8217;han at\u00e9s 179 persones<\/h4>\n\n\n\n<h4 class=\"wp-block-heading\">Bravo: &#8220;Les v\u00edctimes ens reconeixen que sense l&#8217;afecte i l&#8217;atenci\u00f3 de les professionals de l&#8217;Oficina no hagueren sigut capaces de continuar lluitant soles&#8221;<\/h4>\n\n\n\n<p class=\"wp-block-paragraph\">La consellera de Just\u00edcia, Interior i Administraci\u00f3 P\u00fablica, Gabriela Bravo, acompanyada per la directora general de Just\u00edcia, \u00c0ngels Bixquert i el director general de Reformes Democr\u00e0tiques, Jos\u00e9 Garc\u00eda A\u00f1\u00f3n, ha visitat aquest dilluns les noves instal\u00b7lacions de l&#8217;Oficina d&#8217;Assist\u00e8ncia a les V\u00edctimes del Delicte (OAVD) de Carlet. En aquest espai Bravo ha destacat la import\u00e0ncia de la coordinaci\u00f3 entre els recursos de la Generalitat amb el jutjat de viol\u00e8ncia sobre la dona i l&#8217;administraci\u00f3 local a l&#8217;hora de donar una assist\u00e8ncia integral a les v\u00edctimes del delicte i especialment a les v\u00edctimes de viol\u00e8ncia de g\u00e8nere.<\/p>\n\n\n\n<p class=\"wp-block-paragraph\">&#8220;Aquesta coordinaci\u00f3 \u00e9s clau \u2014ha assegurat Bravo\u2014 No basta solament amb posar els recursos. \u00c9s necessari ser capa\u00e7os de generar protocols de col\u00b7laboraci\u00f3 i coordinaci\u00f3 entre les diferents entitats que treballen per a protegir de manera eficient a les v\u00edctimes, i l&#8217;Oficina de Carlet \u00e9s un bon exemple&#8221;.<\/p>\n\n\n\n<p class=\"wp-block-paragraph\">En el primer semestre d&#8217;aquest 2021, en la OAVD de Carlet s&#8217;han at\u00e9s 179 persones, de les quals, 173 eren dones i, d&#8217;elles, el 80% eren v\u00edctimes de viol\u00e8ncia de g\u00e8nere o viol\u00e8ncia dom\u00e8stica. Des de la seua posada en funciona-esmente al desembre de 2018 s&#8217;han dut a terme 1.300 actuacions que es concreten en 611 persones ateses, de les quals el 96% eren dones.<\/p>\n\n\n\n<p class=\"wp-block-paragraph\">Precisament Bravo ha volgut posar en valor la labor de les professionals que treballen en l&#8217;Oficina i ha explicat que &#8220;en la Conselleria s&#8217;han rebut correus de v\u00edctimes agra\u00efdes per tot el treball que es duu a terme des d&#8217;aquesta Oficina. Un treball que s&#8217;est\u00e9n durant el llarg per\u00edode de temps que pot durar un procediment judicial.<\/p>\n\n\n\n<p class=\"wp-block-paragraph\">V\u00edctimes que s&#8217;han sentit secundades, acompanyades i que a m\u00e9s reconeixen que si no hagueren tingut durant tot aquest temps la informaci\u00f3, l&#8217;afecte i l&#8217;atenci\u00f3 d&#8217;aquestes professionals segurament no havien sigut capaces de continuar lluitant soles&#8221;.<\/p>\n\n\n\n<p class=\"wp-block-paragraph\">Millora en les instal\u00b7lacions<\/p>\n\n\n\n<p class=\"wp-block-paragraph\">L&#8217;Oficina s&#8217;ha reubicat des de fa unes setmanes en la seu dels juzados de Carlet. Un dels objectius de la reforma que s&#8217;ha dut a terme i en la qual s&#8217;han invertit 101.000 euros \u00e9s precisament convertir l&#8217;Oficina d&#8217;Assist\u00e8ncia a les V\u00edctimes de Delicte (OAVD) en un espai m\u00e9s accessible, ampli i confortable punt per a les tres professionals que treballen en ella, com per a les persones que acudeixen a la recerca d&#8217;ajuda. Per a aix\u00f2 s&#8217;ha habilitat un tercer despatx, s&#8217;ha ampliat la sala d&#8217;espera i s&#8217;ha creat una zona segura que garanteix la privacitat de les v\u00edctimes.<\/p>\n\n\n\n<p class=\"wp-block-paragraph\">A m\u00e9s, tamb\u00e9 s&#8217;ha actuat en el soterrani per a crear la zona d&#8217;arxiu i els calabossos i s&#8217;ha reubicat el servei com\u00fa de notificacions i embargaments. Els jutjats de Carlet ofereixen cobertura a m\u00e9s de 82.000 persones de sis municipis (Alginet, Almussafes, Benifai\u00f3, Benimodo, L&#8217;Alc\u00fadia i Silla) que componen aquest partit judicial. La seu de Carlet amb 4 jutjats de primera inst\u00e0ncia i instrucci\u00f3 del qual el n\u00famero 3 est\u00e0 especialitzat en Viol\u00e8ncia sobre la Dona.<\/p>\n\n\n\n<p class=\"wp-block-paragraph\">Des de la seua posada en marxa, la xarxa d&#8217;Oficines d&#8217;Assist\u00e8ncia a les v\u00edctimes del delicte que compta amb 33 Oficines en l&#8217;actualitat i en la qual treballen 190 professionals ha at\u00e9s a quasi 82.000 persones, de les quals 41.000 dones s\u00f3n v\u00edctimes de viol\u00e8ncia de g\u00e8nere o viol\u00e8ncia dom\u00e8stica.<\/p>\n\n\n\n<p class=\"wp-block-paragraph\"><\/p>\n","protected":false},"excerpt":{"rendered":"<div class=\"mh-excerpt\">Durant el primer semestre d&#8217;enguany ja s&#8217;han at\u00e9s 179 persones Bravo: &#8220;Les v\u00edctimes ens reconeixen que sense l&#8217;afecte i l&#8217;atenci\u00f3 de les professionals de l&#8217;Oficina no hagueren sigut capaces de continuar lluitant soles&#8221; La consellera <a class=\"mh-excerpt-more\" href=\"https:\/\/tucomarca.whitekongsoftware.com\/ca\/bravo-destaca-que-la-bona-coordinacio-de-la-oavd-de-carlet-ha-permes-assistir-a-585-dones-des-de-la-seua-obertura\/\" title=\"Bravo destaca que la bona coordinaci\u00f3 de la OAVD de Carlet ha perm\u00e9s assistir a 585 dones des de la seua obertura\">[+] <\/a><\/div>\n","protected":false},"author":12,"featured_media":142846,"comment_status":"open","ping_status":"open","sticky":false,"template":"","format":"standard","meta":{"footnotes":""},"categories":[10990,10948,10894,10902,10947,10896],"tags":[11082,15678,11356],"class_list":["post-142847","post","type-post","status-publish","format-standard","has-post-thumbnail","category-carlet-ca","category-infraestructuras-ca","category-la-comarca-ca","category-la-ribera-ca","category-politica","category-seccion-ca","tag-carlet-ca","tag-oavd-ca","tag-ribera-alta-ca"],"_links":{"self":[{"href":"https:\/\/tucomarca.whitekongsoftware.com\/ca\/wp-json\/wp\/v2\/posts\/142847","targetHints":{"allow":["GET"]}}],"collection":[{"href":"https:\/\/tucomarca.whitekongsoftware.com\/ca\/wp-json\/wp\/v2\/posts"}],"about":[{"href":"https:\/\/tucomarca.whitekongsoftware.com\/ca\/wp-json\/wp\/v2\/types\/post"}],"author":[{"embeddable":true,"href":"https:\/\/tucomarca.whitekongsoftware.com\/ca\/wp-json\/wp\/v2\/users\/12"}],"replies":[{"embeddable":true,"href":"https:\/\/tucomarca.whitekongsoftware.com\/ca\/wp-json\/wp\/v2\/comments?post=142847"}],"version-history":[{"count":0,"href":"https:\/\/tucomarca.whitekongsoftware.com\/ca\/wp-json\/wp\/v2\/posts\/142847\/revisions"}],"wp:featuredmedia":[{"embeddable":true,"href":"https:\/\/tucomarca.whitekongsoftware.com\/ca\/wp-json\/wp\/v2\/media\/142846"}],"wp:attachment":[{"href":"https:\/\/tucomarca.whitekongsoftware.com\/ca\/wp-json\/wp\/v2\/media?parent=142847"}],"wp:term":[{"taxonomy":"category","embeddable":true,"href":"https:\/\/tucomarca.whitekongsoftware.com\/ca\/wp-json\/wp\/v2\/categories?post=142847"},{"taxonomy":"post_tag","embeddable":true,"href":"https:\/\/tucomarca.whitekongsoftware.com\/ca\/wp-json\/wp\/v2\/tags?post=142847"}],"curies":[{"name":"wp","href":"https:\/\/api.w.org\/{rel}","templated":true}]}}