{"id":142805,"date":"2021-10-19T07:00:00","date_gmt":"2021-10-19T06:00:00","guid":{"rendered":"http:\/\/www.tucomarca.com\/wordpress\/segunda\/?p=142805"},"modified":"2021-10-21T08:11:15","modified_gmt":"2021-10-21T07:11:15","slug":"utiel-augmenta-a-19-000-e-les-ajudes-al-transport-i-residencia-per-a-estudiants-del-municipi-en-la-seua-tercera-convocatoria","status":"publish","type":"post","link":"https:\/\/tucomarca.whitekongsoftware.com\/ca\/utiel-augmenta-a-19-000-e-les-ajudes-al-transport-i-residencia-per-a-estudiants-del-municipi-en-la-seua-tercera-convocatoria\/","title":{"rendered":"Utiel augmenta a 19.000 \u20ac les ajudes al transport i resid\u00e8ncia per a estudiants del municipi en la seua tercera convocat\u00f2ria"},"content":{"rendered":"\n<h4 class=\"wp-block-heading\">Els alumnes que cursen estudis reglats fora de la localitat poden presentar les sol\u00b7licituds fins al 8 de novembre.<\/h4>\n\n\n\n<p class=\"wp-block-paragraph\">L&#8217;Ajuntament d&#8217;Utiel ha convocat per tercer any consecutiu les ajudes destinades a sufragar despeses de despla\u00e7ament o resid\u00e8ncia per a estudiants empadronats en el municipi augmentant la partida econ\u00f2mica dirigida a aquestes ajudes a 19.000 euros.<\/p>\n\n\n\n<p class=\"wp-block-paragraph\">Una l\u00ednia de beques que partia l&#8217;any 2019 amb una dotaci\u00f3 de 10.000 \u20ac i que va passar a incrementar-se en un 50% l&#8217;any 2020, aconseguint els 15.000 \u20ac. En aquesta tercera convocat\u00f2ria, el consistori utielano torna a augmentar la inversi\u00f3 destinant 19.000 \u20ac per a les ajudes d&#8217;aquest curs acad\u00e8mic 2021\/2022.&nbsp;<\/p>\n\n\n\n<p class=\"wp-block-paragraph\">D&#8217;aquesta manera, l&#8217;Ajuntament d&#8217;Utiel, a trav\u00e9s de la regidoria d&#8217;Educaci\u00f3, mostra un any m\u00e9s el seu comprom\u00eds amb la formaci\u00f3 dels joves utielanos fent costat a les fam\u00edlies que tenen fills cursant estudis en altres poblacions i que han d&#8217;afrontar nombroses despeses derivades d&#8217;aquesta formaci\u00f3.&nbsp;<\/p>\n\n\n\n<p class=\"wp-block-paragraph\">En concret les beques van destinades a sufragar les despeses de despla\u00e7ament i\/o resid\u00e8ncia d&#8217;estudiants utielanos que cursen estudis universitaris, de formaci\u00f3 professional b\u00e0sica, cicles formatius de grau mitj\u00e0 o superior o ensenyaments art\u00edstics superiors anara de la localitat.<\/p>\n\n\n\n<p class=\"wp-block-paragraph\"><strong>Requisits dels beneficiaris<\/strong><\/p>\n\n\n\n<p class=\"wp-block-paragraph\">Per a accedir a aquestes ajudes, els sol\u00b7licitants han d&#8217;estar empadronats a Utiel i estar matriculats en el curs acad\u00e8mic 2021\/2021 en ensenyaments de r\u00e8gim presencial per a les quals no existisca oferta formativa a Utiel.<\/p>\n\n\n\n<p class=\"wp-block-paragraph\">En les sol\u00b7licituds es tindr\u00e0 en compte el nivell de renda, circumst\u00e0ncies soci-familiars, aix\u00ed com qualificacions acad\u00e8miques del curs anterior entre altres requisits de baremaci\u00f3.<\/p>\n\n\n\n<p class=\"wp-block-paragraph\">En total la partida pressupost\u00e0ria ascendeix a 19.000 \u20ac i la quantia de la beca estar\u00e0 determinada en funci\u00f3 de la dist\u00e0ncia al centre d&#8217;estudis i al nombre de sol\u00b7licituds rebudes, podent aconseguir fins als 300 \u20ac per estudiant.<\/p>\n\n\n\n<p class=\"wp-block-paragraph\"><strong>Presentaci\u00f3 de sol\u00b7licituds<\/strong><\/p>\n\n\n\n<p class=\"wp-block-paragraph\">El termini de presentaci\u00f3 de sol\u00b7licituds comen\u00e7a hui, 18 d&#8217;octubre i finalitzar\u00e0 el pr\u00f2xim 8 de novembre.&nbsp;<\/p>\n\n\n\n<p class=\"wp-block-paragraph\">Els interessats poden presentar les seues sol\u00b7licituds a trav\u00e9s de registre d&#8217;entrada presencial o mitjan\u00e7ant seu electr\u00f2nica en el tr\u00e0mit espec\u00edfic habilitada per a aquesta convocat\u00f2ria.<\/p>\n\n\n\n<p class=\"wp-block-paragraph\">Les bases d&#8217;aquesta convocat\u00f2ria i el model de sol\u00b7licitud estan disponibles en www.utiel.es<\/p>\n\n\n\n<p class=\"wp-block-paragraph\"><\/p>\n","protected":false},"excerpt":{"rendered":"<div class=\"mh-excerpt\">Els alumnes que cursen estudis reglats fora de la localitat poden presentar les sol\u00b7licituds fins al 8 de novembre. L&#8217;Ajuntament d&#8217;Utiel ha convocat per tercer any consecutiu les ajudes destinades a sufragar despeses de despla\u00e7ament <a class=\"mh-excerpt-more\" href=\"https:\/\/tucomarca.whitekongsoftware.com\/ca\/utiel-augmenta-a-19-000-e-les-ajudes-al-transport-i-residencia-per-a-estudiants-del-municipi-en-la-seua-tercera-convocatoria\/\" title=\"Utiel augmenta a 19.000 \u20ac les ajudes al transport i resid\u00e8ncia per a estudiants del municipi en la seua tercera convocat\u00f2ria\">[+] <\/a><\/div>\n","protected":false},"author":12,"featured_media":142804,"comment_status":"open","ping_status":"open","sticky":false,"template":"","format":"standard","meta":{"footnotes":""},"categories":[10948,10894,10947,10909,10896,11059],"tags":[12933,11174,11459],"class_list":["post-142805","post","type-post","status-publish","format-standard","has-post-thumbnail","category-infraestructuras-ca","category-la-comarca-ca","category-politica","category-requena-utiel-ca","category-seccion-ca","category-utiel-ca","tag-ayudas-al-transporte-ca","tag-utiel-ca","tag-utiel-requena-ca"],"_links":{"self":[{"href":"https:\/\/tucomarca.whitekongsoftware.com\/ca\/wp-json\/wp\/v2\/posts\/142805","targetHints":{"allow":["GET"]}}],"collection":[{"href":"https:\/\/tucomarca.whitekongsoftware.com\/ca\/wp-json\/wp\/v2\/posts"}],"about":[{"href":"https:\/\/tucomarca.whitekongsoftware.com\/ca\/wp-json\/wp\/v2\/types\/post"}],"author":[{"embeddable":true,"href":"https:\/\/tucomarca.whitekongsoftware.com\/ca\/wp-json\/wp\/v2\/users\/12"}],"replies":[{"embeddable":true,"href":"https:\/\/tucomarca.whitekongsoftware.com\/ca\/wp-json\/wp\/v2\/comments?post=142805"}],"version-history":[{"count":0,"href":"https:\/\/tucomarca.whitekongsoftware.com\/ca\/wp-json\/wp\/v2\/posts\/142805\/revisions"}],"wp:featuredmedia":[{"embeddable":true,"href":"https:\/\/tucomarca.whitekongsoftware.com\/ca\/wp-json\/wp\/v2\/media\/142804"}],"wp:attachment":[{"href":"https:\/\/tucomarca.whitekongsoftware.com\/ca\/wp-json\/wp\/v2\/media?parent=142805"}],"wp:term":[{"taxonomy":"category","embeddable":true,"href":"https:\/\/tucomarca.whitekongsoftware.com\/ca\/wp-json\/wp\/v2\/categories?post=142805"},{"taxonomy":"post_tag","embeddable":true,"href":"https:\/\/tucomarca.whitekongsoftware.com\/ca\/wp-json\/wp\/v2\/tags?post=142805"}],"curies":[{"name":"wp","href":"https:\/\/api.w.org\/{rel}","templated":true}]}}