{"id":142707,"date":"2021-10-15T17:00:00","date_gmt":"2021-10-15T16:00:00","guid":{"rendered":"http:\/\/www.tucomarca.com\/wordpress\/segunda\/?p=142707"},"modified":"2021-10-18T09:22:25","modified_gmt":"2021-10-18T08:22:25","slug":"la-sirena-edicio-de-graffitea-cheste-es-presenta-en-livam-en-el-marc-de-lhomenatge-al-muralista-josep-renau","status":"publish","type":"post","link":"https:\/\/tucomarca.whitekongsoftware.com\/ca\/la-sirena-edicio-de-graffitea-cheste-es-presenta-en-livam-en-el-marc-de-lhomenatge-al-muralista-josep-renau\/","title":{"rendered":"La sirena edici\u00f3 de Graffitea Cheste es presenta en l&#8217;IVAM en el marc de l&#8217;homenatge al muralista Josep Renau"},"content":{"rendered":"\n<figure class=\"wp-block-image size-large\"><img loading=\"lazy\" decoding=\"async\" width=\"787\" height=\"525\" src=\"http:\/\/www.tucomarca.com\/wordpress\/segunda\/wp-content\/uploads\/2021\/10\/GraffiteaIVAM03.jpg\" alt=\"\" class=\"wp-image-142694\" srcset=\"https:\/\/tucomarca.whitekongsoftware.com\/wp-content\/uploads\/2021\/10\/GraffiteaIVAM03.jpg 787w, https:\/\/tucomarca.whitekongsoftware.com\/wp-content\/uploads\/2021\/10\/GraffiteaIVAM03-300x200.jpg 300w, https:\/\/tucomarca.whitekongsoftware.com\/wp-content\/uploads\/2021\/10\/GraffiteaIVAM03-768x512.jpg 768w\" sizes=\"auto, (max-width: 787px) 100vw, 787px\" \/><\/figure>\n\n\n\n<p class=\"wp-block-paragraph\">El Festival de Street Art Graffitea Cheste ha obert el programa d&#8217;actes de la seua sisena edici\u00f3 en l&#8217;Institut Valenci\u00e0 d&#8217;Art Modern (IVAM), on s&#8217;ha presentat als mitjans i s&#8217;han dut a terme dues activitats relacionades amb l&#8217;obra del muralista valenci\u00e0 Josep Renau: una visita guiada a l&#8217;exposici\u00f3 Els Exilis de Renau, amb el co-comissari Josep Salvador; i la taula redona Renau muralista: proc\u00e9s de treball i estudi de l&#8217;espectador.<\/p>\n\n\n\n<p class=\"wp-block-paragraph\">\u201cCada any el festival ha buscat sinergies amb diferents espais culturals valencians com el centre del Carmen, el centre cultural de la Benefic\u00e8ncia i, en aquesta sisena edici\u00f3, estrenyem lla\u00e7os amb l&#8217;IVAM, posant el nostre granet d&#8217;arena en la difusi\u00f3 de la vida i obra del muralista valenci\u00e0 Josep Renau\u201d, apuntava la regidora de Cultura, M\u00aa \u00c1ngeles Llorente. \u201cEn totes les edicions intentem fer un festival polifac\u00e8tic, en el qual hi ha cabuda per a diferents activitats entorn de l&#8217;art urb\u00e0. Dem\u00e0 es pintar\u00e0 un mural homenatge a Renau al carrer Ca\u00f1ete i els actes continuaran ja a Cheste amb un cinef\u00f3rum en el qual es projectar\u00e0 el documental Josep Renau, l&#8217;art en perill i amb la pintura d&#8217;un mural homenatge a l&#8217;artista en l&#8217;Institut\u201d.<\/p>\n\n\n\n<p class=\"wp-block-paragraph\">Les intervencions murals es faran del 27 al 31 d&#8217;octubre a Cheste i el cartell compta amb 8 artistes que pintaran en fa\u00e7anes privades cedides per ve\u00efns i ve\u00efnes, espais municipals i centres educatius amb total llibertat, amb l&#8217;\u00fanica premissa que les obres tinguen relaci\u00f3 amb els carrers en les quals estan situades. Enguany es contempla tamb\u00e9 una nova edici\u00f3 de Feminist Art i, com a novetat, s&#8217;organitzaran una s\u00e8rie de murs conscients per a incitar a la reflexi\u00f3 i a la reivindicaci\u00f3 dels drets humans. Tal com ha detallat la regidora, Cheste ja suma prop de 90 murals amb la participaci\u00f3 de 70 artistes, i tots ells formen un itinerari d&#8217;art urb\u00e0 significatiu en la poblaci\u00f3. El dissabte i el diumenge, 30 i 31 d&#8217;octubre, es realitzaran visites guiades a l&#8217;obres d&#8217;aquesta edici\u00f3.<\/p>\n\n\n\n<p class=\"wp-block-paragraph\">En la presentaci\u00f3 als mitjans tamb\u00e9 ha participat el responsable del col\u00b7lectiu \u00c0lien Barrakudas, Toni Espinar, que repeteix coordinant el festival Graffitea al costat de la regidoria de Cultura. \u201c6 anys despr\u00e9s seguim ac\u00ed, al peu del can\u00f3, tirant cap avant aquest festival que t\u00e9 un important comprom\u00eds social. Dem\u00e0 farem una jornada a la qual convidem a sumar-se a tots els artistes que vulga pintar el mural d&#8217;homenatge a Renau, amb el qual volem intentar recollir aqueix llegat tan important que ens ha deixat, sobretot en aquests temps, i no quedar-nos amb els anecd\u00f2tic, sin\u00f3 amb l&#8217;actitud i l&#8217;esperit de la seua obra. Hem d&#8217;aprofitar aquests moments de relativa llibertat per a consolidar-la i defensar-la: les nostres armes s\u00f3n els pinzells i els esprais\u201d, apuntava Espinar.<\/p>\n\n\n\n<p class=\"wp-block-paragraph\"><strong>Taula redona&nbsp;<\/strong><\/p>\n\n\n\n<p class=\"wp-block-paragraph\">En la taula redona han participat els artistes i investigadors Javier Parra, Dar\u00edo Cobacho i \u00c1lvaro Porras, obrint un debat sobre la traject\u00f2ria de Josep Renau. Entre els ponents i les persones assistents s&#8217;ha dialogat sobre l&#8217;objectiu que es va marcar Renau de traure l&#8217;art al carrer a buscar a les persones i s&#8217;han posat en relleu qualitats del la seua obra com la seua capacitat per a generar experi\u00e8ncies diferents en l&#8217;espectador o la seua labor reivindicativa en un moment hist\u00f2ric marcat per la por a un desastre social causat per un progr\u00e9s accelerat.<\/p>\n\n\n\n<figure class=\"wp-block-gallery columns-2 is-cropped wp-block-gallery-1 is-layout-flex wp-block-gallery-is-layout-flex\"><ul class=\"blocks-gallery-grid\"><li class=\"blocks-gallery-item\"><figure><img loading=\"lazy\" decoding=\"async\" width=\"787\" height=\"525\" src=\"http:\/\/www.tucomarca.com\/wordpress\/segunda\/wp-content\/uploads\/2021\/10\/GraffiteaIVAM06.jpg\" alt=\"\" data-id=\"142705\" data-full-url=\"http:\/\/www.tucomarca.com\/wordpress\/segunda\/wp-content\/uploads\/2021\/10\/GraffiteaIVAM06.jpg\" data-link=\"http:\/\/www.tucomarca.com\/wordpress\/segunda\/ca\/?attachment_id=142705\" class=\"wp-image-142705\" srcset=\"https:\/\/tucomarca.whitekongsoftware.com\/wp-content\/uploads\/2021\/10\/GraffiteaIVAM06.jpg 787w, https:\/\/tucomarca.whitekongsoftware.com\/wp-content\/uploads\/2021\/10\/GraffiteaIVAM06-300x200.jpg 300w, https:\/\/tucomarca.whitekongsoftware.com\/wp-content\/uploads\/2021\/10\/GraffiteaIVAM06-768x512.jpg 768w\" sizes=\"auto, (max-width: 787px) 100vw, 787px\" \/><\/figure><\/li><li class=\"blocks-gallery-item\"><figure><img loading=\"lazy\" decoding=\"async\" width=\"787\" height=\"525\" src=\"http:\/\/www.tucomarca.com\/wordpress\/segunda\/wp-content\/uploads\/2021\/10\/GraffiteaIVAM03.jpg\" alt=\"\" data-id=\"142695\" data-full-url=\"http:\/\/www.tucomarca.com\/wordpress\/segunda\/wp-content\/uploads\/2021\/10\/GraffiteaIVAM03.jpg\" data-link=\"http:\/\/www.tucomarca.com\/wordpress\/segunda\/ca\/?attachment_id=142695\" class=\"wp-image-142695\" srcset=\"https:\/\/tucomarca.whitekongsoftware.com\/wp-content\/uploads\/2021\/10\/GraffiteaIVAM03.jpg 787w, https:\/\/tucomarca.whitekongsoftware.com\/wp-content\/uploads\/2021\/10\/GraffiteaIVAM03-300x200.jpg 300w, https:\/\/tucomarca.whitekongsoftware.com\/wp-content\/uploads\/2021\/10\/GraffiteaIVAM03-768x512.jpg 768w\" sizes=\"auto, (max-width: 787px) 100vw, 787px\" \/><\/figure><\/li><li class=\"blocks-gallery-item\"><figure><img loading=\"lazy\" decoding=\"async\" width=\"787\" height=\"525\" src=\"http:\/\/www.tucomarca.com\/wordpress\/segunda\/wp-content\/uploads\/2021\/10\/GraffiteaIVAM04.jpg\" alt=\"\" data-id=\"142697\" data-full-url=\"http:\/\/www.tucomarca.com\/wordpress\/segunda\/wp-content\/uploads\/2021\/10\/GraffiteaIVAM04.jpg\" data-link=\"http:\/\/www.tucomarca.com\/wordpress\/segunda\/ca\/?attachment_id=142697\" class=\"wp-image-142697\" srcset=\"https:\/\/tucomarca.whitekongsoftware.com\/wp-content\/uploads\/2021\/10\/GraffiteaIVAM04.jpg 787w, https:\/\/tucomarca.whitekongsoftware.com\/wp-content\/uploads\/2021\/10\/GraffiteaIVAM04-300x200.jpg 300w, https:\/\/tucomarca.whitekongsoftware.com\/wp-content\/uploads\/2021\/10\/GraffiteaIVAM04-768x512.jpg 768w\" sizes=\"auto, (max-width: 787px) 100vw, 787px\" \/><\/figure><\/li><li class=\"blocks-gallery-item\"><figure><img loading=\"lazy\" decoding=\"async\" width=\"787\" height=\"547\" src=\"http:\/\/www.tucomarca.com\/wordpress\/segunda\/wp-content\/uploads\/2021\/10\/GraffiteaIVAM01.jpg\" alt=\"\" data-id=\"142691\" data-full-url=\"http:\/\/www.tucomarca.com\/wordpress\/segunda\/wp-content\/uploads\/2021\/10\/GraffiteaIVAM01.jpg\" data-link=\"http:\/\/www.tucomarca.com\/wordpress\/segunda\/ca\/?attachment_id=142691\" class=\"wp-image-142691\" srcset=\"https:\/\/tucomarca.whitekongsoftware.com\/wp-content\/uploads\/2021\/10\/GraffiteaIVAM01.jpg 787w, https:\/\/tucomarca.whitekongsoftware.com\/wp-content\/uploads\/2021\/10\/GraffiteaIVAM01-300x209.jpg 300w, https:\/\/tucomarca.whitekongsoftware.com\/wp-content\/uploads\/2021\/10\/GraffiteaIVAM01-768x534.jpg 768w\" sizes=\"auto, (max-width: 787px) 100vw, 787px\" \/><\/figure><\/li><li class=\"blocks-gallery-item\"><figure><img loading=\"lazy\" decoding=\"async\" width=\"787\" height=\"525\" src=\"http:\/\/www.tucomarca.com\/wordpress\/segunda\/wp-content\/uploads\/2021\/10\/GraffiteaIVAM05.jpg\" alt=\"\" data-id=\"142699\" data-full-url=\"http:\/\/www.tucomarca.com\/wordpress\/segunda\/wp-content\/uploads\/2021\/10\/GraffiteaIVAM05.jpg\" data-link=\"http:\/\/www.tucomarca.com\/wordpress\/segunda\/ca\/?attachment_id=142699\" class=\"wp-image-142699\" srcset=\"https:\/\/tucomarca.whitekongsoftware.com\/wp-content\/uploads\/2021\/10\/GraffiteaIVAM05.jpg 787w, https:\/\/tucomarca.whitekongsoftware.com\/wp-content\/uploads\/2021\/10\/GraffiteaIVAM05-300x200.jpg 300w, https:\/\/tucomarca.whitekongsoftware.com\/wp-content\/uploads\/2021\/10\/GraffiteaIVAM05-768x512.jpg 768w\" sizes=\"auto, (max-width: 787px) 100vw, 787px\" \/><\/figure><\/li><\/ul><\/figure>\n","protected":false},"excerpt":{"rendered":"<div class=\"mh-excerpt\">El Festival de Street Art Graffitea Cheste ha obert el programa d&#8217;actes de la seua sisena edici\u00f3 en l&#8217;Institut Valenci\u00e0 d&#8217;Art Modern (IVAM), on s&#8217;ha presentat als mitjans i s&#8217;han dut a terme dues activitats <a class=\"mh-excerpt-more\" href=\"https:\/\/tucomarca.whitekongsoftware.com\/ca\/la-sirena-edicio-de-graffitea-cheste-es-presenta-en-livam-en-el-marc-de-lhomenatge-al-muralista-josep-renau\/\" title=\"La sirena edici\u00f3 de Graffitea Cheste es presenta en l&#8217;IVAM en el marc de l&#8217;homenatge al muralista Josep Renau\">[+] <\/a><\/div>\n","protected":false},"author":12,"featured_media":142693,"comment_status":"open","ping_status":"open","sticky":false,"template":"","format":"gallery","meta":{"footnotes":""},"categories":[11019,10898,10894,10912,11007,10896,10974],"tags":[11071,15165,15664,10914],"class_list":["post-142707","post","type-post","status-publish","format-gallery","has-post-thumbnail","category-agenda-ca","category-ventana-ca","category-la-comarca-ca","category-la-hoya-ca","category-ocio-y-cultura-ca","category-seccion-ca","category-cheste-ca","tag-cheste","tag-graffitea-2021-ca","tag-homenaje-a-josep-renau-ca","tag-la-hoya-de-bunol-chiva-ca","post_format-post-format-gallery"],"_links":{"self":[{"href":"https:\/\/tucomarca.whitekongsoftware.com\/ca\/wp-json\/wp\/v2\/posts\/142707","targetHints":{"allow":["GET"]}}],"collection":[{"href":"https:\/\/tucomarca.whitekongsoftware.com\/ca\/wp-json\/wp\/v2\/posts"}],"about":[{"href":"https:\/\/tucomarca.whitekongsoftware.com\/ca\/wp-json\/wp\/v2\/types\/post"}],"author":[{"embeddable":true,"href":"https:\/\/tucomarca.whitekongsoftware.com\/ca\/wp-json\/wp\/v2\/users\/12"}],"replies":[{"embeddable":true,"href":"https:\/\/tucomarca.whitekongsoftware.com\/ca\/wp-json\/wp\/v2\/comments?post=142707"}],"version-history":[{"count":0,"href":"https:\/\/tucomarca.whitekongsoftware.com\/ca\/wp-json\/wp\/v2\/posts\/142707\/revisions"}],"wp:featuredmedia":[{"embeddable":true,"href":"https:\/\/tucomarca.whitekongsoftware.com\/ca\/wp-json\/wp\/v2\/media\/142693"}],"wp:attachment":[{"href":"https:\/\/tucomarca.whitekongsoftware.com\/ca\/wp-json\/wp\/v2\/media?parent=142707"}],"wp:term":[{"taxonomy":"category","embeddable":true,"href":"https:\/\/tucomarca.whitekongsoftware.com\/ca\/wp-json\/wp\/v2\/categories?post=142707"},{"taxonomy":"post_tag","embeddable":true,"href":"https:\/\/tucomarca.whitekongsoftware.com\/ca\/wp-json\/wp\/v2\/tags?post=142707"}],"curies":[{"name":"wp","href":"https:\/\/api.w.org\/{rel}","templated":true}]}}