{"id":142686,"date":"2021-10-15T21:55:00","date_gmt":"2021-10-15T20:55:00","guid":{"rendered":"http:\/\/www.tucomarca.com\/wordpress\/segunda\/?p=142686"},"modified":"2021-10-18T13:25:06","modified_gmt":"2021-10-18T12:25:06","slug":"colomer-participa-en-la-inauguracio-de-la-fira-gastronomica-que-organitza-la-mancomunitat-foia-de-bunyol-xiva","status":"publish","type":"post","link":"https:\/\/tucomarca.whitekongsoftware.com\/ca\/colomer-participa-en-la-inauguracio-de-la-fira-gastronomica-que-organitza-la-mancomunitat-foia-de-bunyol-xiva\/","title":{"rendered":"Colomer participa en la inauguraci\u00f3 de la Fira Gastron\u00f2mica que organitza la Mancomunitat Foia de Bunyol-Xiva"},"content":{"rendered":"\n<p class=\"wp-block-paragraph\">El secretari auton\u00f2mic de Turisme destaca que els plans de Governan\u00e7a Tur\u00edstica &#8220;tenen entre els seus objectius impulsar i posar en valor els recursos singulars i aut\u00e8ntics del nostre territori&#8221;<\/p>\n\n\n\n<p class=\"wp-block-paragraph\">El secretari auton\u00f2mic de Turisme, Francesc Colomer, ha participat en la inauguraci\u00f3 de la Fira Gastron\u00f2mica que organitza la Mancomunitat Foia de Bu\u00f1ol-Chiva, en el marc del Pla de Dinamitzaci\u00f3 i Governan\u00e7a Tur\u00edstica.<\/p>\n\n\n\n<p class=\"wp-block-paragraph\">Colomer ha assenyalat que &#8220;els plans de Dinamitzaci\u00f3 i Governan\u00e7a Tur\u00edstica pretenen identificar a tots els actors que han de participar en la dinamitzaci\u00f3 dels territoris, en la uni\u00f3 de la infraestructura p\u00fablic-privada per a inspirar la pol\u00edtica tur\u00edstica que hem de fer entre tots&#8221;, i ha recalcat que &#8220;aqueixa idea d&#8217;equip \u00e9s la que hem de contagiar entre tots&#8221;.<\/p>\n\n\n\n<p class=\"wp-block-paragraph\">A m\u00e9s, ha explicat que &#8220;aquests plans tenen entre els seus objectius generar producte, impulsar i posar en valor els recursos singulars i aut\u00e8ntics del nostre territori&#8221; i ha afegit que &#8220;nom\u00e9s serem els millors en all\u00f2 que ens fa \u00fanics&#8221;.<\/p>\n\n\n\n<p class=\"wp-block-paragraph\">En aquest sentit, el secretari auton\u00f2mic ha manifestat que &#8220;tenim recursos i un gran potencial, l&#8217;important \u00e9s posar-lo en valor i donar-li projecci\u00f3 perqu\u00e8 el mercat ens trie&#8221;, i ha recordat que &#8220;la gastronomia \u00e9s l&#8217;element inspirador del viatge que m\u00e9s autenticitat ens ha proporcionat en els \u00faltims anys&#8221;.<\/p>\n\n\n\n<p class=\"wp-block-paragraph\">Colomer ha participat en la inauguraci\u00f3 juntament amb el president de la Mancomunitat i alcalde de Y\u00e1tova, Miguel Esteban T\u00f3rtola; el director del Patronat Provincial de Turisme de Val\u00e8ncia, Xavi Pascual, i representants de l&#8217;Ajuntament de Val\u00e8ncia.<\/p>\n\n\n\n<p class=\"wp-block-paragraph\">La Fira Gastron\u00f2mica se celebra a la ciutat de Val\u00e8ncia durant aquest cap de setmana per a donar a con\u00e9ixer els productes agroalimentaris de les comarques que engloba: La Foia de Bu\u00f1ol-Chiva, la Vall de Cofrentes i La Ribera.<\/p>\n\n\n\n<p class=\"wp-block-paragraph\"><\/p>\n","protected":false},"excerpt":{"rendered":"<div class=\"mh-excerpt\">El secretari auton\u00f2mic de Turisme destaca que els plans de Governan\u00e7a Tur\u00edstica &#8220;tenen entre els seus objectius impulsar i posar en valor els recursos singulars i aut\u00e8ntics del nostre territori&#8221; El secretari auton\u00f2mic de Turisme, <a class=\"mh-excerpt-more\" href=\"https:\/\/tucomarca.whitekongsoftware.com\/ca\/colomer-participa-en-la-inauguracio-de-la-fira-gastronomica-que-organitza-la-mancomunitat-foia-de-bunyol-xiva\/\" title=\"Colomer participa en la inauguraci\u00f3 de la Fira Gastron\u00f2mica que organitza la Mancomunitat Foia de Bunyol-Xiva\">[+] <\/a><\/div>\n","protected":false},"author":12,"featured_media":142685,"comment_status":"open","ping_status":"open","sticky":false,"template":"","format":"standard","meta":{"footnotes":""},"categories":[10973,10911,10976,10898,10977,10980,10948,10894,10912,10978,11007,10947,10896,10979,10974,10975],"tags":[15628,10914,11514,15662],"class_list":["post-142686","post","type-post","status-publish","format-standard","has-post-thumbnail","category-alborache-ca","category-bunol-ca","category-dos-aguas-ca","category-ventana-ca","category-godelleta-ca","category-yatova-ca","category-infraestructuras-ca","category-la-comarca-ca","category-la-hoya-ca","category-macastre-ca","category-ocio-y-cultura-ca","category-politica","category-seccion-ca","category-siete-aguas-ca","category-cheste-ca","category-chiva-ca","tag-feria-gastronomica-ca","tag-la-hoya-de-bunol-chiva-ca","tag-mancomunidad-de-la-hoya-de-bunol-chiva-ca","tag-patronato-provincial-de-turisme-ca"],"_links":{"self":[{"href":"https:\/\/tucomarca.whitekongsoftware.com\/ca\/wp-json\/wp\/v2\/posts\/142686","targetHints":{"allow":["GET"]}}],"collection":[{"href":"https:\/\/tucomarca.whitekongsoftware.com\/ca\/wp-json\/wp\/v2\/posts"}],"about":[{"href":"https:\/\/tucomarca.whitekongsoftware.com\/ca\/wp-json\/wp\/v2\/types\/post"}],"author":[{"embeddable":true,"href":"https:\/\/tucomarca.whitekongsoftware.com\/ca\/wp-json\/wp\/v2\/users\/12"}],"replies":[{"embeddable":true,"href":"https:\/\/tucomarca.whitekongsoftware.com\/ca\/wp-json\/wp\/v2\/comments?post=142686"}],"version-history":[{"count":0,"href":"https:\/\/tucomarca.whitekongsoftware.com\/ca\/wp-json\/wp\/v2\/posts\/142686\/revisions"}],"wp:featuredmedia":[{"embeddable":true,"href":"https:\/\/tucomarca.whitekongsoftware.com\/ca\/wp-json\/wp\/v2\/media\/142685"}],"wp:attachment":[{"href":"https:\/\/tucomarca.whitekongsoftware.com\/ca\/wp-json\/wp\/v2\/media?parent=142686"}],"wp:term":[{"taxonomy":"category","embeddable":true,"href":"https:\/\/tucomarca.whitekongsoftware.com\/ca\/wp-json\/wp\/v2\/categories?post=142686"},{"taxonomy":"post_tag","embeddable":true,"href":"https:\/\/tucomarca.whitekongsoftware.com\/ca\/wp-json\/wp\/v2\/tags?post=142686"}],"curies":[{"name":"wp","href":"https:\/\/api.w.org\/{rel}","templated":true}]}}