{"id":142674,"date":"2021-10-15T08:00:00","date_gmt":"2021-10-15T07:00:00","guid":{"rendered":"http:\/\/www.tucomarca.com\/wordpress\/segunda\/?p=142674"},"modified":"2021-10-18T13:29:06","modified_gmt":"2021-10-18T12:29:06","slug":"la-universitat-de-tardor-de-bunyol-debat-sobre-la-dimensio-social-de-la-musica-com-a-eina-de-transformacio-i-canvi","status":"publish","type":"post","link":"https:\/\/tucomarca.whitekongsoftware.com\/ca\/la-universitat-de-tardor-de-bunyol-debat-sobre-la-dimensio-social-de-la-musica-com-a-eina-de-transformacio-i-canvi\/","title":{"rendered":"La Universitat de Tardor de Bunyol debat sobre la dimensi\u00f3 social de la m\u00fasica com a eina de transformaci\u00f3 i canvi"},"content":{"rendered":"\n<h4 class=\"wp-block-heading\">La Universitat de Tardor de Bu\u00f1ol, obrir\u00e0 aquest divendres un debat sobre la m\u00fasica com a motor de canvi social. La jornada s&#8217;inscriu en el programa d&#8217;Universitats Estacionals, una iniciativa impulsada per la UV que t\u00e9 com a objectiu analitzar els aspectes singulars de cada territori i oberta a tots els ciutadans, que poden assistir a les sessions en manera en l\u00ednia o presencialment.<\/h4>\n\n\n\n<p class=\"wp-block-paragraph\">La Universitat de Tardor de Bu\u00f1ol celebrar\u00e0 durant el mat\u00ed del pr\u00f2xim divendres, 15 d&#8217;octubre, la que ja \u00e9s la seua cinquena edici\u00f3, sota el t\u00edtol \u2018Bu\u00f1ol. El patrimoni cultural. La m\u00fasica com a control de canvi social\u2019. Prossegueix aix\u00ed la programaci\u00f3 d&#8217;Universitats Estacionals, una iniciativa de la Universitat de Val\u00e8ncia (UV), organitzada a trav\u00e9s del Vicerectorat de Projecci\u00f3 Territorial i Societat amb els ajuntaments i en col\u00b7laboraci\u00f3 amb la Diputaci\u00f3 de Val\u00e8ncia i Caixa Popular amb l&#8217;objectiu de promoure el debat entorn d&#8217;un tema monogr\u00e0fic lligat a la singularitat de cada \u00e0mbit geogr\u00e0fic, tenint en compte la seua particular idiosincr\u00e0sia, hist\u00f2ria i cultura, sota la coordinaci\u00f3 d&#8217;un especialista en la mat\u00e8ria. Aquesta acci\u00f3 acad\u00e8mica est\u00e0 en totes les comarques de la prov\u00edncia, amb 20 edicions en altres tantes localitats.<\/p>\n\n\n\n<p class=\"wp-block-paragraph\">En 2021, aquestes jornades, gratu\u00eftes i obertes a tots els ciutadans, han recuperat el vincle amb l&#8217;estaci\u00f3 de l&#8217;any que els d\u00f3na nom, despr\u00e9s de 2020, un any excepcional per les restriccions degudes a la pand\u00e8mia. I mantenen, a m\u00e9s, la distribuci\u00f3 per \u00e0rees tem\u00e0tiques -que reflecteixen la transversalitat de coneixement de la UV i la pluralitat de temes estudiats pels seus especialistes- i el car\u00e0cter semipresencial, que es va impulsar l&#8217;any passat amb la incorporaci\u00f3 de l&#8217;enlla\u00e7 en l\u00ednia, que permet el seguiment de les sessions per <em>streaming<\/em>, facilitant l&#8217;assist\u00e8ncia a totes les persones interessades. La UV facilitar\u00e0 les inscripcions a trav\u00e9s de la web (http:\/\/projeccio.uv.es) i proporcionar\u00e0 el corresponent certificat d&#8217;assist\u00e8ncia, tant si \u00e9s presencial com a en l\u00ednia.<\/p>\n\n\n\n<p class=\"wp-block-paragraph\"><strong>Universitat de Tardor de Bu\u00f1ol<\/strong><\/p>\n\n\n\n<p class=\"wp-block-paragraph\">La cinquena edici\u00f3 de la Universitat de Tardor de Bu\u00f1ol, que s&#8217;enquadra en l&#8217;\u00e0rea tem\u00e0tica \u2018Patrimoni Hist\u00f2ric i Cultural\u2019, es desenvolupar\u00e0 en l&#8217;IES Foia de Bu\u00f1ol (Avinguda Rafael Ridaura, 18,) i reunir\u00e0 professionals, investigadors, docents, estudiants i ciutadans interessats en el contingut de la jornada, per a analitzar la dimensi\u00f3 social de la m\u00fasica com a eina de transformaci\u00f3 i canvi.<\/p>\n\n\n\n<p class=\"wp-block-paragraph\">L&#8217;acte inaugural tindr\u00e0 lloc a les 10:00 h, amb la participaci\u00f3 de Juncal Carrascosa Alonso, alcaldessa de Bu\u00f1ol; Jorge Hermosilla Pla, vicerector de Projecci\u00f3 Territorial i Societat de la UV; Ana Mar\u00eda Botella Nicol\u00e1s, coordinadora de la Universitat de Tardor de Bu\u00f1ol; Empar Folgado Ros, diputada d&#8217;Educaci\u00f3 i Inclusi\u00f3 Social de la Diputaci\u00f3 de Val\u00e8ncia; i Juan Colomer, director de l&#8217;oficina de Caixa Popular de Chiva.<\/p>\n\n\n\n<p class=\"wp-block-paragraph\">A continuaci\u00f3, tres confer\u00e8ncies permetran aprofundir en el coneixement del tema de debat. Luis Torres Otero, del Departament de Did\u00e0ctica de l&#8217;Expressi\u00f3 Musical, Pl\u00e0stica i Corporal de la UV centrar\u00e0 la seua intervenci\u00f3 en \u2018La m\u00fasica com a eina per al canvi en els centres educatius: una visi\u00f3 des de la inspecci\u00f3 educativa\u2019. Juan Vicente Gil Fuentes, del Departament de Did\u00e0ctica de l&#8217;Expressi\u00f3 Musical, Pl\u00e0stica i Corporal de la UV, parlar\u00e0 sobre \u2018El concert did\u00e0ctic com a eina pedag\u00f2gica\u2019; i Enrique Parre\u00f1o Moratalla, del C.A. EE.PP. Uni\u00f3 Musical d&#8217;Alaqu\u00e0s, sobre \u2018La banda com a aglutinador social\u2019.<\/p>\n\n\n\n<p class=\"wp-block-paragraph\">A les 12:00 es desenvolupar\u00e0 un debat, moderat per Rosa Isusi-Fagoaga, del Departament de Did\u00e0ctica de l&#8217;Expressi\u00f3 Musical, Pl\u00e0stica i Corporal de la UV, despr\u00e9s del qual es clausurar\u00e0 l&#8217;edici\u00f3 de la Universitat de Tardor de Bu\u00f1ol.<\/p>\n\n\n\n<p class=\"wp-block-paragraph\"><strong>20 Universitats Estacionals, 4 estacions i 3 \u00e0rees tem\u00e0tiques<\/strong><\/p>\n\n\n\n<p class=\"wp-block-paragraph\">La programaci\u00f3 d&#8217;Universitats Estacionals integra dues Universitats d&#8217;Hivern (Cofrentes i Requena); sis Universitats de Primavera (Alzira, Cullera, X\u00e1tiva, Sagunt, la Canal de Navarr\u00e9s i Alt T\u00faria); i quatre Universitats d&#8217;Estiu (Rinc\u00f3n d&#8217;Ademuz, Aras de los Olmos, Gandia i Sagunt), que ja han celebrat enguany les seues corresponents sessions.<\/p>\n\n\n\n<p class=\"wp-block-paragraph\">Les Universitats Estacionals de Tardor tancaran la programaci\u00f3 de 2021. Despr\u00e9s de les jornada d&#8217;Alaqu\u00e0s, i Bu\u00f1ol, se celebraran la Universitat Estacional de l&#8217;Eliana, el 21 d&#8217;octubre, que tindr\u00e0 com a tema \u2018Smart cities: tecnologia i ciutadania\u2019; la Universitat Estacional d&#8217;Oliva, el 27 d&#8217;octubre, que tractar\u00e0 sobre \u2018Educaci\u00f3: iguals i diversos\u2019; la Universitat Estacional de Ll\u00edria, el 29 d&#8217;octubre, sobre \u2018La m\u00fasica com a eina educativa de transformaci\u00f3 social\u2019; la Universitat Estacional d&#8217;Ayora, el 4 de novembre, sobre \u2018Reptes i amenaces de l&#8217;apicultura en el segle XXI\u2019; la Universitat Estacional d&#8217;Enguera, a partir de l&#8217;11 de novembre, sobre \u2018Professions de futur i vida saludable en un m\u00f3n global i sostenible\u2019; i la Universitat Estacional d&#8217;Ontinyent, a partir del 23 de novembre, sota el t\u00edtol \u2018Temps de transformacions\u2019.<\/p>\n\n\n\n<p class=\"wp-block-paragraph\">Les Universitats Estacionals debaten aquest any 2021 sobre m\u00faltiples aspectes vinculats a cada territori entorn de tres \u00e0rees tem\u00e0tiques: \u2018Patrimoni Hist\u00f2ric i Cultural\u2019 (Cullera, X\u00e0tiva, Sagunt, Alaqu\u00e0s, Bu\u00f1ol i Ayora); \u2018Educaci\u00f3 i Benestar Social\u2019 (Cofrentes, Sagunt, Ll\u00edria, Oliva, Enguera i Ontinyent); i \u2018Biodiversitat, Desenvolupament i Innovaci\u00f3 Territorial\u2019 (Requena, Alzira, la Canal de Navarr\u00e9s, Alt T\u00faria, Rinc\u00f3n d&#8217;Ademuz, Aras de los Olmos, Gandia i L&#8217;Eliana).<\/p>\n\n\n\n<p class=\"wp-block-paragraph\"><\/p>\n","protected":false},"excerpt":{"rendered":"<div class=\"mh-excerpt\">La Universitat de Tardor de Bu\u00f1ol, obrir\u00e0 aquest divendres un debat sobre la m\u00fasica com a motor de canvi social. La jornada s&#8217;inscriu en el programa d&#8217;Universitats Estacionals, una iniciativa impulsada per la UV que <a class=\"mh-excerpt-more\" href=\"https:\/\/tucomarca.whitekongsoftware.com\/ca\/la-universitat-de-tardor-de-bunyol-debat-sobre-la-dimensio-social-de-la-musica-com-a-eina-de-transformacio-i-canvi\/\" title=\"La Universitat de Tardor de Bunyol debat sobre la dimensi\u00f3 social de la m\u00fasica com a eina de transformaci\u00f3 i canvi\">[+] <\/a><\/div>\n","protected":false},"author":12,"featured_media":142673,"comment_status":"open","ping_status":"open","sticky":false,"template":"","format":"standard","meta":{"footnotes":""},"categories":[11019,10911,10894,10912,11007,10896],"tags":[10913,10914,11286],"class_list":["post-142674","post","type-post","status-publish","format-standard","has-post-thumbnail","category-agenda-ca","category-bunol-ca","category-la-comarca-ca","category-la-hoya-ca","category-ocio-y-cultura-ca","category-seccion-ca","tag-bunol-ca","tag-la-hoya-de-bunol-chiva-ca","tag-universidad-de-otono-ca"],"_links":{"self":[{"href":"https:\/\/tucomarca.whitekongsoftware.com\/ca\/wp-json\/wp\/v2\/posts\/142674","targetHints":{"allow":["GET"]}}],"collection":[{"href":"https:\/\/tucomarca.whitekongsoftware.com\/ca\/wp-json\/wp\/v2\/posts"}],"about":[{"href":"https:\/\/tucomarca.whitekongsoftware.com\/ca\/wp-json\/wp\/v2\/types\/post"}],"author":[{"embeddable":true,"href":"https:\/\/tucomarca.whitekongsoftware.com\/ca\/wp-json\/wp\/v2\/users\/12"}],"replies":[{"embeddable":true,"href":"https:\/\/tucomarca.whitekongsoftware.com\/ca\/wp-json\/wp\/v2\/comments?post=142674"}],"version-history":[{"count":0,"href":"https:\/\/tucomarca.whitekongsoftware.com\/ca\/wp-json\/wp\/v2\/posts\/142674\/revisions"}],"wp:featuredmedia":[{"embeddable":true,"href":"https:\/\/tucomarca.whitekongsoftware.com\/ca\/wp-json\/wp\/v2\/media\/142673"}],"wp:attachment":[{"href":"https:\/\/tucomarca.whitekongsoftware.com\/ca\/wp-json\/wp\/v2\/media?parent=142674"}],"wp:term":[{"taxonomy":"category","embeddable":true,"href":"https:\/\/tucomarca.whitekongsoftware.com\/ca\/wp-json\/wp\/v2\/categories?post=142674"},{"taxonomy":"post_tag","embeddable":true,"href":"https:\/\/tucomarca.whitekongsoftware.com\/ca\/wp-json\/wp\/v2\/tags?post=142674"}],"curies":[{"name":"wp","href":"https:\/\/api.w.org\/{rel}","templated":true}]}}