{"id":142489,"date":"2021-10-13T18:00:00","date_gmt":"2021-10-13T17:00:00","guid":{"rendered":"http:\/\/www.tucomarca.com\/wordpress\/segunda\/?p=142489"},"modified":"2021-10-13T19:57:55","modified_gmt":"2021-10-13T18:57:55","slug":"xest-celebra-el-tradicional-berenar-de-jubilats-i-jubilades-amb-lactuacio-en-directe-de-les-primeres-bandes-de-pop-rock-locals","status":"publish","type":"post","link":"https:\/\/tucomarca.whitekongsoftware.com\/ca\/xest-celebra-el-tradicional-berenar-de-jubilats-i-jubilades-amb-lactuacio-en-directe-de-les-primeres-bandes-de-pop-rock-locals\/","title":{"rendered":"Xest celebra el tradicional berenar de jubilats i jubilades amb l&#8217;actuaci\u00f3 en directe de les primeres bandes de pop-rock locals"},"content":{"rendered":"\n<p class=\"wp-block-paragraph\">La pla\u00e7a de l&#8217;Ermita va albergar dilluns passat, 11 d&#8217;octubre, el tradicional berenar de jubilats i jubilades, en el marc del programa de la XLVIII Festa de la Verema.<\/p>\n\n\n\n<p class=\"wp-block-paragraph\">El berenar va reunir m\u00e9s de 250 persones i va comptar amb l&#8217;actuaci\u00f3 de les tres primeres bandes de pop-rock chestanas: La Mestressa, Els Insectes i Els Colors, totes formades per m\u00fasics locals que van demostrar que encara conserven el ritme i carisma que els caracteritzava quan estaven en actiu, en els anys 60, 70 i 80. A poc a poc la pla\u00e7a va anar omplint-se de ve\u00efnes i ve\u00efns que, atrets per les can\u00e7ons que interpretaven els artistes, van abarrotar l&#8217;espai.<\/p>\n\n\n\n<p class=\"wp-block-paragraph\">Els xics i les xiques de la Verema, les seues mares i pares, la regidora de Comer\u00e7, Brenda Jim\u00e9nez, i el regidor de Festes, Ra\u00fal Mota, van ser els encarregats de repartir el berenar a totes les persones assistents, entregant un got de xocolate calent i una bossa amb rebosteria t\u00edpica de Cheste, on no podia faltar la t\u00edpica \u201ccoca de bous\u201d.<\/p>\n","protected":false},"excerpt":{"rendered":"<div class=\"mh-excerpt\">La pla\u00e7a de l&#8217;Ermita va albergar dilluns passat, 11 d&#8217;octubre, el tradicional berenar de jubilats i jubilades, en el marc del programa de la XLVIII Festa de la Verema. El berenar va reunir m\u00e9s de <a class=\"mh-excerpt-more\" href=\"https:\/\/tucomarca.whitekongsoftware.com\/ca\/xest-celebra-el-tradicional-berenar-de-jubilats-i-jubilades-amb-lactuacio-en-directe-de-les-primeres-bandes-de-pop-rock-locals\/\" title=\"Xest celebra el tradicional berenar de jubilats i jubilades amb l&#8217;actuaci\u00f3 en directe de les primeres bandes de pop-rock locals\">[+] <\/a><\/div>\n","protected":false},"author":12,"featured_media":142487,"comment_status":"open","ping_status":"open","sticky":false,"template":"","format":"standard","meta":{"footnotes":""},"categories":[11005,10894,10912,11004,11007,11008,10896,10974],"tags":[11071,10914],"class_list":["post-142489","post","type-post","status-publish","format-standard","has-post-thumbnail","category-canal-musica","category-la-comarca-ca","category-la-hoya-ca","category-la-semana-en-imagenes-ca","category-ocio-y-cultura-ca","category-pueblos-en-fiestas-ca","category-seccion-ca","category-cheste-ca","tag-cheste","tag-la-hoya-de-bunol-chiva-ca"],"_links":{"self":[{"href":"https:\/\/tucomarca.whitekongsoftware.com\/ca\/wp-json\/wp\/v2\/posts\/142489","targetHints":{"allow":["GET"]}}],"collection":[{"href":"https:\/\/tucomarca.whitekongsoftware.com\/ca\/wp-json\/wp\/v2\/posts"}],"about":[{"href":"https:\/\/tucomarca.whitekongsoftware.com\/ca\/wp-json\/wp\/v2\/types\/post"}],"author":[{"embeddable":true,"href":"https:\/\/tucomarca.whitekongsoftware.com\/ca\/wp-json\/wp\/v2\/users\/12"}],"replies":[{"embeddable":true,"href":"https:\/\/tucomarca.whitekongsoftware.com\/ca\/wp-json\/wp\/v2\/comments?post=142489"}],"version-history":[{"count":0,"href":"https:\/\/tucomarca.whitekongsoftware.com\/ca\/wp-json\/wp\/v2\/posts\/142489\/revisions"}],"wp:featuredmedia":[{"embeddable":true,"href":"https:\/\/tucomarca.whitekongsoftware.com\/ca\/wp-json\/wp\/v2\/media\/142487"}],"wp:attachment":[{"href":"https:\/\/tucomarca.whitekongsoftware.com\/ca\/wp-json\/wp\/v2\/media?parent=142489"}],"wp:term":[{"taxonomy":"category","embeddable":true,"href":"https:\/\/tucomarca.whitekongsoftware.com\/ca\/wp-json\/wp\/v2\/categories?post=142489"},{"taxonomy":"post_tag","embeddable":true,"href":"https:\/\/tucomarca.whitekongsoftware.com\/ca\/wp-json\/wp\/v2\/tags?post=142489"}],"curies":[{"name":"wp","href":"https:\/\/api.w.org\/{rel}","templated":true}]}}