{"id":142453,"date":"2021-10-12T11:00:00","date_gmt":"2021-10-12T10:00:00","guid":{"rendered":"http:\/\/www.tucomarca.com\/wordpress\/segunda\/?p=142453"},"modified":"2021-10-13T19:27:20","modified_gmt":"2021-10-13T18:27:20","slug":"el-segon-cap-de-setmana-de-festes-de-xest-arranca-amb-musica","status":"publish","type":"post","link":"https:\/\/tucomarca.whitekongsoftware.com\/ca\/el-segon-cap-de-setmana-de-festes-de-xest-arranca-amb-musica\/","title":{"rendered":"El segon cap de setmana de festes de Xest arranca amb m\u00fasica"},"content":{"rendered":"\n<h4 class=\"wp-block-heading\">El concert l\u00edric oferit pel tenor Mario Corber\u00e1n, al costat de la Banda Simf\u00f2nica i Cor de l&#8217;Associaci\u00f3 Musical La Lira va abarrotar l&#8217;esgl\u00e9sia i es va emportar una ovaci\u00f3 final<\/h4>\n\n\n\n<figure class=\"wp-block-gallery columns-2 is-cropped wp-block-gallery-1 is-layout-flex wp-block-gallery-is-layout-flex\"><ul class=\"blocks-gallery-grid\"><li class=\"blocks-gallery-item\"><figure><img loading=\"lazy\" decoding=\"async\" width=\"1024\" height=\"682\" src=\"http:\/\/www.tucomarca.com\/wordpress\/segunda\/wp-content\/uploads\/2021\/10\/ConciertoLiricoLaLiraMario1-1024x682.jpg\" alt=\"\" data-id=\"142438\" data-full-url=\"http:\/\/www.tucomarca.com\/wordpress\/segunda\/wp-content\/uploads\/2021\/10\/ConciertoLiricoLaLiraMario1.jpg\" data-link=\"http:\/\/www.tucomarca.com\/wordpress\/segunda\/?attachment_id=142438\" class=\"wp-image-142438\" srcset=\"https:\/\/tucomarca.whitekongsoftware.com\/wp-content\/uploads\/2021\/10\/ConciertoLiricoLaLiraMario1-1024x682.jpg 1024w, https:\/\/tucomarca.whitekongsoftware.com\/wp-content\/uploads\/2021\/10\/ConciertoLiricoLaLiraMario1-300x200.jpg 300w, https:\/\/tucomarca.whitekongsoftware.com\/wp-content\/uploads\/2021\/10\/ConciertoLiricoLaLiraMario1-768x512.jpg 768w, https:\/\/tucomarca.whitekongsoftware.com\/wp-content\/uploads\/2021\/10\/ConciertoLiricoLaLiraMario1.jpg 1181w\" sizes=\"auto, (max-width: 1024px) 100vw, 1024px\" \/><\/figure><\/li><li class=\"blocks-gallery-item\"><figure><img loading=\"lazy\" decoding=\"async\" width=\"1024\" height=\"682\" src=\"http:\/\/www.tucomarca.com\/wordpress\/segunda\/wp-content\/uploads\/2021\/10\/ConciertoLiricoLaLiraMario2-1024x682.jpg\" alt=\"\" data-id=\"142440\" data-full-url=\"http:\/\/www.tucomarca.com\/wordpress\/segunda\/wp-content\/uploads\/2021\/10\/ConciertoLiricoLaLiraMario2.jpg\" data-link=\"http:\/\/www.tucomarca.com\/wordpress\/segunda\/?attachment_id=142440\" class=\"wp-image-142440\" srcset=\"https:\/\/tucomarca.whitekongsoftware.com\/wp-content\/uploads\/2021\/10\/ConciertoLiricoLaLiraMario2-1024x682.jpg 1024w, https:\/\/tucomarca.whitekongsoftware.com\/wp-content\/uploads\/2021\/10\/ConciertoLiricoLaLiraMario2-300x200.jpg 300w, https:\/\/tucomarca.whitekongsoftware.com\/wp-content\/uploads\/2021\/10\/ConciertoLiricoLaLiraMario2-768x512.jpg 768w, https:\/\/tucomarca.whitekongsoftware.com\/wp-content\/uploads\/2021\/10\/ConciertoLiricoLaLiraMario2.jpg 1181w\" sizes=\"auto, (max-width: 1024px) 100vw, 1024px\" \/><\/figure><\/li><li class=\"blocks-gallery-item\"><figure><img loading=\"lazy\" decoding=\"async\" width=\"1024\" height=\"682\" src=\"http:\/\/www.tucomarca.com\/wordpress\/segunda\/wp-content\/uploads\/2021\/10\/ConciertoLiricoLaLiraMario3-1024x682.jpg\" alt=\"\" data-id=\"142442\" data-full-url=\"http:\/\/www.tucomarca.com\/wordpress\/segunda\/wp-content\/uploads\/2021\/10\/ConciertoLiricoLaLiraMario3.jpg\" data-link=\"http:\/\/www.tucomarca.com\/wordpress\/segunda\/?attachment_id=142442\" class=\"wp-image-142442\" srcset=\"https:\/\/tucomarca.whitekongsoftware.com\/wp-content\/uploads\/2021\/10\/ConciertoLiricoLaLiraMario3-1024x682.jpg 1024w, https:\/\/tucomarca.whitekongsoftware.com\/wp-content\/uploads\/2021\/10\/ConciertoLiricoLaLiraMario3-300x200.jpg 300w, https:\/\/tucomarca.whitekongsoftware.com\/wp-content\/uploads\/2021\/10\/ConciertoLiricoLaLiraMario3-768x512.jpg 768w, https:\/\/tucomarca.whitekongsoftware.com\/wp-content\/uploads\/2021\/10\/ConciertoLiricoLaLiraMario3.jpg 1181w\" sizes=\"auto, (max-width: 1024px) 100vw, 1024px\" \/><\/figure><\/li><li class=\"blocks-gallery-item\"><figure><img loading=\"lazy\" decoding=\"async\" width=\"1024\" height=\"682\" src=\"http:\/\/www.tucomarca.com\/wordpress\/segunda\/wp-content\/uploads\/2021\/10\/ConciertoLiricoLaLiraMario4-1024x682.jpg\" alt=\"\" data-id=\"142444\" data-full-url=\"http:\/\/www.tucomarca.com\/wordpress\/segunda\/wp-content\/uploads\/2021\/10\/ConciertoLiricoLaLiraMario4.jpg\" data-link=\"http:\/\/www.tucomarca.com\/wordpress\/segunda\/?attachment_id=142444\" class=\"wp-image-142444\" srcset=\"https:\/\/tucomarca.whitekongsoftware.com\/wp-content\/uploads\/2021\/10\/ConciertoLiricoLaLiraMario4-1024x682.jpg 1024w, https:\/\/tucomarca.whitekongsoftware.com\/wp-content\/uploads\/2021\/10\/ConciertoLiricoLaLiraMario4-300x200.jpg 300w, https:\/\/tucomarca.whitekongsoftware.com\/wp-content\/uploads\/2021\/10\/ConciertoLiricoLaLiraMario4-768x512.jpg 768w, https:\/\/tucomarca.whitekongsoftware.com\/wp-content\/uploads\/2021\/10\/ConciertoLiricoLaLiraMario4.jpg 1181w\" sizes=\"auto, (max-width: 1024px) 100vw, 1024px\" \/><\/figure><\/li><li class=\"blocks-gallery-item\"><figure><img loading=\"lazy\" decoding=\"async\" width=\"1024\" height=\"682\" src=\"http:\/\/www.tucomarca.com\/wordpress\/segunda\/wp-content\/uploads\/2021\/10\/ConciertoAcustico_5-1024x682.jpg\" alt=\"\" data-id=\"142446\" data-full-url=\"http:\/\/www.tucomarca.com\/wordpress\/segunda\/wp-content\/uploads\/2021\/10\/ConciertoAcustico_5.jpg\" data-link=\"http:\/\/www.tucomarca.com\/wordpress\/segunda\/?attachment_id=142446\" class=\"wp-image-142446\" srcset=\"https:\/\/tucomarca.whitekongsoftware.com\/wp-content\/uploads\/2021\/10\/ConciertoAcustico_5-1024x682.jpg 1024w, https:\/\/tucomarca.whitekongsoftware.com\/wp-content\/uploads\/2021\/10\/ConciertoAcustico_5-300x200.jpg 300w, https:\/\/tucomarca.whitekongsoftware.com\/wp-content\/uploads\/2021\/10\/ConciertoAcustico_5-768x512.jpg 768w, https:\/\/tucomarca.whitekongsoftware.com\/wp-content\/uploads\/2021\/10\/ConciertoAcustico_5.jpg 1181w\" sizes=\"auto, (max-width: 1024px) 100vw, 1024px\" \/><\/figure><\/li><li class=\"blocks-gallery-item\"><figure><img loading=\"lazy\" decoding=\"async\" width=\"1024\" height=\"682\" src=\"http:\/\/www.tucomarca.com\/wordpress\/segunda\/wp-content\/uploads\/2021\/10\/ConciertoAcustico_6-1024x682.jpg\" alt=\"\" data-id=\"142448\" data-full-url=\"http:\/\/www.tucomarca.com\/wordpress\/segunda\/wp-content\/uploads\/2021\/10\/ConciertoAcustico_6.jpg\" data-link=\"http:\/\/www.tucomarca.com\/wordpress\/segunda\/?attachment_id=142448\" class=\"wp-image-142448\" srcset=\"https:\/\/tucomarca.whitekongsoftware.com\/wp-content\/uploads\/2021\/10\/ConciertoAcustico_6-1024x682.jpg 1024w, https:\/\/tucomarca.whitekongsoftware.com\/wp-content\/uploads\/2021\/10\/ConciertoAcustico_6-300x200.jpg 300w, https:\/\/tucomarca.whitekongsoftware.com\/wp-content\/uploads\/2021\/10\/ConciertoAcustico_6-768x512.jpg 768w, https:\/\/tucomarca.whitekongsoftware.com\/wp-content\/uploads\/2021\/10\/ConciertoAcustico_6.jpg 1181w\" sizes=\"auto, (max-width: 1024px) 100vw, 1024px\" \/><\/figure><\/li><li class=\"blocks-gallery-item\"><figure><img loading=\"lazy\" decoding=\"async\" width=\"1024\" height=\"682\" src=\"http:\/\/www.tucomarca.com\/wordpress\/segunda\/wp-content\/uploads\/2021\/10\/ConciertoAcustico_7-1024x682.jpg\" alt=\"\" data-id=\"142450\" data-full-url=\"http:\/\/www.tucomarca.com\/wordpress\/segunda\/wp-content\/uploads\/2021\/10\/ConciertoAcustico_7.jpg\" data-link=\"http:\/\/www.tucomarca.com\/wordpress\/segunda\/?attachment_id=142450\" class=\"wp-image-142450\" srcset=\"https:\/\/tucomarca.whitekongsoftware.com\/wp-content\/uploads\/2021\/10\/ConciertoAcustico_7-1024x682.jpg 1024w, https:\/\/tucomarca.whitekongsoftware.com\/wp-content\/uploads\/2021\/10\/ConciertoAcustico_7-300x200.jpg 300w, https:\/\/tucomarca.whitekongsoftware.com\/wp-content\/uploads\/2021\/10\/ConciertoAcustico_7-768x512.jpg 768w, https:\/\/tucomarca.whitekongsoftware.com\/wp-content\/uploads\/2021\/10\/ConciertoAcustico_7.jpg 1181w\" sizes=\"auto, (max-width: 1024px) 100vw, 1024px\" \/><\/figure><\/li><\/ul><\/figure>\n\n\n\n<p class=\"wp-block-paragraph\">Divendres passat, 8 d&#8217;octubre, s&#8217;iniciava el segon cap de setmana de festes de la Verema amb dues actuacions musicals: un concert l\u00edric, a c\u00e0rrec de l&#8217;Associaci\u00f3 Musical La Lira en col\u00b7laboraci\u00f3 amb el tenor chestano Mario Corber\u00e1n; i el concert ac\u00fastic de Jazz &amp; Blues Try-o.<\/p>\n\n\n\n<p class=\"wp-block-paragraph\">Concert l\u00edric<br>El p\u00fablic va copar tota la capacitat de l&#8217;esgl\u00e9sia Sant Lluc Evangelista de Cheste, on va faltar espai per a albergar a totes les persones que es van acostar a escoltar la selecci\u00f3 de peces que anava a interpretar el tenor Mario Corber\u00e1n, al costat de la Banda Simf\u00f2nica i Cor de l&#8217;Associaci\u00f3 Musical La Lira.&nbsp;<\/p>\n\n\n\n<p class=\"wp-block-paragraph\">\u201c\u00c9s un gust veure l&#8217;aforament complet, l&#8217;esgl\u00e9sia plena de gent que ve a escoltar i donar suport als nostres m\u00fasics i cantants, als qui vull donar les gr\u00e0cies pel seu esfor\u00e7 per a preparar el programa que gaudirem aquesta vesprada\u201d, manifestava el regidor de Festes, Ra\u00fal Mota. \u201cEl concert l\u00edric de hui \u00e9s una de les novetats de la programaci\u00f3 d&#8217;aquestes festes de la Verema, ja que el g\u00e8nere oper\u00edstic no \u00e9s habitual en els repertoris que solem programar\u201d.<\/p>\n\n\n\n<p class=\"wp-block-paragraph\">El concert va arrancar amb el pasdoble El Gat Munt\u00e9s, de l&#8217;\u00f2pera hom\u00f2nima de Manuel Penella, interpretat per la Banda Simf\u00f2nica, sota la batuta de Javier Engu\u00eddanos Morat\u00f3. Despr\u00e9s es van anar succeint fragments de diferents \u00f2peres i sarsueles, alguns instrumentals i altres protagonitzats per la veu de Mario Corber\u00e1n. Entre altres, van sonar l&#8217;\u00c0ria Addio fiorito asil, de l&#8217;\u00f2pera Madame Butterfly, de Puccini; el Intermezzo de l&#8217;\u00f2pera Cavalleria Rusticana, de Mascagni; la roman\u00e7a No pot ser, de la sarsuela La tavernera del port, de Soroz\u00e1bal; o el Cor d&#8217;esclaus de l&#8217;\u00f2pera Nabucco, de Verdi; pe\u00e7a que va comptar amb la participaci\u00f3 de la coral de l&#8217;Associaci\u00f3 Musical La Lira de Cheste, amb el suport de cantants de Tur\u00eds, Chiva, Godelleta i Val\u00e8ncia.<\/p>\n\n\n\n<p class=\"wp-block-paragraph\">El concert va finalitzar amb una gran ovaci\u00f3 i la petici\u00f3 d&#8217;un bis per part del p\u00fablic.<\/p>\n\n\n\n<p class=\"wp-block-paragraph\">Concert ac\u00fastic<br>Despr\u00e9s de l&#8217;\u00e8xit a l&#8217;esgl\u00e9sia, va donar principi un concert ac\u00fastic a c\u00e0rrec de Jazz &amp; Blues Try-o al carrer P\u00e9rez Gald\u00f3s, on es va instal\u00b7lar un escenari des del qual els m\u00fasics de l&#8217;agrupaci\u00f3 van interpretar temes de soul, blues i jazz, amb Pawlak Weronika a la guitarra, Ricardo Casad\u00f3 al baix, i Laura Cub\u00ed a la percussi\u00f3 i veu.&nbsp;<\/p>\n\n\n\n<p class=\"wp-block-paragraph\">Durant quasi dues hores el trio va amenitzar la vetlada de les persones que van ocupar les terrasses dels locals del carrer, posant el fermall d&#8217;or a una vesprada musical de gran qualitat.<\/p>\n","protected":false},"excerpt":{"rendered":"<div class=\"mh-excerpt\">El concert l\u00edric oferit pel tenor Mario Corber\u00e1n, al costat de la Banda Simf\u00f2nica i Cor de l&#8217;Associaci\u00f3 Musical La Lira va abarrotar l&#8217;esgl\u00e9sia i es va emportar una ovaci\u00f3 final Divendres passat, 8 d&#8217;octubre, <a class=\"mh-excerpt-more\" href=\"https:\/\/tucomarca.whitekongsoftware.com\/ca\/el-segon-cap-de-setmana-de-festes-de-xest-arranca-amb-musica\/\" title=\"El segon cap de setmana de festes de Xest arranca amb m\u00fasica\">[+] <\/a><\/div>\n","protected":false},"author":12,"featured_media":142441,"comment_status":"open","ping_status":"open","sticky":false,"template":"","format":"gallery","meta":{"footnotes":""},"categories":[11005,10894,10912,11004,11007,11008,10896,10974],"tags":[11071,11789,10914],"class_list":["post-142453","post","type-post","status-publish","format-gallery","has-post-thumbnail","category-canal-musica","category-la-comarca-ca","category-la-hoya-ca","category-la-semana-en-imagenes-ca","category-ocio-y-cultura-ca","category-pueblos-en-fiestas-ca","category-seccion-ca","category-cheste-ca","tag-cheste","tag-fiestas-de-la-vendimia-de-cheste-ca","tag-la-hoya-de-bunol-chiva-ca","post_format-post-format-gallery"],"_links":{"self":[{"href":"https:\/\/tucomarca.whitekongsoftware.com\/ca\/wp-json\/wp\/v2\/posts\/142453","targetHints":{"allow":["GET"]}}],"collection":[{"href":"https:\/\/tucomarca.whitekongsoftware.com\/ca\/wp-json\/wp\/v2\/posts"}],"about":[{"href":"https:\/\/tucomarca.whitekongsoftware.com\/ca\/wp-json\/wp\/v2\/types\/post"}],"author":[{"embeddable":true,"href":"https:\/\/tucomarca.whitekongsoftware.com\/ca\/wp-json\/wp\/v2\/users\/12"}],"replies":[{"embeddable":true,"href":"https:\/\/tucomarca.whitekongsoftware.com\/ca\/wp-json\/wp\/v2\/comments?post=142453"}],"version-history":[{"count":0,"href":"https:\/\/tucomarca.whitekongsoftware.com\/ca\/wp-json\/wp\/v2\/posts\/142453\/revisions"}],"wp:featuredmedia":[{"embeddable":true,"href":"https:\/\/tucomarca.whitekongsoftware.com\/ca\/wp-json\/wp\/v2\/media\/142441"}],"wp:attachment":[{"href":"https:\/\/tucomarca.whitekongsoftware.com\/ca\/wp-json\/wp\/v2\/media?parent=142453"}],"wp:term":[{"taxonomy":"category","embeddable":true,"href":"https:\/\/tucomarca.whitekongsoftware.com\/ca\/wp-json\/wp\/v2\/categories?post=142453"},{"taxonomy":"post_tag","embeddable":true,"href":"https:\/\/tucomarca.whitekongsoftware.com\/ca\/wp-json\/wp\/v2\/tags?post=142453"}],"curies":[{"name":"wp","href":"https:\/\/api.w.org\/{rel}","templated":true}]}}