{"id":142318,"date":"2021-10-08T16:30:00","date_gmt":"2021-10-08T15:30:00","guid":{"rendered":"http:\/\/www.tucomarca.com\/wordpress\/segunda\/?p=142318"},"modified":"2021-10-09T11:13:47","modified_gmt":"2021-10-09T10:13:47","slug":"tornen-els-festejos-taurins-a-xest","status":"publish","type":"post","link":"https:\/\/tucomarca.whitekongsoftware.com\/ca\/tornen-els-festejos-taurins-a-xest\/","title":{"rendered":"Tornen els festejos taurins a Xest"},"content":{"rendered":"\n<p class=\"wp-block-paragraph\">L&#8217;Ajuntament de Cheste ha decidit reprendre els festejos taurins en la present festa de la Verema despr\u00e9s de l&#8217;anunci de la Generalitat Valenciana donant llum verda a la seua celebraci\u00f3.&nbsp;<\/p>\n\n\n\n<p class=\"wp-block-paragraph\">Els actes comen\u00e7aran dimecres que ve 13 d&#8217;octubre i l&#8217;Ajuntament i la penya taurina de Cheste i els ramaders, al costat de la Policia Local, estan ultimant els detalls per a aplicar el protocol marcat.<\/p>\n\n\n\n<figure class=\"wp-block-image size-large\"><img loading=\"lazy\" decoding=\"async\" width=\"1024\" height=\"768\" src=\"http:\/\/www.tucomarca.com\/wordpress\/segunda\/wp-content\/uploads\/2021\/10\/ChesteReunionMunicipiostaurinos-1024x768.jpg\" alt=\"\" class=\"wp-image-142314\" srcset=\"https:\/\/tucomarca.whitekongsoftware.com\/wp-content\/uploads\/2021\/10\/ChesteReunionMunicipiostaurinos-1024x768.jpg 1024w, https:\/\/tucomarca.whitekongsoftware.com\/wp-content\/uploads\/2021\/10\/ChesteReunionMunicipiostaurinos-300x225.jpg 300w, https:\/\/tucomarca.whitekongsoftware.com\/wp-content\/uploads\/2021\/10\/ChesteReunionMunicipiostaurinos-768x576.jpg 768w, https:\/\/tucomarca.whitekongsoftware.com\/wp-content\/uploads\/2021\/10\/ChesteReunionMunicipiostaurinos-678x509.jpg 678w, https:\/\/tucomarca.whitekongsoftware.com\/wp-content\/uploads\/2021\/10\/ChesteReunionMunicipiostaurinos-326x245.jpg 326w, https:\/\/tucomarca.whitekongsoftware.com\/wp-content\/uploads\/2021\/10\/ChesteReunionMunicipiostaurinos-80x60.jpg 80w, https:\/\/tucomarca.whitekongsoftware.com\/wp-content\/uploads\/2021\/10\/ChesteReunionMunicipiostaurinos.jpg 1181w\" sizes=\"auto, (max-width: 1024px) 100vw, 1024px\" \/><\/figure>\n\n\n\n<p class=\"wp-block-paragraph\">\u201cLa Generalitat torna a permetre un altre dels esdeveniments caracter\u00edstics de les nostres festes, les entr\u00e1s de bous i cavalls, un acte m\u00e9s que torna al carrer Chiva i una autoritzaci\u00f3 que arriba just a temps per a aquesta edici\u00f3 2021. Cheste ser\u00e0 un dels primers pobles en els quals tornen les vaquillas i el bou de la corda\u201d, apunta l&#8217;alcalde, Jos\u00e9 Morell. \u201cVam estar en la II Trobada de Municipis Taurins estudiant amb Conselleria els protocols que serien necessaris i ens hem coordinat a nivell local amb els representants taurins i la policia per a aplicar-los amb totes les garanties\u201d.<\/p>\n\n\n\n<p class=\"wp-block-paragraph\">La setmana taurina inclour\u00e0 entr\u00e1s de bous, una entr\u00e1 de bous amb cavalls, bous en pla\u00e7a, Gran Premi, i bou embolao del 13 al 17 d&#8217;octubre i, a m\u00e9s, el dissabte 23 se celebrar\u00e0 bou en corda.<\/p>\n","protected":false},"excerpt":{"rendered":"<div class=\"mh-excerpt\">L&#8217;Ajuntament de Cheste ha decidit reprendre els festejos taurins en la present festa de la Verema despr\u00e9s de l&#8217;anunci de la Generalitat Valenciana donant llum verda a la seua celebraci\u00f3.&nbsp; Els actes comen\u00e7aran dimecres que <a class=\"mh-excerpt-more\" href=\"https:\/\/tucomarca.whitekongsoftware.com\/ca\/tornen-els-festejos-taurins-a-xest\/\" title=\"Tornen els festejos taurins a Xest\">[+] <\/a><\/div>\n","protected":false},"author":12,"featured_media":142313,"comment_status":"open","ping_status":"open","sticky":false,"template":"","format":"standard","meta":{"footnotes":""},"categories":[11019,10894,10912,11007,11008,10896,10974],"tags":[11071,14401,10914],"class_list":["post-142318","post","type-post","status-publish","format-standard","has-post-thumbnail","category-agenda-ca","category-la-comarca-ca","category-la-hoya-ca","category-ocio-y-cultura-ca","category-pueblos-en-fiestas-ca","category-seccion-ca","category-cheste-ca","tag-cheste","tag-festejos-taurinos-ca","tag-la-hoya-de-bunol-chiva-ca"],"_links":{"self":[{"href":"https:\/\/tucomarca.whitekongsoftware.com\/ca\/wp-json\/wp\/v2\/posts\/142318","targetHints":{"allow":["GET"]}}],"collection":[{"href":"https:\/\/tucomarca.whitekongsoftware.com\/ca\/wp-json\/wp\/v2\/posts"}],"about":[{"href":"https:\/\/tucomarca.whitekongsoftware.com\/ca\/wp-json\/wp\/v2\/types\/post"}],"author":[{"embeddable":true,"href":"https:\/\/tucomarca.whitekongsoftware.com\/ca\/wp-json\/wp\/v2\/users\/12"}],"replies":[{"embeddable":true,"href":"https:\/\/tucomarca.whitekongsoftware.com\/ca\/wp-json\/wp\/v2\/comments?post=142318"}],"version-history":[{"count":0,"href":"https:\/\/tucomarca.whitekongsoftware.com\/ca\/wp-json\/wp\/v2\/posts\/142318\/revisions"}],"wp:featuredmedia":[{"embeddable":true,"href":"https:\/\/tucomarca.whitekongsoftware.com\/ca\/wp-json\/wp\/v2\/media\/142313"}],"wp:attachment":[{"href":"https:\/\/tucomarca.whitekongsoftware.com\/ca\/wp-json\/wp\/v2\/media?parent=142318"}],"wp:term":[{"taxonomy":"category","embeddable":true,"href":"https:\/\/tucomarca.whitekongsoftware.com\/ca\/wp-json\/wp\/v2\/categories?post=142318"},{"taxonomy":"post_tag","embeddable":true,"href":"https:\/\/tucomarca.whitekongsoftware.com\/ca\/wp-json\/wp\/v2\/tags?post=142318"}],"curies":[{"name":"wp","href":"https:\/\/api.w.org\/{rel}","templated":true}]}}