{"id":142309,"date":"2021-10-08T20:15:00","date_gmt":"2021-10-08T19:15:00","guid":{"rendered":"http:\/\/www.tucomarca.com\/wordpress\/segunda\/?p=142309"},"modified":"2021-10-09T11:44:06","modified_gmt":"2021-10-09T10:44:06","slug":"riba-roja-registra-el-record-de-contractacio-en-els-dos-ultims-anys-amb-2-320-el-mes-de-setembre-i-redueix-la-llista-de-latur-en-altres-23-persones","status":"publish","type":"post","link":"https:\/\/tucomarca.whitekongsoftware.com\/ca\/riba-roja-registra-el-record-de-contractacio-en-els-dos-ultims-anys-amb-2-320-el-mes-de-setembre-i-redueix-la-llista-de-latur-en-altres-23-persones\/","title":{"rendered":"Riba-roja registra el r\u00e8cord de contractaci\u00f3 en els dos \u00faltims anys amb 2.320 el mes de setembre i redueix la llista de l&#8217;atur en altres 23 persones"},"content":{"rendered":"\n<h4 class=\"wp-block-heading\">El nivell de contractaci\u00f3 augmenta en un 7\u20194% m\u00e9s entre aqueixos dos anys<\/h4>\n\n\n\n<p class=\"wp-block-paragraph\">Riba-roja de T\u00faria ha registrat les millores xifres en formalitzaci\u00f3 de contractes laborals en els dos \u00faltims anys despr\u00e9s dels 2.320 formalitzats durant el mes de setembre passat i millores les dades dels dos \u00faltims anys, molt per damunt de les quals van tindre lloc abans de la pand\u00e8mia. Aquestes xifres es completen amb una reducci\u00f3 de la taxa de l&#8217;atur en altres 23 persones en el final d&#8217;aquest estiu.&nbsp;<\/p>\n\n\n\n<p class=\"wp-block-paragraph\">Les dades elaborades i publicades per Labora, l&#8217;organisme auton\u00f2mic encarregat de la formaci\u00f3 i l&#8217;ocupaci\u00f3 en la Comunitat Valenciana, s\u00f3n categ\u00f2riques sobre el bon ritme que en els \u00faltims mesos s&#8217;ha experimentat a Riba-roja de T\u00faria en creixement econ\u00f2mic amb les contractacions laborals per part de les empreses dels pol\u00edgons i les pimes de la localitat.&nbsp;<\/p>\n\n\n\n<p class=\"wp-block-paragraph\">L&#8217;actualitzaci\u00f3 de les xifres econ\u00f2miques i laborals a Riba-roja de T\u00faria ha revelat que durant el mes de setembre passat es van formalitzar un 32\u20194% m\u00e9s de contractes que a l&#8217;agost en passar dels 1.753 als 2.320, \u00e9s a dir, 567 m\u00e9s. D&#8217;aquesta manera, la localitat de Riba-roja de T\u00faria ha registrat un total de 17.948 contractes laborals en el que portem d&#8217;any 2021, mancant tres mesos que falta per a concloure.&nbsp;<\/p>\n\n\n\n<p class=\"wp-block-paragraph\">Si es comparen aquestes xifres amb les precedents, cal destacar un increment notable a Riba-roja de T\u00faria. Aix\u00ed, al setembre de 2020 es van realitzar 1.757 contractes laborals, en plena crisi sanit\u00e0ria per la pand\u00e8mia mentre que, justament, fa dos anys, en 2019, es van formalitzar un total de 2.160 contractes laborals, \u00e9s a dir, 160 menys que al setembre de l&#8217;any 2021. L&#8217;increment entre aqueixos dos anys va ser d&#8217;un&nbsp;<\/p>\n\n\n\n<p class=\"wp-block-paragraph\">La progressi\u00f3 dels contractes laborals al llarg d&#8217;enguany est\u00e0 prop de superar les xifres que es van registrar l&#8217;any 2020, en plena pand\u00e8mia, amb un total de 19.503 enfront dels 17.948 d&#8217;aquest mateix exercici. El passat exercici, dels 19.503 contractes laborals un total de 13.144 van correspondre a homes mentre que els restants 6.359 van ser de dones.&nbsp;<\/p>\n\n\n\n<p class=\"wp-block-paragraph\">Per franges d&#8217;edat, els contractes del passat mes de setembre van correspondre en 809 a homes d&#8217;entre 25 i 44 anys, altres 555 a dones en la mateixa franja entre 25 i 44, altres 310 a homes majors de 44 anys, aix\u00ed com altres 300 a homes menors de 25 anys, altres 195 a dones majors de 44 anys i, finalment, 151 a dones menors de 25 anys.&nbsp;<\/p>\n\n\n\n<p class=\"wp-block-paragraph\">Per sectors d&#8217;activitat, els contractes laborals de Riba-roja de T\u00faria es van realitzar en la seua majoria en el sector dels serveis amb 1.672 contractes, altres 555 en el sector industrial, 80 contractes en la construcci\u00f3 i, finalment, 13 en l&#8217;agricultura. En tipus de contractes, 2.104 sobre el global tenen car\u00e0cter temporal mentre que els restants 216 corresponen a contractes de tipus indefinit. A m\u00e9s, 1.779 d&#8217;ells s\u00f3n a jornada completa mentre que els restants 541 s\u00f3n parcials.<\/p>\n\n\n\n<p class=\"wp-block-paragraph\">Quant a la taxa d&#8217;atur, al setembre passat es va reduir en 23 persones, de manera que dels 1.722 del mes anterior d&#8217;agost s&#8217;ha passat als 1.699 de l&#8217;actualitat. D&#8217;ells, 1.036 dels aturats s\u00f3n dones mentre que els restants 663 s\u00f3n homes. Amb la rebaixa experimentada, dels 23 aturats menys un total de 18 s\u00f3n dones mentre que els restants 5 s\u00f3n homes.&nbsp;<\/p>\n\n\n\n<p class=\"wp-block-paragraph\">La majoria dels aturats de Riba-roja de T\u00faria s\u00f3n del sector serveis amb 1.228 persones, altres 226 del sector dels serveis, 127 de la construcci\u00f3 i, finalment, 49 corresponen a l&#8217;agricultura. A m\u00e9s, cal destacar que s\u00f3n la franja de les dones majors de 44 anys les que suporten un major nivell d&#8217;atur amb 558, seguides de les dones d&#8217;entre 25 i 44 anys amb un total de 402 persones i, finalment, els homes majors de 44 anys sumen un total de 342 en total.&nbsp;<\/p>\n\n\n\n<p class=\"wp-block-paragraph\">L&#8217;alcalde de Riba-roja de T\u00faria, Robert Raga, ha afirmat que es tracta de \u201cdades molt positives que reafirmen la tend\u00e8ncia positiva amb una evoluci\u00f3 ascendent en el cas de les contractacions laborals mentre que en l&#8217;atur s&#8217;ha redu\u00eft la taxa en el final d&#8217;aquest estiu, per\u00f2 hem de continuar en la mateixa l\u00ednia de treball, amb mesures municipals que ajuden al creixement de les nostres empreses i, per tant, de creaci\u00f3 de nous llocs de treball\u201d.<\/p>\n\n\n\n<p class=\"wp-block-paragraph\"><\/p>\n","protected":false},"excerpt":{"rendered":"<div class=\"mh-excerpt\">El nivell de contractaci\u00f3 augmenta en un 7\u20194% m\u00e9s entre aqueixos dos anys Riba-roja de T\u00faria ha registrat les millores xifres en formalitzaci\u00f3 de contractes laborals en els dos \u00faltims anys despr\u00e9s dels 2.320 formalitzats <a class=\"mh-excerpt-more\" href=\"https:\/\/tucomarca.whitekongsoftware.com\/ca\/riba-roja-registra-el-record-de-contractacio-en-els-dos-ultims-anys-amb-2-320-el-mes-de-setembre-i-redueix-la-llista-de-latur-en-altres-23-persones\/\" title=\"Riba-roja registra el r\u00e8cord de contractaci\u00f3 en els dos \u00faltims anys amb 2.320 el mes de setembre i redueix la llista de l&#8217;atur en altres 23 persones\">[+] <\/a><\/div>\n","protected":false},"author":12,"featured_media":131953,"comment_status":"open","ping_status":"open","sticky":false,"template":"","format":"standard","meta":{"footnotes":""},"categories":[10892,10948,10894,10947,10906,10896],"tags":[10899,11969,15624,15024],"class_list":["post-142309","post","type-post","status-publish","format-standard","has-post-thumbnail","category-camp-de-turia-ca","category-infraestructuras-ca","category-la-comarca-ca","category-politica","category-riba-roja-ca","category-seccion-ca","tag-camp-de-turia-ca","tag-paro-ca","tag-record-de-contratacion-ca","tag-riba-roja-de-turia-ca"],"_links":{"self":[{"href":"https:\/\/tucomarca.whitekongsoftware.com\/ca\/wp-json\/wp\/v2\/posts\/142309","targetHints":{"allow":["GET"]}}],"collection":[{"href":"https:\/\/tucomarca.whitekongsoftware.com\/ca\/wp-json\/wp\/v2\/posts"}],"about":[{"href":"https:\/\/tucomarca.whitekongsoftware.com\/ca\/wp-json\/wp\/v2\/types\/post"}],"author":[{"embeddable":true,"href":"https:\/\/tucomarca.whitekongsoftware.com\/ca\/wp-json\/wp\/v2\/users\/12"}],"replies":[{"embeddable":true,"href":"https:\/\/tucomarca.whitekongsoftware.com\/ca\/wp-json\/wp\/v2\/comments?post=142309"}],"version-history":[{"count":0,"href":"https:\/\/tucomarca.whitekongsoftware.com\/ca\/wp-json\/wp\/v2\/posts\/142309\/revisions"}],"wp:featuredmedia":[{"embeddable":true,"href":"https:\/\/tucomarca.whitekongsoftware.com\/ca\/wp-json\/wp\/v2\/media\/131953"}],"wp:attachment":[{"href":"https:\/\/tucomarca.whitekongsoftware.com\/ca\/wp-json\/wp\/v2\/media?parent=142309"}],"wp:term":[{"taxonomy":"category","embeddable":true,"href":"https:\/\/tucomarca.whitekongsoftware.com\/ca\/wp-json\/wp\/v2\/categories?post=142309"},{"taxonomy":"post_tag","embeddable":true,"href":"https:\/\/tucomarca.whitekongsoftware.com\/ca\/wp-json\/wp\/v2\/tags?post=142309"}],"curies":[{"name":"wp","href":"https:\/\/api.w.org\/{rel}","templated":true}]}}