{"id":142271,"date":"2021-10-08T17:00:00","date_gmt":"2021-10-08T16:00:00","guid":{"rendered":"http:\/\/www.tucomarca.com\/wordpress\/segunda\/?p=142271"},"modified":"2021-10-09T11:12:04","modified_gmt":"2021-10-09T10:12:04","slug":"la-diputacio-inicia-les-obres-de-millora-de-la-seguretat-en-la-carretera-que-connecta-real-i-dos-aguas","status":"publish","type":"post","link":"https:\/\/tucomarca.whitekongsoftware.com\/ca\/la-diputacio-inicia-les-obres-de-millora-de-la-seguretat-en-la-carretera-que-connecta-real-i-dos-aguas\/","title":{"rendered":"La Diputaci\u00f3 inicia les obres de millora de la seguretat en la carretera que connecta Real i Dos Aguas"},"content":{"rendered":"\n<h4 class=\"wp-block-heading\"><strong>L&#8217;\u00e0rea d&#8217;Infraestructures que dirigix Rafa Garc\u00eda renovar\u00e0 el tra\u00e7at i ampliar\u00e0 la plataforma de la CV-435, concretament en el tram que va des de Real fins a Montroi, considerat com a punt de concentraci\u00f3 d&#8217;accidents<\/strong><\/h4>\n\n\n\n<h4 class=\"wp-block-heading\"><strong>La inversi\u00f3 aproximada supera els 3,2 milions d&#8217;euros, i la duraci\u00f3 de l&#8217;obra \u00e9s d&#8217;aproximadament 8 mesos, estant prevista la seua finalitzaci\u00f3 per al mes de juny de 2022<\/strong><\/h4>\n\n\n\n<p class=\"wp-block-paragraph\">La Diputaci\u00f3 de Val\u00e8ncia ha iniciat les obres de condicionament del tra\u00e7at de la carretera CV-435, que unix les localitats de Real i Dos Aguas, a la comarca de la Ribera. Concretament, el tram sobre el qual recauran els treballs \u00e9s el compr\u00e9s entre el nucli urb\u00e0 de Real i la CV-422, en el terme municipal de Montroi.<\/p>\n\n\n\n<p class=\"wp-block-paragraph\">La inversi\u00f3 total de la intervenci\u00f3 ascendix als 3,2 milions d&#8217;euros, sent el termini estimat de duraci\u00f3 de les obres de 8 mesos aproximadament, per la qual cosa la seua finalitzaci\u00f3 i obertura al tr\u00e0nsit est\u00e0 prevista per al mes de juny de 2022.<\/p>\n\n\n\n<p class=\"wp-block-paragraph\">Es tracta d&#8217;una actuaci\u00f3 fonamental per a millorar la seguretat d&#8217;esta via, considerada com a Tram de Concentraci\u00f3 d&#8217;Accidents (TCA), ja que compta amb una plataforma molt estreta i un tra\u00e7at inadequat, sense vorals i amb el paviment en mal estat, sens dubte insuficient per al tr\u00e0nsit que suporta.<\/p>\n\n\n\n<p class=\"wp-block-paragraph\">A m\u00e9s, el tram objecte de les obres presenta una quantitat considerable d&#8217;accessos directes a la carretera en condicions de visibilitat i tr\u00e0nsit diverses, alternant accessos a ind\u00fastries amb accessos agr\u00edcoles i interseccions amb camins a nuclis residencials.<\/p>\n\n\n\n<p class=\"wp-block-paragraph\">Per tot aix\u00f2, els treballs consistiran en l&#8217;ampliaci\u00f3 de la plataforma, dotant a la mateixa de vorals de seguretat, a m\u00e9s de millorar el tra\u00e7at i les interseccions existents.<\/p>\n\n\n\n<p class=\"wp-block-paragraph\">L&#8217;actuaci\u00f3 preveu tamb\u00e9 l&#8217;execuci\u00f3 de voreres en tots dos marges de la carretera en el tram urb\u00e0, donant-se continu\u00eftat a la vorera del marge esquerre, fora ja del tram urb\u00e0, per a dotar d&#8217;acc\u00e9s per als vianants i ciclista al poliesportiu municipal.<\/p>\n\n\n\n<p class=\"wp-block-paragraph\">D&#8217;esta manera, l&#8217;\u00e0rea de Carreteres i Infraestructures que dirigix el diputat Rafa Garc\u00eda continua donant respostes a la seua prioritat d&#8217;augmentar la seguretat vi\u00e0ria de les diferents maneres de transport, i realitzar actuacions que redunden directament en benefici dels usuaris de la xarxa provincial de carreteres.<\/p>\n\n\n\n<p class=\"wp-block-paragraph\"><\/p>\n","protected":false},"excerpt":{"rendered":"<div class=\"mh-excerpt\">L&#8217;\u00e0rea d&#8217;Infraestructures que dirigix Rafa Garc\u00eda renovar\u00e0 el tra\u00e7at i ampliar\u00e0 la plataforma de la CV-435, concretament en el tram que va des de Real fins a Montroi, considerat com a punt de concentraci\u00f3 d&#8217;accidents <a class=\"mh-excerpt-more\" href=\"https:\/\/tucomarca.whitekongsoftware.com\/ca\/la-diputacio-inicia-les-obres-de-millora-de-la-seguretat-en-la-carretera-que-connecta-real-i-dos-aguas\/\" title=\"La Diputaci\u00f3 inicia les obres de millora de la seguretat en la carretera que connecta Real i Dos Aguas\">[+] <\/a><\/div>\n","protected":false},"author":12,"featured_media":142270,"comment_status":"open","ping_status":"open","sticky":false,"template":"","format":"standard","meta":{"footnotes":""},"categories":[10976,10898,10948,10894,10912,10902,11001,10947,10896],"tags":[11401,11132,14248,10914,13924,11356],"class_list":["post-142271","post","type-post","status-publish","format-standard","has-post-thumbnail","category-dos-aguas-ca","category-ventana-ca","category-infraestructuras-ca","category-la-comarca-ca","category-la-hoya-ca","category-la-ribera-ca","category-montroi-ca","category-politica","category-seccion-ca","tag-diputacion-de-valencia-ca","tag-dos-aguas","tag-infraestructuras-y-carreteras-ca","tag-la-hoya-de-bunol-chiva-ca","tag-montroi-ca","tag-ribera-alta-ca"],"_links":{"self":[{"href":"https:\/\/tucomarca.whitekongsoftware.com\/ca\/wp-json\/wp\/v2\/posts\/142271","targetHints":{"allow":["GET"]}}],"collection":[{"href":"https:\/\/tucomarca.whitekongsoftware.com\/ca\/wp-json\/wp\/v2\/posts"}],"about":[{"href":"https:\/\/tucomarca.whitekongsoftware.com\/ca\/wp-json\/wp\/v2\/types\/post"}],"author":[{"embeddable":true,"href":"https:\/\/tucomarca.whitekongsoftware.com\/ca\/wp-json\/wp\/v2\/users\/12"}],"replies":[{"embeddable":true,"href":"https:\/\/tucomarca.whitekongsoftware.com\/ca\/wp-json\/wp\/v2\/comments?post=142271"}],"version-history":[{"count":0,"href":"https:\/\/tucomarca.whitekongsoftware.com\/ca\/wp-json\/wp\/v2\/posts\/142271\/revisions"}],"wp:featuredmedia":[{"embeddable":true,"href":"https:\/\/tucomarca.whitekongsoftware.com\/ca\/wp-json\/wp\/v2\/media\/142270"}],"wp:attachment":[{"href":"https:\/\/tucomarca.whitekongsoftware.com\/ca\/wp-json\/wp\/v2\/media?parent=142271"}],"wp:term":[{"taxonomy":"category","embeddable":true,"href":"https:\/\/tucomarca.whitekongsoftware.com\/ca\/wp-json\/wp\/v2\/categories?post=142271"},{"taxonomy":"post_tag","embeddable":true,"href":"https:\/\/tucomarca.whitekongsoftware.com\/ca\/wp-json\/wp\/v2\/tags?post=142271"}],"curies":[{"name":"wp","href":"https:\/\/api.w.org\/{rel}","templated":true}]}}