{"id":142249,"date":"2021-10-07T07:00:00","date_gmt":"2021-10-07T06:00:00","guid":{"rendered":"http:\/\/www.tucomarca.com\/wordpress\/segunda\/?p=142249"},"modified":"2021-10-09T11:37:32","modified_gmt":"2021-10-09T10:37:32","slug":"valencia-turisme-participa-per-primera-vegada-en-el-certamen-professional-iftm-top-resa-de-paris","status":"publish","type":"post","link":"https:\/\/tucomarca.whitekongsoftware.com\/ca\/valencia-turisme-participa-per-primera-vegada-en-el-certamen-professional-iftm-top-resa-de-paris\/","title":{"rendered":"Val\u00e8ncia Turisme participa per primera vegada en el certamen professional IFTM Top Resa de Par\u00eds"},"content":{"rendered":"\n<figure class=\"wp-block-image size-large\"><img loading=\"lazy\" decoding=\"async\" width=\"1024\" height=\"768\" src=\"http:\/\/www.tucomarca.com\/wordpress\/segunda\/wp-content\/uploads\/2021\/10\/ParisValenciaTurisme2-1024x768.jpg\" alt=\"\" class=\"wp-image-142246\" srcset=\"https:\/\/tucomarca.whitekongsoftware.com\/wp-content\/uploads\/2021\/10\/ParisValenciaTurisme2-1024x768.jpg 1024w, https:\/\/tucomarca.whitekongsoftware.com\/wp-content\/uploads\/2021\/10\/ParisValenciaTurisme2-300x225.jpg 300w, https:\/\/tucomarca.whitekongsoftware.com\/wp-content\/uploads\/2021\/10\/ParisValenciaTurisme2-768x576.jpg 768w, https:\/\/tucomarca.whitekongsoftware.com\/wp-content\/uploads\/2021\/10\/ParisValenciaTurisme2-678x509.jpg 678w, https:\/\/tucomarca.whitekongsoftware.com\/wp-content\/uploads\/2021\/10\/ParisValenciaTurisme2-326x245.jpg 326w, https:\/\/tucomarca.whitekongsoftware.com\/wp-content\/uploads\/2021\/10\/ParisValenciaTurisme2-80x60.jpg 80w, https:\/\/tucomarca.whitekongsoftware.com\/wp-content\/uploads\/2021\/10\/ParisValenciaTurisme2.jpg 1181w\" sizes=\"auto, (max-width: 1024px) 100vw, 1024px\" \/><\/figure>\n\n\n\n<p class=\"wp-block-paragraph\">El diputat de Turisme de la Diputaci\u00f3 de Val\u00e8ncia, Jordi Mayor, ha visitat hui el certamen profesional IFTM Top Resa, que se celebra en el recinte firal Par\u00eds Port de Versailles i en el qual participa la corporaci\u00f3 provincial, per primera vegada, mitjan\u00e7ant la seua marca Val\u00e8ncia Turisme.<\/p>\n\n\n\n<p class=\"wp-block-paragraph\"><br>Jordi Mayor ha mantingut diferents trobades oficials i reunions de treball amb els responsables de l&#8217;Oficina Espanyola de Turisme (OET) de Par\u00eds i agents del sector, durant tota la jornada.&nbsp;<\/p>\n\n\n\n<p class=\"wp-block-paragraph\"><br>Des de dimarts passat i fins dem\u00e0 8 d&#8217;octubre, la fira acull la presentaci\u00f3 de novetats d&#8217;expositors francesos i tamb\u00e9 d&#8217;uns altres d&#8217;\u00e0mbit internacional relacionats amb sectors com el dels viatges, esdeveniments, el del turisme i l&#8217;oci, entre altres.&nbsp;<\/p>\n\n\n\n<p class=\"wp-block-paragraph\"><br>Val\u00e8ncia Turisme disposa d&#8217;un espai expositiu en el qual participen les destinacions de Cullera i Gandia, com dues de les principals destinacions del turisme vacacional franc\u00e8s a la prov\u00edncia de Val\u00e8ncia. En aquest espai tamb\u00e9 es troben la resta de marques tur\u00edstiques de la Comunitat Valenciana sota la marca Turisme Comunitat Valenciana, dins de l&#8217;estand de Turespa\u00f1a.&nbsp;<\/p>\n\n\n\n<p class=\"wp-block-paragraph\"><br>La participaci\u00f3 en aquesta fira complementa les presentacions gastron\u00f2miques realitzades conjuntament amb Visit Val\u00e8ncia el mes de setembre passat i refor\u00e7a l&#8217;aposta de la Diputaci\u00f3 de Val\u00e8ncia pel mercat franc\u00e8s, que ja se situa com el tercer en import\u00e0ncia tant per a la ciutat de Val\u00e8ncia com per a la prov\u00edncia.<\/p>\n","protected":false},"excerpt":{"rendered":"<div class=\"mh-excerpt\">El diputat de Turisme de la Diputaci\u00f3 de Val\u00e8ncia, Jordi Mayor, ha visitat hui el certamen profesional IFTM Top Resa, que se celebra en el recinte firal Par\u00eds Port de Versailles i en el qual <a class=\"mh-excerpt-more\" href=\"https:\/\/tucomarca.whitekongsoftware.com\/ca\/valencia-turisme-participa-per-primera-vegada-en-el-certamen-professional-iftm-top-resa-de-paris\/\" title=\"Val\u00e8ncia Turisme participa per primera vegada en el certamen professional IFTM Top Resa de Par\u00eds\">[+] <\/a><\/div>\n","protected":false},"author":12,"featured_media":142245,"comment_status":"open","ping_status":"open","sticky":false,"template":"","format":"standard","meta":{"footnotes":""},"categories":[10898,10948,10894,10904,11007,10947,10896],"tags":[11246,15610,12384,11404],"class_list":["post-142249","post","type-post","status-publish","format-standard","has-post-thumbnail","category-ventana-ca","category-infraestructuras-ca","category-la-comarca-ca","category-sin-categorizar-ca","category-ocio-y-cultura-ca","category-politica","category-seccion-ca","tag-diputacio-de-valencia-ca","tag-iftm-top-resa-de-paris-ca","tag-turisme-comunitat-valenciana-ca","tag-valencia-turisme-ca"],"_links":{"self":[{"href":"https:\/\/tucomarca.whitekongsoftware.com\/ca\/wp-json\/wp\/v2\/posts\/142249","targetHints":{"allow":["GET"]}}],"collection":[{"href":"https:\/\/tucomarca.whitekongsoftware.com\/ca\/wp-json\/wp\/v2\/posts"}],"about":[{"href":"https:\/\/tucomarca.whitekongsoftware.com\/ca\/wp-json\/wp\/v2\/types\/post"}],"author":[{"embeddable":true,"href":"https:\/\/tucomarca.whitekongsoftware.com\/ca\/wp-json\/wp\/v2\/users\/12"}],"replies":[{"embeddable":true,"href":"https:\/\/tucomarca.whitekongsoftware.com\/ca\/wp-json\/wp\/v2\/comments?post=142249"}],"version-history":[{"count":0,"href":"https:\/\/tucomarca.whitekongsoftware.com\/ca\/wp-json\/wp\/v2\/posts\/142249\/revisions"}],"wp:featuredmedia":[{"embeddable":true,"href":"https:\/\/tucomarca.whitekongsoftware.com\/ca\/wp-json\/wp\/v2\/media\/142245"}],"wp:attachment":[{"href":"https:\/\/tucomarca.whitekongsoftware.com\/ca\/wp-json\/wp\/v2\/media?parent=142249"}],"wp:term":[{"taxonomy":"category","embeddable":true,"href":"https:\/\/tucomarca.whitekongsoftware.com\/ca\/wp-json\/wp\/v2\/categories?post=142249"},{"taxonomy":"post_tag","embeddable":true,"href":"https:\/\/tucomarca.whitekongsoftware.com\/ca\/wp-json\/wp\/v2\/tags?post=142249"}],"curies":[{"name":"wp","href":"https:\/\/api.w.org\/{rel}","templated":true}]}}