{"id":142235,"date":"2021-10-07T08:00:00","date_gmt":"2021-10-07T07:00:00","guid":{"rendered":"http:\/\/www.tucomarca.com\/wordpress\/segunda\/?p=142235"},"modified":"2021-10-08T02:16:17","modified_gmt":"2021-10-08T01:16:17","slug":"la-mancomunitat-foia-de-bunyol-xiva-organitza-una-formacio-a-professionals-per-a-conjuminar-sinergies-i-potenciar-el-turisme-a-la-comarca","status":"publish","type":"post","link":"https:\/\/tucomarca.whitekongsoftware.com\/ca\/la-mancomunitat-foia-de-bunyol-xiva-organitza-una-formacio-a-professionals-per-a-conjuminar-sinergies-i-potenciar-el-turisme-a-la-comarca\/","title":{"rendered":"La Mancomunitat Foia de Bunyol-Xiva organitza una formaci\u00f3 a professionals per a conjuminar sinergies i potenciar el turisme a la comarca"},"content":{"rendered":"\n<h4 class=\"wp-block-heading\">L&#8217;objectiu \u00e9s fomentar la participaci\u00f3 d&#8217;hostalers, restauraci\u00f3 i empreses de transport i activitats perqu\u00e8 oferisquen experi\u00e8ncies tur\u00edstiques \u2018combinades\u2019<\/h4>\n\n\n\n<h4 class=\"wp-block-heading\">Les jornades est\u00e0 previst que es desenvolupen el mes d&#8217;octubre en diferents sessions, tant en l\u00ednia com presencials&nbsp;<\/h4>\n\n\n\n<p class=\"wp-block-paragraph\">La Mancomunitat Foia de Bunyol-Xiva, en el marc del Pla de Governan\u00e7a i Dinamitzaci\u00f3 Tur\u00edstica, ha organitzat unes jornades de formaci\u00f3 dirigides a professionals relacionats amb el sector turisme amb l&#8217;objectiu de conjuminar sinergies i oferir productes m\u00e9s atractius.<br>Aquestes jornades, tant en l\u00ednia com presencials, es desenvoluparan al llarg del mes d&#8217;octubre i van especialment dirigides a hostalers, restauraci\u00f3 i empreses de transport i de turisme actiu. En aquestes trobades se&#8217;ls explicar\u00e0 com configurar una experi\u00e8ncia tur\u00edstica i fomentar, al mateix temps, les experi\u00e8ncies \u2018combinades\u2019 de manera que aquesta resulte m\u00e9s atractiva per al potencial client\/turista.<br>Les sessions en l\u00ednia seran tres, amb el mateix contingut, i en diferents dies i horaris per a fomentar la participaci\u00f3 del major nombre d&#8217;empreses i interessats. La duraci\u00f3 estimada \u00e9s de 90-120 minuts els dies 14 d&#8217;octubre (a les 17.00 hores), el 15 d&#8217;octubre (a les 10.00 hores) i el 18 d&#8217;octubre (a les 19.00 hores).<br>En el cas de les sessions en l\u00ednia l&#8217;objectiu \u00e9s explicar com es dissenya una experi\u00e8ncia tur\u00edstica atractiva per als consumidors actuals, al mateix temps que se&#8217;ls exposar\u00e0 la possibilitat de dissenyar experi\u00e8ncies combinades entre empreses per a aconseguir un producte m\u00e9s complet a trav\u00e9s d&#8217;alguns exemples de casos d&#8217;\u00e8xit.<br>En una segona fase est\u00e0 prevista la realitzaci\u00f3 d&#8217;un networking presencial, que es realitzar\u00e0 el 20 d&#8217;octubre en l&#8217;Alberg Rural Actio a Alborache. Aquest consistir\u00e0 en una taula redona amb empreses, que comptar\u00e0 amb la participaci\u00f3 de Virgili Beltr\u00e1n, director de Actio Birding; Fran Lucha, director de OxyTours; i Miguel Minguet, gerent i propietari de Horta Viva.<br>La jornada inclou una taula t\u00e8cnica per a assessorament de temes legals i promocionals. En aquest cas amb la intervenci\u00f3 de Pedro Carrasco, gerent de CV ACTIVA; Rosa Molins, t\u00e8cnic de Turisme Comunitat Valenciana; i Juan Castro, director i propietari de \u2018Viatjar en fam\u00edlia\u2019.<br>Finalment tancar\u00e0 aquesta jornada una trobada networking dirigit.<br>La Mancomunitat Foia de Bu\u00f1ol-Chiva est\u00e0 formada pels municipis d&#8217;Alborache, Bu\u00f1ol, Cheste, Chiva, Dos Aguas, Godelleta, Macastre, Millares, Siete Aguas, Tur\u00eds, Y\u00e1tova i Cortes de Pall\u00e1s.<\/p>\n\n\n\n<p class=\"wp-block-paragraph\"><\/p>\n","protected":false},"excerpt":{"rendered":"<div class=\"mh-excerpt\">L&#8217;objectiu \u00e9s fomentar la participaci\u00f3 d&#8217;hostalers, restauraci\u00f3 i empreses de transport i activitats perqu\u00e8 oferisquen experi\u00e8ncies tur\u00edstiques \u2018combinades\u2019 Les jornades est\u00e0 previst que es desenvolupen el mes d&#8217;octubre en diferents sessions, tant en l\u00ednia com <a class=\"mh-excerpt-more\" href=\"https:\/\/tucomarca.whitekongsoftware.com\/ca\/la-mancomunitat-foia-de-bunyol-xiva-organitza-una-formacio-a-professionals-per-a-conjuminar-sinergies-i-potenciar-el-turisme-a-la-comarca\/\" title=\"La Mancomunitat Foia de Bunyol-Xiva organitza una formaci\u00f3 a professionals per a conjuminar sinergies i potenciar el turisme a la comarca\">[+] <\/a><\/div>\n","protected":false},"author":12,"featured_media":142234,"comment_status":"open","ping_status":"open","sticky":false,"template":"","format":"standard","meta":{"footnotes":""},"categories":[10973,10911,10976,10977,10980,10948,10894,10912,10978,10947,10896,10979,10974,10975],"tags":[10914,11514,15608,12962],"class_list":["post-142235","post","type-post","status-publish","format-standard","has-post-thumbnail","category-alborache-ca","category-bunol-ca","category-dos-aguas-ca","category-godelleta-ca","category-yatova-ca","category-infraestructuras-ca","category-la-comarca-ca","category-la-hoya-ca","category-macastre-ca","category-politica","category-seccion-ca","category-siete-aguas-ca","category-cheste-ca","category-chiva-ca","tag-la-hoya-de-bunol-chiva-ca","tag-mancomunidad-de-la-hoya-de-bunol-chiva-ca","tag-plan-de-gobernanza-y-dinamizacion-turistica-ca","tag-turismo-ca"],"_links":{"self":[{"href":"https:\/\/tucomarca.whitekongsoftware.com\/ca\/wp-json\/wp\/v2\/posts\/142235","targetHints":{"allow":["GET"]}}],"collection":[{"href":"https:\/\/tucomarca.whitekongsoftware.com\/ca\/wp-json\/wp\/v2\/posts"}],"about":[{"href":"https:\/\/tucomarca.whitekongsoftware.com\/ca\/wp-json\/wp\/v2\/types\/post"}],"author":[{"embeddable":true,"href":"https:\/\/tucomarca.whitekongsoftware.com\/ca\/wp-json\/wp\/v2\/users\/12"}],"replies":[{"embeddable":true,"href":"https:\/\/tucomarca.whitekongsoftware.com\/ca\/wp-json\/wp\/v2\/comments?post=142235"}],"version-history":[{"count":0,"href":"https:\/\/tucomarca.whitekongsoftware.com\/ca\/wp-json\/wp\/v2\/posts\/142235\/revisions"}],"wp:featuredmedia":[{"embeddable":true,"href":"https:\/\/tucomarca.whitekongsoftware.com\/ca\/wp-json\/wp\/v2\/media\/142234"}],"wp:attachment":[{"href":"https:\/\/tucomarca.whitekongsoftware.com\/ca\/wp-json\/wp\/v2\/media?parent=142235"}],"wp:term":[{"taxonomy":"category","embeddable":true,"href":"https:\/\/tucomarca.whitekongsoftware.com\/ca\/wp-json\/wp\/v2\/categories?post=142235"},{"taxonomy":"post_tag","embeddable":true,"href":"https:\/\/tucomarca.whitekongsoftware.com\/ca\/wp-json\/wp\/v2\/tags?post=142235"}],"curies":[{"name":"wp","href":"https:\/\/api.w.org\/{rel}","templated":true}]}}