{"id":142134,"date":"2021-10-06T12:00:00","date_gmt":"2021-10-06T11:00:00","guid":{"rendered":"http:\/\/www.tucomarca.com\/wordpress\/segunda\/?p=142134"},"modified":"2021-10-08T01:49:34","modified_gmt":"2021-10-08T00:49:34","slug":"requena-millora-el-parc-dels-pedrones","status":"publish","type":"post","link":"https:\/\/tucomarca.whitekongsoftware.com\/ca\/requena-millora-el-parc-dels-pedrones\/","title":{"rendered":"Requena millora el parc dels Pedrones"},"content":{"rendered":"\n<p class=\"wp-block-paragraph\">Des de l&#8217;Ajuntament de Requena s&#8217;informa de les millores que s&#8217;han efectuat al parc dels Pedrones, gr\u00e0cies al Pla d&#8217;Inversions de la Diputaci\u00f3 de Val\u00e8ncia. Aquestes millores s&#8217;han escom\u00e9s pel fet que el parc dels Pedrones presentava un estat molt deteriorat i necessitava amb urg\u00e8ncia una renovaci\u00f3 a fons.<\/p>\n\n\n\n<p class=\"wp-block-paragraph\">La soluci\u00f3 adoptada ha perseguit els seg\u00fcents objectius:<\/p>\n\n\n\n<ul class=\"wp-block-list\"><li>Adequaci\u00f3 i reparaci\u00f3 del ferm i paraments del front\u00f3, per a aconseguir una pista funcional.<\/li><li>Creaci\u00f3 d&#8217;un itinerari accessible dins del parc fins a l&#8217;arribada al centre social.<\/li><li>Mantindre una zona de terra per als tradicionals gaspatxos o paelles.<\/li><li>Creaci\u00f3 d&#8217;un espai ampli tipus &#8220;pla\u00e7a&#8221; per a la trobada dels ve\u00efns dels Pedrones, eliminant les escales i dotant el parc d&#8217;enllumenat.<\/li><li>Renovaci\u00f3 i reparaci\u00f3 dels jocs infantils i del mobiliari urb\u00e0.<\/li><\/ul>\n\n\n\n<p class=\"wp-block-paragraph\">Des del consistori requenense som conscients que l&#8217;actual estat de l&#8217;obra no compleix l&#8217;estipulat en el projecte original, sobretot quant als elements de joc, alguna cosa que, en tot cas, no ser\u00e0 en absolut definitiu. En cap moment s&#8217;han donat les obres per acabades ni s&#8217;ha signat l&#8217;Acta de recepci\u00f3. Les obres no es rebran fins que s&#8217;ajusten a les determinacions del projecte t\u00e8cnic aprovat i s&#8217;executen les millores oferides per l&#8217;empresa adjudicat\u00e0ria.<br>Tant els t\u00e8cnics com els serveis jur\u00eddics del consistori requenense estan estudiant prendre les mesures que s&#8217;estimen oportunes, sempre que no es complisca l&#8217;estipulat en el projecte, entre les quals s&#8217;inclou actuar contra l&#8217;empresa adjudicat\u00e0ria amb la impossibilitat de contractar amb l&#8217;administraci\u00f3 p\u00fablica local en un termini de dos anys.<br>Sens dubte pensem que aix\u00f2 seria l&#8217;\u00faltim recurs i esperem que el projecte es finalitze conforme al projecte estipulat, perqu\u00e8 la ciutadania dels Pedrones puga gaudir del parc completament renovat al m\u00e9s prompte possible.<\/p>\n\n\n\n<p class=\"wp-block-paragraph\"><\/p>\n","protected":false},"excerpt":{"rendered":"<div class=\"mh-excerpt\">Des de l&#8217;Ajuntament de Requena s&#8217;informa de les millores que s&#8217;han efectuat al parc dels Pedrones, gr\u00e0cies al Pla d&#8217;Inversions de la Diputaci\u00f3 de Val\u00e8ncia. Aquestes millores s&#8217;han escom\u00e9s pel fet que el parc dels <a class=\"mh-excerpt-more\" href=\"https:\/\/tucomarca.whitekongsoftware.com\/ca\/requena-millora-el-parc-dels-pedrones\/\" title=\"Requena millora el parc dels Pedrones\">[+] <\/a><\/div>\n","protected":false},"author":12,"featured_media":142137,"comment_status":"open","ping_status":"open","sticky":false,"template":"","format":"standard","meta":{"footnotes":""},"categories":[10948,10894,10947,10908,10909,10896],"tags":[15590,11099,11459],"class_list":["post-142134","post","type-post","status-publish","format-standard","has-post-thumbnail","category-infraestructuras-ca","category-la-comarca-ca","category-politica","category-requena-ca","category-requena-utiel-ca","category-seccion-ca","tag-los-pedrones-ca","tag-requena-ca","tag-utiel-requena-ca"],"_links":{"self":[{"href":"https:\/\/tucomarca.whitekongsoftware.com\/ca\/wp-json\/wp\/v2\/posts\/142134","targetHints":{"allow":["GET"]}}],"collection":[{"href":"https:\/\/tucomarca.whitekongsoftware.com\/ca\/wp-json\/wp\/v2\/posts"}],"about":[{"href":"https:\/\/tucomarca.whitekongsoftware.com\/ca\/wp-json\/wp\/v2\/types\/post"}],"author":[{"embeddable":true,"href":"https:\/\/tucomarca.whitekongsoftware.com\/ca\/wp-json\/wp\/v2\/users\/12"}],"replies":[{"embeddable":true,"href":"https:\/\/tucomarca.whitekongsoftware.com\/ca\/wp-json\/wp\/v2\/comments?post=142134"}],"version-history":[{"count":0,"href":"https:\/\/tucomarca.whitekongsoftware.com\/ca\/wp-json\/wp\/v2\/posts\/142134\/revisions"}],"wp:featuredmedia":[{"embeddable":true,"href":"https:\/\/tucomarca.whitekongsoftware.com\/ca\/wp-json\/wp\/v2\/media\/142137"}],"wp:attachment":[{"href":"https:\/\/tucomarca.whitekongsoftware.com\/ca\/wp-json\/wp\/v2\/media?parent=142134"}],"wp:term":[{"taxonomy":"category","embeddable":true,"href":"https:\/\/tucomarca.whitekongsoftware.com\/ca\/wp-json\/wp\/v2\/categories?post=142134"},{"taxonomy":"post_tag","embeddable":true,"href":"https:\/\/tucomarca.whitekongsoftware.com\/ca\/wp-json\/wp\/v2\/tags?post=142134"}],"curies":[{"name":"wp","href":"https:\/\/api.w.org\/{rel}","templated":true}]}}