{"id":142128,"date":"2021-10-05T19:00:00","date_gmt":"2021-10-05T18:00:00","guid":{"rendered":"http:\/\/www.tucomarca.com\/wordpress\/segunda\/?p=142128"},"modified":"2021-10-06T09:30:35","modified_gmt":"2021-10-06T08:30:35","slug":"sanitat-notifica-139-nous-casos-de-coronavirus-i-220-altes-en-la-comunitat-valenciana","status":"publish","type":"post","link":"https:\/\/tucomarca.whitekongsoftware.com\/ca\/sanitat-notifica-139-nous-casos-de-coronavirus-i-220-altes-en-la-comunitat-valenciana\/","title":{"rendered":"Sanitat notifica 139 nous casos de coronavirus i 220 altes en la Comunitat Valenciana"},"content":{"rendered":"\n<h4 class=\"wp-block-heading\">Nous casos per prov\u00edncies: 22 registrats en la de Castell\u00f3, 74 en la d&#8217;Alacant i 43 en la de Val\u00e8ncia<\/h4>\n\n\n\n<h4 class=\"wp-block-heading\">Els hospitals valencians tenen, actualment, 165 persones ingressades, 44 d&#8217;elles en l&#8217;UCI<\/h4>\n\n\n\n<p class=\"wp-block-paragraph\">La Conselleria de Sanitat Universal i Salut P\u00fablica ha notificat, des de l&#8217;\u00faltima actualitzaci\u00f3 del passat divendres, 139 casos nous de coronavirus confirmats per prova PCR o a trav\u00e9s de test d&#8217;ant\u00edgens. Amb aquests nous casos, la xifra total de positius se situa en 510.677 persones.<\/p>\n\n\n\n<p class=\"wp-block-paragraph\">Els nous casos per prov\u00edncies s\u00f3n 22 a Castell\u00f3 (53.146 en total); 74 a Alacant (187.335 en total) i 43 a Val\u00e8ncia (270.194 en total). Continua havent-hi 2 casos no assignats.<\/p>\n\n\n\n<p class=\"wp-block-paragraph\">A m\u00e9s, s&#8217;han registrat 220 altes a pacients amb coronavirus. D&#8217;aquesta manera, el nombre de persones que han superat la malaltia des que va comen\u00e7ar la pand\u00e8mia en la Comunitat Valenciana ascendeix a 512.189. Per prov\u00edncies, les altes es distribueixen aix\u00ed: 53.527 a Castell\u00f3, 187.161 a Alacant i 271.444 a Val\u00e8ncia. El total d&#8217;altes no assignades es mant\u00e9 en 57.<\/p>\n\n\n\n<p class=\"wp-block-paragraph\">Els hospitals valencians tenen, actualment, 165 persones ingressades, 44 d&#8217;elles en l&#8217;UCI: 27 a la prov\u00edncia de Castell\u00f3, 4 en UCI; 70 a la prov\u00edncia d&#8217;Alacant, 22 d&#8217;elles en l&#8217;UCI; i 68 a la prov\u00edncia de Val\u00e8ncia, 18 en UCI.<\/p>\n\n\n\n<p class=\"wp-block-paragraph\">A m\u00e9s, s&#8217;han registrat sis defuncions (5 en els \u00faltims set dies i 1 al juliol), per la qual cosa el total de decessos des de l&#8217;inici de la pand\u00e8mia \u00e9s 7.799: 843 a la prov\u00edncia de Castell\u00f3, 2.991 en la d&#8217;Alacant i 3.965 en la de Val\u00e8ncia.<\/p>\n\n\n\n<p class=\"wp-block-paragraph\">D&#8217;acord amb les dades registrades, en aquests moments hi ha 2.141 casos actius, la qual cosa suposa un 0,41% del total de positius.<\/p>\n\n\n\n<p class=\"wp-block-paragraph\">Des de l&#8217;\u00faltima actualitzaci\u00f3, no s&#8217;ha registrat cap brot de 10 o m\u00e9s casos.<\/p>\n\n\n\n<p class=\"wp-block-paragraph\"><\/p>\n","protected":false},"excerpt":{"rendered":"<div class=\"mh-excerpt\">Nous casos per prov\u00edncies: 22 registrats en la de Castell\u00f3, 74 en la d&#8217;Alacant i 43 en la de Val\u00e8ncia Els hospitals valencians tenen, actualment, 165 persones ingressades, 44 d&#8217;elles en l&#8217;UCI La Conselleria de <a class=\"mh-excerpt-more\" href=\"https:\/\/tucomarca.whitekongsoftware.com\/ca\/sanitat-notifica-139-nous-casos-de-coronavirus-i-220-altes-en-la-comunitat-valenciana\/\" title=\"Sanitat notifica 139 nous casos de coronavirus i 220 altes en la Comunitat Valenciana\">[+] <\/a><\/div>\n","protected":false},"author":12,"featured_media":141878,"comment_status":"open","ping_status":"open","sticky":false,"template":"","format":"standard","meta":{"footnotes":""},"categories":[11010,12202,10898,10948,10894,10904,10903,10947,10896,10897],"tags":[12165,11939,11940,13477],"class_list":["post-142128","post","type-post","status-publish","format-standard","has-post-thumbnail","category-canal-salud","category-covid-19-ca","category-ventana-ca","category-infraestructuras-ca","category-la-comarca-ca","category-sin-categorizar-ca","category-medio-ambiente-la-comarca-ca","category-politica","category-seccion-ca","category-sucesos-la-comarca-ca","tag-conselleria-de-sanitat-ca","tag-coronavirus-ca","tag-covid-19-ca","tag-datos-de-contagios-ca"],"_links":{"self":[{"href":"https:\/\/tucomarca.whitekongsoftware.com\/ca\/wp-json\/wp\/v2\/posts\/142128","targetHints":{"allow":["GET"]}}],"collection":[{"href":"https:\/\/tucomarca.whitekongsoftware.com\/ca\/wp-json\/wp\/v2\/posts"}],"about":[{"href":"https:\/\/tucomarca.whitekongsoftware.com\/ca\/wp-json\/wp\/v2\/types\/post"}],"author":[{"embeddable":true,"href":"https:\/\/tucomarca.whitekongsoftware.com\/ca\/wp-json\/wp\/v2\/users\/12"}],"replies":[{"embeddable":true,"href":"https:\/\/tucomarca.whitekongsoftware.com\/ca\/wp-json\/wp\/v2\/comments?post=142128"}],"version-history":[{"count":0,"href":"https:\/\/tucomarca.whitekongsoftware.com\/ca\/wp-json\/wp\/v2\/posts\/142128\/revisions"}],"wp:featuredmedia":[{"embeddable":true,"href":"https:\/\/tucomarca.whitekongsoftware.com\/ca\/wp-json\/wp\/v2\/media\/141878"}],"wp:attachment":[{"href":"https:\/\/tucomarca.whitekongsoftware.com\/ca\/wp-json\/wp\/v2\/media?parent=142128"}],"wp:term":[{"taxonomy":"category","embeddable":true,"href":"https:\/\/tucomarca.whitekongsoftware.com\/ca\/wp-json\/wp\/v2\/categories?post=142128"},{"taxonomy":"post_tag","embeddable":true,"href":"https:\/\/tucomarca.whitekongsoftware.com\/ca\/wp-json\/wp\/v2\/tags?post=142128"}],"curies":[{"name":"wp","href":"https:\/\/api.w.org\/{rel}","templated":true}]}}