{"id":142020,"date":"2021-10-04T12:08:00","date_gmt":"2021-10-04T11:08:00","guid":{"rendered":"http:\/\/www.tucomarca.com\/wordpress\/segunda\/?p=142020"},"modified":"2021-10-05T09:03:00","modified_gmt":"2021-10-05T08:03:00","slug":"riba-roja-de-turia-aprova-un-reconeixement-als-autors-locals-que-han-rebut-premis-en-els-ultims-mesos","status":"publish","type":"post","link":"https:\/\/tucomarca.whitekongsoftware.com\/ca\/riba-roja-de-turia-aprova-un-reconeixement-als-autors-locals-que-han-rebut-premis-en-els-ultims-mesos\/","title":{"rendered":"Riba-roja de T\u00faria aprova un reconeixement als autors locals que han rebut premis en els \u00faltims mesos"},"content":{"rendered":"\n<h4 class=\"wp-block-heading\">El ple enalteix la labor liter\u00e0ria dels quatre creadors&nbsp;<\/h4>\n\n\n\n<p class=\"wp-block-paragraph\">El ple de l&#8217;Ajuntament de Riba-roja de T\u00faria ha aprovat una proposta per a rendir un reconeixement p\u00fablic als autors i creadors literaris de la localitat que en els \u00faltims temps han rebut diversos premis pels seus relats. La proposta de l&#8217;equip de govern del PSPV ha comptat amb el suport de la resta dels partits amb representaci\u00f3 plen\u00e0ria com el Partit Popular, Ciutadans, Comprom\u00eds, Esquerra Unida, Podem Riba-roja Pot i, finalment, Vox.&nbsp;<\/p>\n\n\n\n<p class=\"wp-block-paragraph\">La moci\u00f3 aprovada pel ple de Riba-roja de T\u00faria se centra en el treball desenvolupat \u201cper quatre persones que saben que les paraules s\u00f3n les armes m\u00e9s poderoses per a transformar, millorar i canviar el m\u00f3n\u201d. En concret es tracta d&#8217;Inma Navarro Tom\u00e1s, Mar Busquets Mataix, Mari Trini Garc\u00eda Merino i, finalment, \u00d3scar Hern\u00e1ndez Campano, tots ells premiats amb els seus respectius guardons.&nbsp;<\/p>\n\n\n\n<p class=\"wp-block-paragraph\">El ple de Riba-roja de T\u00faria destaca que es tracta de persones de la localitat que han rebut un premi recentment \u201cper la qualitat de les seues paraules i el valor de les seues obres escrites, que es mereixen un reconeixement i una felicitaci\u00f3 d&#8217;aquesta corporaci\u00f3, d&#8217;ells tres premis s&#8217;han concedit en temps de pand\u00e8mia, on la literatura encara t\u00e9 m\u00e9s for\u00e7a i significat com a font de creativitat i coneixement\u201d.&nbsp;<\/p>\n\n\n\n<p class=\"wp-block-paragraph\">En concret, Inma Navarro ha sigut premiada en el XXI Concurs Literari de Dons organitzat per la vicepresid\u00e8ncia i conselleria d&#8217;Igualtat i Pol\u00edtiques Inclusives, amb un primer acc\u00e8ssit lliure corresponent al relat \u201cLa Singer\u201d. Mar Busquets, per part seua, ha rebut el premi Internacional de poesia m\u00edstica del certamen literari Albacara amb el poemari \u201cExilis\u201d.&nbsp;<\/p>\n\n\n\n<p class=\"wp-block-paragraph\">Mari Trini Garc\u00eda Merino ha rebut l&#8217;esment d&#8217;honor amb el poema \u201cSilenci\u201d en el cinqu\u00e9 certamen internacional de poesia \u201cEl valor de la paraula\u201d, a m\u00e9s del tercer premi en el certamen de poesia \u201cI malgrat tot l&#8217;amor\u201d, amb el poema \u201cDespertar del dia\u201d. Finalment, \u00d3scar Hern\u00e1ndez Campano ha rebut el premi Museari 2021 en la modalitat liter\u00e0ria.&nbsp;<\/p>\n\n\n\n<p class=\"wp-block-paragraph\">L&#8217;alcalde de Riba-roja de T\u00faria, Robert Raga, ha afirmat que el reconeixement als creadors del municipi \u201cs\u00f3n fruit per la seua contribuci\u00f3 al m\u00f3n literari i de les lletres, en un moment en el qual les paraules exerceixen una funci\u00f3 m\u00e9s important que mai, en els seus aspectes de conc\u00f2rdia i entesa entre les persones i, per aix\u00f2, les quatre creadores s\u00f3n mereixedores d&#8217;aquest pronunciament del ple municipal\u201d.<\/p>\n\n\n\n<p class=\"wp-block-paragraph\"><\/p>\n","protected":false},"excerpt":{"rendered":"<div class=\"mh-excerpt\">El ple enalteix la labor liter\u00e0ria dels quatre creadors&nbsp; El ple de l&#8217;Ajuntament de Riba-roja de T\u00faria ha aprovat una proposta per a rendir un reconeixement p\u00fablic als autors i creadors literaris de la localitat <a class=\"mh-excerpt-more\" href=\"https:\/\/tucomarca.whitekongsoftware.com\/ca\/riba-roja-de-turia-aprova-un-reconeixement-als-autors-locals-que-han-rebut-premis-en-els-ultims-mesos\/\" title=\"Riba-roja de T\u00faria aprova un reconeixement als autors locals que han rebut premis en els \u00faltims mesos\">[+] <\/a><\/div>\n","protected":false},"author":12,"featured_media":126424,"comment_status":"open","ping_status":"open","sticky":false,"template":"","format":"standard","meta":{"footnotes":""},"categories":[10892,10948,10894,10904,11007,10947,10906,10896],"tags":[15585,10899,15024,15586],"class_list":["post-142020","post","type-post","status-publish","format-standard","has-post-thumbnail","category-camp-de-turia-ca","category-infraestructuras-ca","category-la-comarca-ca","category-sin-categorizar-ca","category-ocio-y-cultura-ca","category-politica","category-riba-roja-ca","category-seccion-ca","tag-autores-locales-ca","tag-camp-de-turia-ca","tag-riba-roja-de-turia-ca","tag-ultimo-pleno-ca"],"_links":{"self":[{"href":"https:\/\/tucomarca.whitekongsoftware.com\/ca\/wp-json\/wp\/v2\/posts\/142020","targetHints":{"allow":["GET"]}}],"collection":[{"href":"https:\/\/tucomarca.whitekongsoftware.com\/ca\/wp-json\/wp\/v2\/posts"}],"about":[{"href":"https:\/\/tucomarca.whitekongsoftware.com\/ca\/wp-json\/wp\/v2\/types\/post"}],"author":[{"embeddable":true,"href":"https:\/\/tucomarca.whitekongsoftware.com\/ca\/wp-json\/wp\/v2\/users\/12"}],"replies":[{"embeddable":true,"href":"https:\/\/tucomarca.whitekongsoftware.com\/ca\/wp-json\/wp\/v2\/comments?post=142020"}],"version-history":[{"count":0,"href":"https:\/\/tucomarca.whitekongsoftware.com\/ca\/wp-json\/wp\/v2\/posts\/142020\/revisions"}],"wp:featuredmedia":[{"embeddable":true,"href":"https:\/\/tucomarca.whitekongsoftware.com\/ca\/wp-json\/wp\/v2\/media\/126424"}],"wp:attachment":[{"href":"https:\/\/tucomarca.whitekongsoftware.com\/ca\/wp-json\/wp\/v2\/media?parent=142020"}],"wp:term":[{"taxonomy":"category","embeddable":true,"href":"https:\/\/tucomarca.whitekongsoftware.com\/ca\/wp-json\/wp\/v2\/categories?post=142020"},{"taxonomy":"post_tag","embeddable":true,"href":"https:\/\/tucomarca.whitekongsoftware.com\/ca\/wp-json\/wp\/v2\/tags?post=142020"}],"curies":[{"name":"wp","href":"https:\/\/api.w.org\/{rel}","templated":true}]}}