{"id":141922,"date":"2021-10-01T20:00:00","date_gmt":"2021-10-01T19:00:00","guid":{"rendered":"http:\/\/www.tucomarca.com\/wordpress\/segunda\/?p=141922"},"modified":"2021-10-02T09:55:22","modified_gmt":"2021-10-02T08:55:22","slug":"requena-utiel-registra-un-mes-de-setembre-plujos","status":"publish","type":"post","link":"https:\/\/tucomarca.whitekongsoftware.com\/ca\/requena-utiel-registra-un-mes-de-setembre-plujos\/","title":{"rendered":"Requena-Utiel registra un mes de setembre pluj\u00f3s"},"content":{"rendered":"\n<p class=\"wp-block-paragraph\">La comarca Requena-Utiel ha tingut un mes de setembre pluj\u00f3s a causa de les intenses tempestes que s&#8217;han registrat.<br>Els registres m\u00e9s destacats s&#8217;han donat a l&#8217;entorn de la ciutat de Requena, on se superen els 90 litres per metre quadrat d&#8217;aigua de pluja.<br>La quantitat mitjana de la comarca se situa entorn dels 60 litres per metre quadrat i on menys ha plogut s&#8217;han recollit al voltant dels 50 litres.<br>La pluja ha afavorit a la varietat de ra\u00efm Boval ; perqu\u00e8 ha engreixat els grans del ra\u00efm. Informa, <strong>Luis Ib\u00e1\u00f1ez.<\/strong><\/p>\n\n\n\n<p class=\"wp-block-paragraph\"><\/p>\n","protected":false},"excerpt":{"rendered":"<div class=\"mh-excerpt\">La comarca Requena-Utiel ha tingut un mes de setembre pluj\u00f3s a causa de les intenses tempestes que s&#8217;han registrat.Els registres m\u00e9s destacats s&#8217;han donat a l&#8217;entorn de la ciutat de Requena, on se superen els <a class=\"mh-excerpt-more\" href=\"https:\/\/tucomarca.whitekongsoftware.com\/ca\/requena-utiel-registra-un-mes-de-setembre-plujos\/\" title=\"Requena-Utiel registra un mes de setembre pluj\u00f3s\">[+] <\/a><\/div>\n","protected":false},"author":12,"featured_media":141921,"comment_status":"open","ping_status":"open","sticky":false,"template":"","format":"standard","meta":{"footnotes":""},"categories":[10905,10894,10903,10908,10909,10896],"tags":[12835,11099,10910,13134],"class_list":["post-141922","post","type-post","status-publish","format-standard","has-post-thumbnail","category-agricultura-la-comarca-ca","category-la-comarca-ca","category-medio-ambiente-la-comarca-ca","category-requena-ca","category-requena-utiel-ca","category-seccion-ca","tag-lluvias-intensas-ca","tag-requena-ca","tag-requena-utiel-ca","tag-tormentas-ca"],"_links":{"self":[{"href":"https:\/\/tucomarca.whitekongsoftware.com\/ca\/wp-json\/wp\/v2\/posts\/141922","targetHints":{"allow":["GET"]}}],"collection":[{"href":"https:\/\/tucomarca.whitekongsoftware.com\/ca\/wp-json\/wp\/v2\/posts"}],"about":[{"href":"https:\/\/tucomarca.whitekongsoftware.com\/ca\/wp-json\/wp\/v2\/types\/post"}],"author":[{"embeddable":true,"href":"https:\/\/tucomarca.whitekongsoftware.com\/ca\/wp-json\/wp\/v2\/users\/12"}],"replies":[{"embeddable":true,"href":"https:\/\/tucomarca.whitekongsoftware.com\/ca\/wp-json\/wp\/v2\/comments?post=141922"}],"version-history":[{"count":0,"href":"https:\/\/tucomarca.whitekongsoftware.com\/ca\/wp-json\/wp\/v2\/posts\/141922\/revisions"}],"wp:featuredmedia":[{"embeddable":true,"href":"https:\/\/tucomarca.whitekongsoftware.com\/ca\/wp-json\/wp\/v2\/media\/141921"}],"wp:attachment":[{"href":"https:\/\/tucomarca.whitekongsoftware.com\/ca\/wp-json\/wp\/v2\/media?parent=141922"}],"wp:term":[{"taxonomy":"category","embeddable":true,"href":"https:\/\/tucomarca.whitekongsoftware.com\/ca\/wp-json\/wp\/v2\/categories?post=141922"},{"taxonomy":"post_tag","embeddable":true,"href":"https:\/\/tucomarca.whitekongsoftware.com\/ca\/wp-json\/wp\/v2\/tags?post=141922"}],"curies":[{"name":"wp","href":"https:\/\/api.w.org\/{rel}","templated":true}]}}