{"id":141915,"date":"2021-10-02T09:00:00","date_gmt":"2021-10-02T08:00:00","guid":{"rendered":"http:\/\/www.tucomarca.com\/wordpress\/segunda\/?p=141915"},"modified":"2021-10-02T09:57:48","modified_gmt":"2021-10-02T08:57:48","slug":"lhall-de-la-biblioteca-municipal-de-bunol-alberga-fins-al-17-doctubre-una-exposicio-sobre-dones-cientifiques","status":"publish","type":"post","link":"https:\/\/tucomarca.whitekongsoftware.com\/ca\/lhall-de-la-biblioteca-municipal-de-bunol-alberga-fins-al-17-doctubre-una-exposicio-sobre-dones-cientifiques\/","title":{"rendered":"L&#8217;Hall de la Biblioteca Municipal de Bu\u00f1ol alberga fins al 17 d&#8217;octubre una exposici\u00f3 sobre dones cient\u00edfiques"},"content":{"rendered":"\n<h4 class=\"wp-block-heading\">Les Regidories d&#8217;Igualtat i d&#8217;Educaci\u00f3 de l&#8217;Ajuntament de Bu\u00f1ol informen que fins al 17 d&#8217;octubre l&#8217;hall de la Biblioteca P\u00fablica Municipal cronista Fernando Galarza alberga una exposici\u00f3 sobre dones cient\u00edfiques<\/h4>\n\n\n\n<p class=\"wp-block-paragraph\">Sandra Corach\u00e1n, regidora d&#8217;Igualtat del Consistori Bu\u00f1olense, confirma que fins al 17 d&#8217;octubre l&#8217;usuari de la biblioteca podr\u00e0 gaudir en l&#8217;hall d&#8217;una exposici\u00f3 de cartells de dones cient\u00edfiques, ja que el passat 24 de setembre es va celebrar el Mednight, la nit mediterr\u00e0nia de les investigadores.<br>En aquesta web es disposa de tota la informaci\u00f3 sobre el Mednight, sobre aquesta exposici\u00f3 i les dones cient\u00edfiques presents en aquesta: <a href=\"https:\/\/mednight.eu\/?lang=es\" data-type=\"URL\" data-id=\"https:\/\/mednight.eu\/?lang=es\">https:\/\/mednight.eu\/?lang=es<\/a><\/p>\n\n\n\n<p class=\"wp-block-paragraph\">Pot visitar-se en horari de Biblioteca, aix\u00ed que un atractiu m\u00e9s que s&#8217;uneix a la lluita que des de l&#8217;Ajuntament de Bu\u00f1ol sempre han capitanejat com \u00e9s la Igualtat de G\u00e8nere i la visibilitzaci\u00f3 de la dona en el m\u00f3n professional.<\/p>\n\n\n\n<p class=\"wp-block-paragraph\"><\/p>\n","protected":false},"excerpt":{"rendered":"<div class=\"mh-excerpt\">Les Regidories d&#8217;Igualtat i d&#8217;Educaci\u00f3 de l&#8217;Ajuntament de Bu\u00f1ol informen que fins al 17 d&#8217;octubre l&#8217;hall de la Biblioteca P\u00fablica Municipal cronista Fernando Galarza alberga una exposici\u00f3 sobre dones cient\u00edfiques Sandra Corach\u00e1n, regidora d&#8217;Igualtat del <a class=\"mh-excerpt-more\" href=\"https:\/\/tucomarca.whitekongsoftware.com\/ca\/lhall-de-la-biblioteca-municipal-de-bunol-alberga-fins-al-17-doctubre-una-exposicio-sobre-dones-cientifiques\/\" title=\"L&#8217;Hall de la Biblioteca Municipal de Bu\u00f1ol alberga fins al 17 d&#8217;octubre una exposici\u00f3 sobre dones cient\u00edfiques\">[+] <\/a><\/div>\n","protected":false},"author":12,"featured_media":141914,"comment_status":"open","ping_status":"open","sticky":false,"template":"","format":"standard","meta":{"footnotes":""},"categories":[11019,10911,10894,10912,11007,10896],"tags":[12104,10914,15562,15563],"class_list":["post-141915","post","type-post","status-publish","format-standard","has-post-thumbnail","category-agenda-ca","category-bunol-ca","category-la-comarca-ca","category-la-hoya-ca","category-ocio-y-cultura-ca","category-seccion-ca","tag-biblioteca-publica-municipal-de-bunol-ca","tag-la-hoya-de-bunol-chiva-ca","tag-mednight-ca","tag-mujeres-cientificas-ca"],"_links":{"self":[{"href":"https:\/\/tucomarca.whitekongsoftware.com\/ca\/wp-json\/wp\/v2\/posts\/141915","targetHints":{"allow":["GET"]}}],"collection":[{"href":"https:\/\/tucomarca.whitekongsoftware.com\/ca\/wp-json\/wp\/v2\/posts"}],"about":[{"href":"https:\/\/tucomarca.whitekongsoftware.com\/ca\/wp-json\/wp\/v2\/types\/post"}],"author":[{"embeddable":true,"href":"https:\/\/tucomarca.whitekongsoftware.com\/ca\/wp-json\/wp\/v2\/users\/12"}],"replies":[{"embeddable":true,"href":"https:\/\/tucomarca.whitekongsoftware.com\/ca\/wp-json\/wp\/v2\/comments?post=141915"}],"version-history":[{"count":0,"href":"https:\/\/tucomarca.whitekongsoftware.com\/ca\/wp-json\/wp\/v2\/posts\/141915\/revisions"}],"wp:featuredmedia":[{"embeddable":true,"href":"https:\/\/tucomarca.whitekongsoftware.com\/ca\/wp-json\/wp\/v2\/media\/141914"}],"wp:attachment":[{"href":"https:\/\/tucomarca.whitekongsoftware.com\/ca\/wp-json\/wp\/v2\/media?parent=141915"}],"wp:term":[{"taxonomy":"category","embeddable":true,"href":"https:\/\/tucomarca.whitekongsoftware.com\/ca\/wp-json\/wp\/v2\/categories?post=141915"},{"taxonomy":"post_tag","embeddable":true,"href":"https:\/\/tucomarca.whitekongsoftware.com\/ca\/wp-json\/wp\/v2\/tags?post=141915"}],"curies":[{"name":"wp","href":"https:\/\/api.w.org\/{rel}","templated":true}]}}