{"id":141909,"date":"2021-10-01T20:05:00","date_gmt":"2021-10-01T19:05:00","guid":{"rendered":"http:\/\/www.tucomarca.com\/wordpress\/segunda\/?p=141909"},"modified":"2021-10-02T10:00:52","modified_gmt":"2021-10-02T09:00:52","slug":"la-policia-local-de-bunyol-homenatja-la-seua-companya-raquel-lavilla-villar-en-el-20-aniversari-de-la-seua-defuncio-en-acte-de-servei","status":"publish","type":"post","link":"https:\/\/tucomarca.whitekongsoftware.com\/ca\/la-policia-local-de-bunyol-homenatja-la-seua-companya-raquel-lavilla-villar-en-el-20-aniversari-de-la-seua-defuncio-en-acte-de-servei\/","title":{"rendered":"La Policia Local de Bunyol homenatja la seua companya Raquel Lavilla Villar en el 20 aniversari de la seua defunci\u00f3 en acte de servei"},"content":{"rendered":"\n<figure class=\"wp-block-image size-large\"><img loading=\"lazy\" decoding=\"async\" width=\"1024\" height=\"768\" src=\"http:\/\/www.tucomarca.com\/wordpress\/segunda\/wp-content\/uploads\/2021\/10\/BunolHomenajeRaquelLavilla2-1024x768.jpg\" alt=\"\" class=\"wp-image-141906\" srcset=\"https:\/\/tucomarca.whitekongsoftware.com\/wp-content\/uploads\/2021\/10\/BunolHomenajeRaquelLavilla2-1024x768.jpg 1024w, https:\/\/tucomarca.whitekongsoftware.com\/wp-content\/uploads\/2021\/10\/BunolHomenajeRaquelLavilla2-300x225.jpg 300w, https:\/\/tucomarca.whitekongsoftware.com\/wp-content\/uploads\/2021\/10\/BunolHomenajeRaquelLavilla2-768x576.jpg 768w, https:\/\/tucomarca.whitekongsoftware.com\/wp-content\/uploads\/2021\/10\/BunolHomenajeRaquelLavilla2-1536x1153.jpg 1536w, https:\/\/tucomarca.whitekongsoftware.com\/wp-content\/uploads\/2021\/10\/BunolHomenajeRaquelLavilla2-678x509.jpg 678w, https:\/\/tucomarca.whitekongsoftware.com\/wp-content\/uploads\/2021\/10\/BunolHomenajeRaquelLavilla2-326x245.jpg 326w, https:\/\/tucomarca.whitekongsoftware.com\/wp-content\/uploads\/2021\/10\/BunolHomenajeRaquelLavilla2-80x60.jpg 80w, https:\/\/tucomarca.whitekongsoftware.com\/wp-content\/uploads\/2021\/10\/BunolHomenajeRaquelLavilla2.jpg 1599w\" sizes=\"auto, (max-width: 1024px) 100vw, 1024px\" \/><\/figure>\n\n\n\n<p class=\"wp-block-paragraph\">La Policia Local de Bu\u00f1ol ha homenatjat en el cementeri de Bu\u00f1ol a la seua companya, Raquel Lavilla Villar, en el 20 aniversari de la seua defunci\u00f3 en acte de servei amb un entranyable missatge:<\/p>\n\n\n\n<p class=\"wp-block-paragraph\"><br>&#8220;Bon dia, hui fa 20 anys que va morir la companya de la Policia Local de Bu\u00f1ol, Raquel Lavilla Villar, encara que quasi ning\u00fa es recorda d&#8217;aquesta data, tan sols els seus familiars, amics i companys, servisca el present missatge &#8216;Sempre amb nosaltres. Policia Local de Bu\u00f1ol&#8217;, per a realitzar-li aquest xicotet homenatge, per part dels quals van ser els seus companys de la Policia Local de Bu\u00f1ol. Homenatge que no ens agradaria realitzar i que tant ella com Pedro estigueren entre nosaltres&#8221;.<\/p>\n","protected":false},"excerpt":{"rendered":"<div class=\"mh-excerpt\">La Policia Local de Bu\u00f1ol ha homenatjat en el cementeri de Bu\u00f1ol a la seua companya, Raquel Lavilla Villar, en el 20 aniversari de la seua defunci\u00f3 en acte de servei amb un entranyable missatge: <a class=\"mh-excerpt-more\" href=\"https:\/\/tucomarca.whitekongsoftware.com\/ca\/la-policia-local-de-bunyol-homenatja-la-seua-companya-raquel-lavilla-villar-en-el-20-aniversari-de-la-seua-defuncio-en-acte-de-servei\/\" title=\"La Policia Local de Bunyol homenatja la seua companya Raquel Lavilla Villar en el 20 aniversari de la seua defunci\u00f3 en acte de servei\">[+] <\/a><\/div>\n","protected":false},"author":12,"featured_media":141905,"comment_status":"open","ping_status":"open","sticky":false,"template":"","format":"standard","meta":{"footnotes":""},"categories":[10911,10894,10912,10896,10897],"tags":[10913,10914,13976,15559],"class_list":["post-141909","post","type-post","status-publish","format-standard","has-post-thumbnail","category-bunol-ca","category-la-comarca-ca","category-la-hoya-ca","category-seccion-ca","category-sucesos-la-comarca-ca","tag-bunol-ca","tag-la-hoya-de-bunol-chiva-ca","tag-policia-local-de-bunol-ca","tag-raquel-lavilla-villar-ca"],"_links":{"self":[{"href":"https:\/\/tucomarca.whitekongsoftware.com\/ca\/wp-json\/wp\/v2\/posts\/141909","targetHints":{"allow":["GET"]}}],"collection":[{"href":"https:\/\/tucomarca.whitekongsoftware.com\/ca\/wp-json\/wp\/v2\/posts"}],"about":[{"href":"https:\/\/tucomarca.whitekongsoftware.com\/ca\/wp-json\/wp\/v2\/types\/post"}],"author":[{"embeddable":true,"href":"https:\/\/tucomarca.whitekongsoftware.com\/ca\/wp-json\/wp\/v2\/users\/12"}],"replies":[{"embeddable":true,"href":"https:\/\/tucomarca.whitekongsoftware.com\/ca\/wp-json\/wp\/v2\/comments?post=141909"}],"version-history":[{"count":0,"href":"https:\/\/tucomarca.whitekongsoftware.com\/ca\/wp-json\/wp\/v2\/posts\/141909\/revisions"}],"wp:featuredmedia":[{"embeddable":true,"href":"https:\/\/tucomarca.whitekongsoftware.com\/ca\/wp-json\/wp\/v2\/media\/141905"}],"wp:attachment":[{"href":"https:\/\/tucomarca.whitekongsoftware.com\/ca\/wp-json\/wp\/v2\/media?parent=141909"}],"wp:term":[{"taxonomy":"category","embeddable":true,"href":"https:\/\/tucomarca.whitekongsoftware.com\/ca\/wp-json\/wp\/v2\/categories?post=141909"},{"taxonomy":"post_tag","embeddable":true,"href":"https:\/\/tucomarca.whitekongsoftware.com\/ca\/wp-json\/wp\/v2\/tags?post=141909"}],"curies":[{"name":"wp","href":"https:\/\/api.w.org\/{rel}","templated":true}]}}